{"id":70765,"date":"2024-12-04T18:48:35","date_gmt":"2024-12-04T18:48:35","guid":{"rendered":"https:\/\/tvbrazilusa.com\/2024\/12\/04\/emocionante-torcedor-do-botafogo-narra-gol-do-titulo-da-libertadores-para-irmao-cego-na-arquibancada\/"},"modified":"2024-12-04T18:48:37","modified_gmt":"2024-12-04T18:48:37","slug":"emocionante-torcedor-do-botafogo-narra-gol-do-titulo-da-libertadores-para-irmao-cego-na-arquibancada","status":"publish","type":"post","link":"https:\/\/tvbrazilusa.com\/pt\/2024\/12\/04\/emocionante-torcedor-do-botafogo-narra-gol-do-titulo-da-libertadores-para-irmao-cego-na-arquibancada\/","title":{"rendered":"Emocionante: Torcedor do Botafogo narra gol do t\u00edtulo da Libertadores para irm\u00e3o cego na arquibancada"},"content":{"rendered":"<p> <script async src=\"https:\/\/pagead2.googlesyndication.com\/pagead\/js\/adsbygoogle.js?client=ca-pub-8864793242727901\"\r\n     crossorigin=\"anonymous\"><\/script><br \/>\n<\/p>\n<div id=\"taboola-read-more\" style=\"display:block; width:100%\">\n<p>Jair Conrado \u00e9 um torcedor do Botafogo que assistiu no Monumental de N\u00fa\u00f1ez ao t\u00edtulo da Libertadores do clube. E ele esteve ao lado do seu irm\u00e3o, que perdeu a vis\u00e3o aos dez anos de idade. Sem problemas, pois ele lhe descreveu cada instante do gol do t\u00edtulo, marcado por J\u00fanior Santos, que selou a vit\u00f3ria por 3 a 1 sobre o Atl\u00e9tico-MG.\n<\/p>\n<p>O advogado botafoguense publicou o momento em um v\u00eddeo emocionante em seu perfil no Instagram, retratando a narra\u00e7\u00e3o, a rea\u00e7\u00e3o do irm\u00e3o &#8220;Jeff\u00e3o&#8221; e o abra\u00e7o entre os dois ap\u00f3s a bola entrar.<\/p>\n<p>No lance, J\u00fanior recebeu bola esticada na frente, driblou dois marcadores do Atl\u00e9tico pr\u00f3ximos ao escanteio, e tentou tocar para Matheus Martins antes que a bola sobrasse para o camisa 11 fechar o jogo.\n<\/p>\n<p>Segundo relatado por Jair, ele e Jeff\u00e3o viajaram, 6.200 km em 6 dias para chegar a Buenos Aires, e testemunharam o jogo no &#8220;\u00faltimo lance de escadas&#8221; do Monumental.\n<\/p>\n<p>Veja o texto da publica\u00e7\u00e3o de Jair:<br \/>&#8220;Desde que voc\u00ea perdeu a vis\u00e3o eu me esfor\u00e7o para te ajudar o m\u00e1ximo poss\u00edvel. Como voc\u00ea uma vez disse, &#8216;ser seus olhos&#8217;.\n<\/p>\n<p>N\u00e3o que voc\u00ea precise, muito pelo contr\u00e1rio, se adaptou totalmente ao mundo da forma que as circunst\u00e2ncias se apresentaram.\n<\/p>\n<p>Por\u00e9m, estar naquele \u00faltimo lance de escadas do Est\u00e1dio Monumental de N\u00fa\u00f1ez com voc\u00ea, poder viver essas emo\u00e7\u00f5es que s\u00f3 o futebol proporciona, narrar os lances para que, al\u00e9m de sentir a atmosfera, voc\u00ea possa perceber tudo que est\u00e1 acontecendo nos m\u00ednimos detalhes, isso n\u00e3o tem pre\u00e7o!\n<\/p>\n<p>Vivemos o extraordin\u00e1rio nessa final, voc\u00ea maluco encarando horas e horas de viagem, e eu, como sempre, ao seu lado.\n<\/p>\n<p>Foram mais de 6.200 quil\u00f4metros e 6 dias de viagem, fora toda dificuldade enfrentada no caminho de volta. Mas estamos bem!\n<\/p>\n<p>Essa narra\u00e7\u00e3o, esse momento, atravessar\u00e1 nossas gera\u00e7\u00f5es, nossos filhos e netos ir\u00e3o ver, o que ficou eternizado no dia 30\/11\/2024.&#8221;\n<\/p>\n<p>Fonte: O Globo              <\/p>\n<\/div>\n<p><br \/>\n<br \/><a href=\"https:\/\/diariodobrasilnoticias.com.br\/noticia\/emocionante-torcedor-do-botafogo-narra-gol-do-titulo-da-libertadores-para-irmao-cego-na-arquibancada-675082a05343f\">Source link <\/a><\/p>","protected":false},"excerpt":{"rendered":"<p>Jair Conrado \u00e9 um torcedor do Botafogo que assistiu no Monumental de N\u00fa\u00f1ez ao t\u00edtulo da Libertadores do clube. E ele esteve ao lado do seu irm\u00e3o, que perdeu a&hellip;<\/p>","protected":false},"author":1,"featured_media":70766,"comment_status":"closed","ping_status":"open","sticky":false,"template":"","format":"standard","meta":{"content-type":"","footnotes":""},"categories":[16],"tags":[123,2448,5313,1267],"class_list":["post-70765","post","type-post","status-publish","format-standard","has-post-thumbnail","hentry","category-noticias","tag-brasil","tag-diario","tag-noticia","tag-noticias"],"_links":{"self":[{"href":"https:\/\/tvbrazilusa.com\/pt\/wp-json\/wp\/v2\/posts\/70765","targetHints":{"allow":["GET"]}}],"collection":[{"href":"https:\/\/tvbrazilusa.com\/pt\/wp-json\/wp\/v2\/posts"}],"about":[{"href":"https:\/\/tvbrazilusa.com\/pt\/wp-json\/wp\/v2\/types\/post"}],"author":[{"embeddable":true,"href":"https:\/\/tvbrazilusa.com\/pt\/wp-json\/wp\/v2\/users\/1"}],"replies":[{"embeddable":true,"href":"https:\/\/tvbrazilusa.com\/pt\/wp-json\/wp\/v2\/comments?post=70765"}],"version-history":[{"count":1,"href":"https:\/\/tvbrazilusa.com\/pt\/wp-json\/wp\/v2\/posts\/70765\/revisions"}],"predecessor-version":[{"id":70767,"href":"https:\/\/tvbrazilusa.com\/pt\/wp-json\/wp\/v2\/posts\/70765\/revisions\/70767"}],"wp:featuredmedia":[{"embeddable":true,"href":"https:\/\/tvbrazilusa.com\/pt\/wp-json\/wp\/v2\/media\/70766"}],"wp:attachment":[{"href":"https:\/\/tvbrazilusa.com\/pt\/wp-json\/wp\/v2\/media?parent=70765"}],"wp:term":[{"taxonomy":"category","embeddable":true,"href":"https:\/\/tvbrazilusa.com\/pt\/wp-json\/wp\/v2\/categories?post=70765"},{"taxonomy":"post_tag","embeddable":true,"href":"https:\/\/tvbrazilusa.com\/pt\/wp-json\/wp\/v2\/tags?post=70765"}],"curies":[{"name":"wp","href":"https:\/\/api.w.org\/{rel}","templated":true}]}}