{"id":70768,"date":"2024-12-04T18:45:07","date_gmt":"2024-12-04T18:45:07","guid":{"rendered":"https:\/\/tvbrazilusa.com\/2024\/12\/04\/weston-vota-contra-proposta-de-zoneamento-da-lei-de-comunidades-mbta\/"},"modified":"2024-12-04T18:54:15","modified_gmt":"2024-12-04T18:54:15","slug":"weston-vota-contra-proposta-de-zoneamento-da-lei-de-comunidades-mbta","status":"publish","type":"post","link":"https:\/\/tvbrazilusa.com\/pt\/2024\/12\/04\/weston-vota-contra-proposta-de-zoneamento-da-lei-de-comunidades-mbta\/","title":{"rendered":"Weston vota contra proposta de zoneamento da Lei de Comunidades MBTA"},"content":{"rendered":"<p> <script async src=\"https:\/\/pagead2.googlesyndication.com\/pagead\/js\/adsbygoogle.js?client=ca-pub-8864793242727901\"\r\n     crossorigin=\"anonymous\"><\/script><br \/>\n<\/p>\n<div id=\"\">\n<header class=\"m-article-header m-article-header--standard\">\n\t\t\t\t\t\t\t\t\t\t\t\t<span id=\"article-header-primary-term\"><br \/>\n\t\t\t\t\t\t\t\t<a class=\"a-term a-term--primary\" href=\"https:\/\/www.boston.com\/tag\/local-news\/\"><\/p>\n<p>\t\t\t\t\t\t\t\tNot\u00edcias locais\t\t\t\t\t\t\t\t<\/a><br \/>\n\t\t\t\t\t\t\t<\/span><\/p>\n<h2 class=\"m-article-header__sub-headline\">A cidade pode ficar ineleg\u00edvel para alguns subs\u00eddios estaduais se n\u00e3o cumprir a lei at\u00e9 o final do ano.<\/h2>\n<figure class=\"a-photo m-article-header__photo\"><figcaption class=\"a-photo__caption\">\n<p>\tUm trem suburbano MBTA de sa\u00edda deixa os passageiros na parada de Wellesley Farms.  <em> Equipe Lane Turner\/Globo<\/em>\t<\/figcaption><\/figure>\n<\/header>\n<p>Numa reuni\u00e3o municipal especial na noite de ter\u00e7a-feira, os eleitores de Weston rejeitaram uma proposta de rezoneamento que teria tornado a cidade compat\u00edvel com a recente lei estadual de habita\u00e7\u00e3o multifamiliar, colocando a cidade em risco de a\u00e7\u00e3o punitiva por parte do estado.<\/p>\n<div class=\"m-block t-amp__list-container m-article-list-container m-article-list-container--frame-border a-border-frame  a-list-header__headline--red m-article-list--alternative--default  m-article-list--floated\">\n<ul class=\"t-amp__list a-list--no-style m-article-list m-article-list--recirculation m-article-list--has-images\">\n<li class=\"m-article-list__item m-article-list__item--featured\">\n\t\t\t<a class=\"m-article-list__link-wrapper\" href=\"https:\/\/www.boston.com\/news\/local-news\/2024\/10\/17\/map-mbta-communities-whats-next-for-your-town\/?p1=article_recirc_inline_feature\" data-p1=\"article_recirc_inline_feature\"><br \/>\n\t\t\t\t<img fetchpriority=\"high\" decoding=\"async\" width=\"768\" height=\"432\" src=\"https:\/\/bdc2020.o0bc.com\/wp-content\/uploads\/2024\/10\/s3___bgmp-arc_arc-feeds_generic-photos_to-arc_ryanTzones3biz-670ffc902ad9e-768x432.jpg\" class=\"t-amp__list-image m-article-list__image m-article-list__image--full\" alt=\"\" aria-hidden=\"true\" srcset=\"https:\/\/bdc2020.o0bc.com\/wp-content\/uploads\/2024\/10\/s3___bgmp-arc_arc-feeds_generic-photos_to-arc_ryanTzones3biz-670ffc902ad9e-768x432.jpg?width=200 200w, https:\/\/bdc2020.o0bc.com\/wp-content\/uploads\/2024\/10\/s3___bgmp-arc_arc-feeds_generic-photos_to-arc_ryanTzones3biz-670ffc902ad9e-768x432.jpg?width=300 300w, https:\/\/bdc2020.o0bc.com\/wp-content\/uploads\/2024\/10\/s3___bgmp-arc_arc-feeds_generic-photos_to-arc_ryanTzones3biz-670ffc902ad9e-768x432.jpg?width=400 400w, https:\/\/bdc2020.o0bc.com\/wp-content\/uploads\/2024\/10\/s3___bgmp-arc_arc-feeds_generic-photos_to-arc_ryanTzones3biz-670ffc902ad9e-768x432.jpg?width=500 500w, https:\/\/bdc2020.o0bc.com\/wp-content\/uploads\/2024\/10\/s3___bgmp-arc_arc-feeds_generic-photos_to-arc_ryanTzones3biz-670ffc902ad9e-768x432.jpg?width=600 600w, https:\/\/bdc2020.o0bc.com\/wp-content\/uploads\/2024\/10\/s3___bgmp-arc_arc-feeds_generic-photos_to-arc_ryanTzones3biz-670ffc902ad9e-768x432.jpg?width=700 700w, https:\/\/bdc2020.o0bc.com\/wp-content\/uploads\/2024\/10\/s3___bgmp-arc_arc-feeds_generic-photos_to-arc_ryanTzones3biz-670ffc902ad9e-768x432.jpg?width=800 800w, https:\/\/bdc2020.o0bc.com\/wp-content\/uploads\/2024\/10\/s3___bgmp-arc_arc-feeds_generic-photos_to-arc_ryanTzones3biz-670ffc902ad9e-768x432.jpg?width=900 900w\" sizes=\"(max-width: 768px) 100vw, 768px\"\/>\t\t\t\t\t<\/p>\n<p><h4 class=\"m-article-list__headline t-amp__list-headline\">\n\t\t\t\t\t\t\t<span class=\"m-article-list__link a-link a-link--inline a-link--text-link a-link--text-link-dark\"><\/p>\n<p>\t\t\t\t\t\t\tMapa: O prazo se aproxima para 130 comunidades MBTA. O que vem por a\u00ed para sua cidade.\t\t\t\t\t\t\t<\/span><br \/>\n\t\t\t\t\t\t<\/h4>\n<\/p>\n<p>\t\t\t\t<\/a>\n\t\t\t<\/li>\n<\/ul>\n<\/div>\n<p>A cidade votou contra a altera\u00e7\u00e3o do estatuto de zoneamento para aderir ao <a href=\"https:\/\/www.mass.gov\/info-details\/multi-family-zoning-requirement-for-mbta-communities\">Lei das Comunidades MBTA<\/a>confirmou a gerente municipal assistente Lisa J. Yanakakis. <\/p>\n<p>Cento e noventa e cinco pessoas votaram a favor da emenda, 544 votaram contra e cinco se abstiveram, disse Yanakakis ao Boston.com.<\/p>\n<p>Assinada em 2021 pelo ex-governador Charlie Baker, a lei exige que certos munic\u00edpios de Massachusetts fa\u00e7am um novo zoneamento para moradias multifamiliares perto das esta\u00e7\u00f5es MBTA, em um esfor\u00e7o para resolver a crise imobili\u00e1ria do estado. <\/p>\n<p>\u201cA falta de zoneamento para moradias multifamiliares \u00e9 uma barreira para o desenvolvimento de novas moradias em Massachusetts\u201d, <a href=\"https:\/\/www.mass.gov\/info-details\/multi-family-zoning-requirement-for-mbta-communities\">o site do ato diz<\/a>. \u201cAo permitir moradias multifamiliares perto do tr\u00e2nsito, podemos criar novas moradias em bairros acess\u00edveis a p\u00e9, mais pr\u00f3ximos do tr\u00e2nsito. Esta n\u00e3o \u00e9 apenas uma boa pol\u00edtica habitacional, \u00e9 tamb\u00e9m uma boa pol\u00edtica clim\u00e1tica e de transportes.\u201d<\/p>\n<p>Como <a href=\"https:\/\/www.boston.com\/news\/local-news\/2024\/10\/17\/map-mbta-communities-whats-next-for-your-town\/\">130 outras cidades<\/a>Weston tem um prazo de conformidade at\u00e9 31 de dezembro de 2024. O estado classificou Weston &#8211; uma comunidade sofisticada a oeste de Newton e Waltham &#8211; como uma \u201ccomunidade MBTA de trens urbanos\u201d, o que significa que tem pelo menos 100 acres de \u00e1rea desenvolv\u00edvel associada a um ou mais esta\u00e7\u00f5es ferrovi\u00e1rias suburbanas. <\/p>\n<p>Weston \u00e9 obrigado a rezonear 50 acres para permitir a capacidade multifamiliar de 750 unidades, e 40% dos 50 acres e 40% das 750 unidades precisam estar dentro de um raio de meia milha das esta\u00e7\u00f5es Kendal Green, Riverside e\/ou Wellesley Farms , <a href=\"https:\/\/www.westonma.gov\/DocumentCenter\/View\/38163\/Mapping-Workshop-Handout-11x17#:~:text=General%20Requirements%20for%203A%20in%20all%20MBTA%20Communities&#038;text=Zones%20in%20each%20community%20must,least%2015%20units%20per%20acre.&#038;text=Each%20distinct%20multi%2Dfamily%20zone,least%205%20acres%20in%20size.&#038;text=At%20least%20half%20the%20required,25%20acres)%20must%20be%20contiguous.\">de acordo com a cidade<\/a>. O zoneamento para os 30 acres e 450 unidades restantes pode ser localizado em qualquer lugar em Weston.<\/p>\n<p><iframe src=\"https:\/\/www.google.com\/maps\/embed?pb=!1m18!1m12!1m3!1d47172.534009901334!2d-71.29569844999999!3d42.3577979!2m3!1f0!2f0!3f0!3m2!1i1024!2i768!4f13.1!3m3!1m2!1s0x89e3848889e85687%3A0xd3d2228281df7282!2sWeston%2C%20MA%2002493!5e0!3m2!1sen!2sus!4v1733337420710!5m2!1sen!2sus\" width=\"600\" height=\"450\" style=\"border:0;\" allowfullscreen=\"\" loading=\"lazy\" referrerpolicy=\"no-referrer-when-downgrade\"><\/iframe><\/p>\n<p>Em 2023, Lexington tornou-se a primeira cidade a cumprir a lei, e quase 1.000 novos apartamentos e condom\u00ednios est\u00e3o em vias de serem constru\u00eddos sob as novas regras, <a href=\"https:\/\/www.bostonglobe.com\/2024\/12\/03\/business\/lexington-mbta-communities-housing\/\"><em>O Globo de Boston <\/em>relatado<\/a>. <\/p>\n<p>No entanto, a Lei das Comunidades MBTA encontrou oposi\u00e7\u00e3o de muitos residentes de cidades em Massachusetts, que consideram a lei um exagero. Em Milton, um <a href=\"https:\/\/www.townofmilton.org\/301\/MBTA-Communities-Multi-Family-Zoning-Req\">referendo em toda a cidade<\/a> invalidou um artigo que teria tornado Milton compat\u00edvel com a lei, resultando em um <a href=\"https:\/\/www.boston.com\/news\/local-news\/2024\/03\/28\/milton-responds-to-ags-suit-to-force-multifamily-housing-zoning\/\">a\u00e7\u00e3o judicial<\/a> contra a cidade movida pelo Gabinete do Procurador-Geral de Massachusetts. <\/p>\n<p>Mas apesar dos avisos de que o cumprimento \u00e9 obrigat\u00f3rio, alguns munic\u00edpios como Weston continuam a reagir.<\/p>\n<p>\u201cO cumprimento da Lei de Zoneamento de Comunidades da MBTA n\u00e3o \u00e9 apenas obrigat\u00f3rio, \u00e9 uma ferramenta essencial para a Commonwealth enfrentar sua crise habitacional junto com nossos objetivos clim\u00e1ticos e de transporte\u201d, Procuradora-Geral Andrea Joy Campbell <a href=\"https:\/\/www.mass.gov\/news\/ag-campbell-issues-advisory-on-requirements-of-mbta-communities-zoning-law\">disse em um comunicado<\/a> ano passado. \u201cEmbora a crise imobili\u00e1ria afete desproporcionalmente as comunidades de cor e as fam\u00edlias pobres e trabalhadoras, ela amea\u00e7a a todos n\u00f3s, juntamente com a nossa economia, e, portanto, exige que todos fa\u00e7amos a nossa parte, incluindo garantir o desenvolvimento adequado de moradias acess\u00edveis e orientadas para o tr\u00e2nsito para nossos residentes. e fam\u00edlias.\u201d <\/p>\n<p>Como outras cidades, o n\u00e3o cumprimento da lei pode resultar na perda de elegibilidade de Weston para certos subs\u00eddios estaduais. <\/p>\n<p>Ainda assim, em maio <a href=\"https:\/\/storage.googleapis.com\/civilspace-zencity-us\/YkRxiX17ZhNDJ9NVCVjSdpzx?GoogleAccessId=zencity-us-tf%40civilspace-engagement-tool.iam.gserviceaccount.com&#038;Expires=1733330652&#038;Signature=lyuz5TJHkZjWtBUBpG8FNutsVSpPytOl3GPfKXSN%2FSCQ9Omm2xmOZRgPqArJrKDPcMkJIyP2gHPkDT2Q5QvCsB9pGtqLlx4A7Wq%2Bz6Ty8ddhCrj8fYwcgd8af829OG2m1GyWP6K5LLZj%2B09LNvD43T9PQ%2BZtytaNXcZVWetD7s1sGh4qLJadsYCskWfa0cgTMcrtHFWlyLwB8inDY1TXUE%2Bq3k6tl%2BVw%2FoZnTcjefhFowAQvFyjJTOmsR2gBMRUSk1mU0HX4kBQ95hRC3WXXCkZobW%2FoATP4Thr23LpyDXIYV3xL7YE0GhbCXQ1VmJofMVDA9DUmgd5LFg9E2k2oCw%3D%3D&#038;response-content-disposition=inline%3B+filename%3D%22Survey+2+Summary.pdf%22%3B+filename%2A%3DUTF-8%27%27Survey%25202%2520Summary.pdf&#038;response-content-type=application%2Fpdf\">enquete<\/a> dos 131 residentes de Weston, 60% disseram que estavam pelo menos \u201cum pouco confort\u00e1veis\u201d com o risco de a\u00e7\u00e3o disciplinar por parte do estado, \u201cincluindo perda de financiamento e aplica\u00e7\u00e3o por parte do Procurador-Geral\u201d.<\/p>\n<p>\u201cA conformidade com o Cap\u00edtulo 3A \u00e9 um processo din\u00e2mico e tudo isso \u00e9 um territ\u00f3rio novo\u201d, disse Leslie Glynn, presidente do Conselho de Planejamento de Weston. <a href=\"https:\/\/weston-ma.civilspace.io\/en\/projects\/mbta-multi-family-housing\">disse em um comunicado<\/a> antes da vota\u00e7\u00e3o de ter\u00e7a-feira \u00e0 noite. \u201cContaremos com todos os Conselhos e Comit\u00eas da cidade para apoiar este esfor\u00e7o de acordo com sua compet\u00eancia.\u201d<\/p>\n<div class=\"o-author-single has-avatar\">\n<header class=\"m-author-card\">\n<div class=\"a-image a-image--square m-author-card__image\">\n\t\t<img decoding=\"async\" class=\"\" src=\"https:\/\/www.boston.com\/wp-content\/uploads\/2024\/09\/cropped-1708366528224-66f6a3bb1db19-66f6a3c33f251.jpg\" alt=\"Imagem do perfil de Lindsay Shachnow\"\/>\t<\/div>\n<\/header>\n<section class=\"author-info\">\n<div class=\"m-author__section\">\n<p>Lindsay Shachnow cobre not\u00edcias de atribui\u00e7\u00f5es gerais para <a href=\"http:\/\/boston.com\/\">Boston.com<\/a>reportando as \u00faltimas not\u00edcias, crimes e pol\u00edtica em toda a Nova Inglaterra.<\/p>\n<\/div>\n<\/section>\n<\/div>\n<div class=\"m-block m-generic-cta\t m-generic-cta--post-content\t m-generic-cta--dark\t m-generic-cta--homepage\t m-generic-cta--email-signup\t\t m-generic-cta-block-style--default \tt-amp__generic-cta\"><\/p>\n<div class=\"m-generic-cta__wrap\">\n<div class=\"m-generic-cta__content\">\n<h3 class=\"m-generic-cta__title\">Boston.com hoje<\/h3>\n<p class=\"m-generic-cta__subtitle\">Inscreva-se para receber as \u00faltimas manchetes em sua caixa de entrada todas as manh\u00e3s.<\/p>\n<\/p><\/div>\n<\/p><\/div>\n<\/div><\/div>\n<p><script>\n\t\tvar consent=\"grant\";\n\t\t\/* The above code is parsing the JSON data from the local storage and storing it in a variable. *\/\n\t\t\t\t\tconst onetrustStorageConsent = JSON.parse(localStorage.getItem( 'consent_one_trust_bdc' ) );\n\t\t\tif ( ( onetrustStorageConsent !== null ) ) {\n\t\t\t\t\/* Checking to see if the user has consented to the use of cookies.\n\t\t\t\t* If they have not, it is deleting the cookie.\n\t\t\t\t* This will comment for now, until further notice.\n\t\t\t\t*\/\n\t\t\t\t\/\/if ( onetrustStorageConsent.C0002 === false ) {\n\t\t\t\t\/\/\tdocument.cookie=\"_fbp=;expires=Thu, 01 Jan 2010 00:00:00 UTC; path=\/; domain=.boston.com\";\n\t\t\t\t\/\/}\n\t\t\t\t\/* Checking if the user has given consent for the cookie C0002.\n\t\t\t\t* If the user has given consent, the variable consent will be set to 'grant'.\n\t\t\t\t* If the user has not given consent,the variable consent will be set to 'revoke'.\n\t\t\t\t* Documentation https:\/\/developers.facebook.com\/docs\/meta-pixel\/implementation\/gdpr\n\t\t\t\t*\/\n\t\t\t\tif ( onetrustStorageConsent.C0002 !== true ) {\n\t\t\t\t\tconsent=\"revoke\";\n\t\t\t\t}\n\t\t\t}\n\t\t\t\t!function(f,b,e,v,n,t,s)\n\t\t{if(f.fbq)return;n=f.fbq=function(){n.callMethod?\n\t\tn.callMethod.apply(n,arguments):n.queue.push(arguments)};\n\t\tif(!f._fbq)f._fbq=n;n.push=n;n.loaded=!0;n.version='2.0';\n\t\tn.queue=[];t=b.createElement(e);t.async=!0;\n\t\tt.src=v;s=b.getElementsByTagName(e)[0];\n\t\ts.parentNode.insertBefore(t,s)}(window, document,'script',\n\t\t'https:\/\/connect.facebook.net\/en_US\/fbevents.js');\n\t\tfbq('consent', consent);\n\t\tfbq('init', '989222871864976');\n\t\tfbq('track', 'PageView');\n\t<\/script><script type=\"module\">\n\t\tvar consent=\"grant\";\n\t\t\/* The above code is parsing the JSON data from the local storage and storing it in a variable. *\/\n\t\t\tconst onetrustStorageConsent = JSON.parse(localStorage.getItem( 'consent_one_trust_bdc' ) );\n\t\t\t\/* Checking to see if the user has consented to the use of cookies.\n\t\t\t* If they have not, it is deleting the cookie.\n\t\t\t* This will comment for now, until further notice.\n\t\t\t*\/\n\t\t\t\/\/if ( onetrustStorageConsent.C0002 === false ) {\n\t\t\t\/\/\tdocument.cookie=\"_fbp=;expires=Thu, 01 Jan 2010 00:00:00 UTC; path=\/; domain=.boston.com\";\n\t\t\t\/\/}\n\t\t\t\/* Checking if the user has given consent for the cookie C0002.\n\t\t\t* If the user has given consent, the variable consent will be set to 'grant'.\n\t\t\t* If the user has not given consent,the variable consent will be set to 'revoke'.\n\t\t\t* Documentation https:\/\/developers.facebook.com\/docs\/meta-pixel\/implementation\/gdpr\n\t\t\t*\/\n\t\t\tif ( ( onetrustStorageConsent !== null ) && (onetrustStorageConsent.C0002 !== true ) ) {\n\t\t\t\tconsent=\"revoke\";\n\t\t\t}\n\t\t\t\t!function(f,b,e,v,n,t,s){if(f.fbq)return;n=f.fbq=function()\n\t\t{n.callMethod? n.callMethod.apply(n,arguments):n.queue.push(arguments)}\n\t\t;if(!f._fbq)f._fbq=n;\n\t\tn.push=n;n.loaded=!0;n.version='2.0';n.queue=[];t=b.createElement(e);t.async=!0;\n\t\tt.src=v;s=b.getElementsByTagName(e)[0];s.parentNode.insertBefore(t,s)}(window,\n\t\tdocument,'script','https:\/\/connect.facebook.net\/en_US\/fbevents.js');\n\t\tfbq('consent', consent);\n\t\tfbq('init', '813236348753005');\n\t\tfbq('track', \"PageView\");\n\t<\/script><br \/>\n<br \/><br \/>\n<br \/><a href=\"https:\/\/www.boston.com\/news\/local-news\/2024\/12\/04\/weston-votes-down-mbta-communities-act\/\">Source link <\/a><\/p>","protected":false},"excerpt":{"rendered":"<p>Not\u00edcias locais A cidade pode ficar ineleg\u00edvel para alguns subs\u00eddios estaduais se n\u00e3o cumprir a lei at\u00e9 o final do ano. Um trem suburbano MBTA de sa\u00edda deixa os passageiros&hellip;<\/p>","protected":false},"author":1,"featured_media":70769,"comment_status":"closed","ping_status":"open","sticky":false,"template":"","format":"standard","meta":{"content-type":"","footnotes":""},"categories":[1],"tags":[],"class_list":["post-70768","post","type-post","status-publish","format-standard","has-post-thumbnail","hentry","category-uncategorized"],"_links":{"self":[{"href":"https:\/\/tvbrazilusa.com\/pt\/wp-json\/wp\/v2\/posts\/70768","targetHints":{"allow":["GET"]}}],"collection":[{"href":"https:\/\/tvbrazilusa.com\/pt\/wp-json\/wp\/v2\/posts"}],"about":[{"href":"https:\/\/tvbrazilusa.com\/pt\/wp-json\/wp\/v2\/types\/post"}],"author":[{"embeddable":true,"href":"https:\/\/tvbrazilusa.com\/pt\/wp-json\/wp\/v2\/users\/1"}],"replies":[{"embeddable":true,"href":"https:\/\/tvbrazilusa.com\/pt\/wp-json\/wp\/v2\/comments?post=70768"}],"version-history":[{"count":1,"href":"https:\/\/tvbrazilusa.com\/pt\/wp-json\/wp\/v2\/posts\/70768\/revisions"}],"predecessor-version":[{"id":70770,"href":"https:\/\/tvbrazilusa.com\/pt\/wp-json\/wp\/v2\/posts\/70768\/revisions\/70770"}],"wp:featuredmedia":[{"embeddable":true,"href":"https:\/\/tvbrazilusa.com\/pt\/wp-json\/wp\/v2\/media\/70769"}],"wp:attachment":[{"href":"https:\/\/tvbrazilusa.com\/pt\/wp-json\/wp\/v2\/media?parent=70768"}],"wp:term":[{"taxonomy":"category","embeddable":true,"href":"https:\/\/tvbrazilusa.com\/pt\/wp-json\/wp\/v2\/categories?post=70768"},{"taxonomy":"post_tag","embeddable":true,"href":"https:\/\/tvbrazilusa.com\/pt\/wp-json\/wp\/v2\/tags?post=70768"}],"curies":[{"name":"wp","href":"https:\/\/api.w.org\/{rel}","templated":true}]}}