{"id":70771,"date":"2024-12-04T19:00:57","date_gmt":"2024-12-04T19:00:57","guid":{"rendered":"https:\/\/tvbrazilusa.com\/2024\/12\/04\/eduardo-bolsonaro-visita-brasileiros-presos-na-argentina\/"},"modified":"2024-12-04T19:00:58","modified_gmt":"2024-12-04T19:00:58","slug":"eduardo-bolsonaro-visita-brasileiros-presos-na-argentina","status":"publish","type":"post","link":"https:\/\/tvbrazilusa.com\/pt\/2024\/12\/04\/eduardo-bolsonaro-visita-brasileiros-presos-na-argentina\/","title":{"rendered":"Eduardo Bolsonaro visita brasileiros presos na Argentina"},"content":{"rendered":"<p> <script async src=\"https:\/\/pagead2.googlesyndication.com\/pagead\/js\/adsbygoogle.js?client=ca-pub-8864793242727901\"\r\n     crossorigin=\"anonymous\"><\/script><br \/>\n<\/p>\n<div id=\"taboola-read-more\" style=\"display:block; width:100%\">\n<p>O deputado federal Eduardo Bolsonaro (PL-SP) est\u00e1 na Argentina, onde teve in\u00edcio nesta quarta-feira (4) uma nova edi\u00e7\u00e3o da Confer\u00eancia de A\u00e7\u00e3o Pol\u00edtica Conservadora (CPAC). Antes do evento, no entanto, o parlamentar visitou dois brasileiros que foram presos na Argentina por ordem do ministro Alexandre de Moraes, do Supremo Tribunal Federal (STF).\n<\/p>\n<p>Os brasileiros foram presos na a\u00e7\u00e3o que condenou os envolvidos nos protestos de 8 de janeiro de 2023. De acordo com Eduardo, o objetivo da visita \u00e9 \u201clevar uma palavra de alento e conhecer juridicamente em detalhes t\u00e9cnicos a defesa deles, al\u00e9m de fazer valer os acordos internacionais\u201d.<\/p>\n<p>\u2013 A gente est\u00e1 aqui pra buscar a liberdade que a gente perdeu (\u2026) Pessoas que est\u00e3o sendo condenadas injustamente como se fossem terroristas. \u00c9 simplesmente desumano! \u2013 disse o deputado.\n<\/p>\n<p>O parlamentar conversou com Vivi, esposa de Rodrigo de Freitas Moro, e Agnes, filha de Joelton Gusm\u00e3o de Oliveira. Ambos foram condenados a 17 anos.\n<\/p>\n<p>\u2013 S\u00f3 tem eu e meus filhos aqui\u2026 A fam\u00edlia s\u00e3o os patriotas que t\u00eam nos ajudado. Estamos sobrevivendo com ajuda das pessoas, da igreja \u2013 disse Vivi.\n<\/p>\n<p>\u2013 Viemos para c\u00e1 para ter a nossa liberdade, coisa que n\u00e3o est\u00e1vamos tendo l\u00e1 [no Brasil] \u2013 continuou, dizendo que o marido foi preso porque estava \u201ccom uma bandeira e uma garrafinha na m\u00e3o\u201d.\n<\/p>\n<p>J\u00e1 Agnes, alega que no processo que incrimina seu pai \u201cn\u00e3o tem v\u00eddeo dele, n\u00e3o tem nada\u201d.\n<\/p>\n<p>Rodrigo e Joelton est\u00e3o entre os 61 condenados considerados foragidos pelo STF. Em uma determina\u00e7\u00e3o judicial, emitida pela 3\u00aa Vara Federal da Justi\u00e7a Argentina a pedido do Supremo, foi estabelecido que eles fossem detidos e colocados \u00e0 disposi\u00e7\u00e3o da Justi\u00e7a para o processo de extradi\u00e7\u00e3o para o Brasil.\n<\/p>\n<p>Eduardo Bolsonaro disse estar \u00e0 disposi\u00e7\u00e3o para ajudar e fez um apelo durante a grava\u00e7\u00e3o.\n<\/p>\n<p>\u2013 Se voc\u00ea est\u00e1 no Brasil nos vendo e entender que est\u00e1 ocorrendo uma injusti\u00e7a e possa fazer alguma coisa para ajudar (\u2026) N\u00e3o h\u00e1 mal que dure para sempre. Deus queira que a gente esteja num momento pr\u00f3ximo dessa inflex\u00e3o. Porque eu acredito muito na justi\u00e7a divina, mas a gente tem que fazer por onde aqui na Terra.\n<\/p>\n<p>Fonte: Pleno News              <\/p>\n<\/div>\n<p><br \/>\n<br \/><a href=\"https:\/\/diariodobrasilnoticias.com.br\/noticia\/eduardo-bolsonaro-visita-brasileiros-presos-na-argentina-6750893e9e0a0\">Source link <\/a><\/p>","protected":false},"excerpt":{"rendered":"<p>O deputado federal Eduardo Bolsonaro (PL-SP) est\u00e1 na Argentina, onde teve in\u00edcio nesta quarta-feira (4) uma nova edi\u00e7\u00e3o da Confer\u00eancia de A\u00e7\u00e3o Pol\u00edtica Conservadora (CPAC). Antes do evento, no entanto,&hellip;<\/p>","protected":false},"author":1,"featured_media":70772,"comment_status":"closed","ping_status":"open","sticky":false,"template":"","format":"standard","meta":{"content-type":"","footnotes":""},"categories":[16],"tags":[123,2448,5313,1267],"class_list":["post-70771","post","type-post","status-publish","format-standard","has-post-thumbnail","hentry","category-noticias","tag-brasil","tag-diario","tag-noticia","tag-noticias"],"_links":{"self":[{"href":"https:\/\/tvbrazilusa.com\/pt\/wp-json\/wp\/v2\/posts\/70771","targetHints":{"allow":["GET"]}}],"collection":[{"href":"https:\/\/tvbrazilusa.com\/pt\/wp-json\/wp\/v2\/posts"}],"about":[{"href":"https:\/\/tvbrazilusa.com\/pt\/wp-json\/wp\/v2\/types\/post"}],"author":[{"embeddable":true,"href":"https:\/\/tvbrazilusa.com\/pt\/wp-json\/wp\/v2\/users\/1"}],"replies":[{"embeddable":true,"href":"https:\/\/tvbrazilusa.com\/pt\/wp-json\/wp\/v2\/comments?post=70771"}],"version-history":[{"count":1,"href":"https:\/\/tvbrazilusa.com\/pt\/wp-json\/wp\/v2\/posts\/70771\/revisions"}],"predecessor-version":[{"id":70773,"href":"https:\/\/tvbrazilusa.com\/pt\/wp-json\/wp\/v2\/posts\/70771\/revisions\/70773"}],"wp:featuredmedia":[{"embeddable":true,"href":"https:\/\/tvbrazilusa.com\/pt\/wp-json\/wp\/v2\/media\/70772"}],"wp:attachment":[{"href":"https:\/\/tvbrazilusa.com\/pt\/wp-json\/wp\/v2\/media?parent=70771"}],"wp:term":[{"taxonomy":"category","embeddable":true,"href":"https:\/\/tvbrazilusa.com\/pt\/wp-json\/wp\/v2\/categories?post=70771"},{"taxonomy":"post_tag","embeddable":true,"href":"https:\/\/tvbrazilusa.com\/pt\/wp-json\/wp\/v2\/tags?post=70771"}],"curies":[{"name":"wp","href":"https:\/\/api.w.org\/{rel}","templated":true}]}}