{"id":70774,"date":"2024-12-04T19:01:56","date_gmt":"2024-12-04T19:01:56","guid":{"rendered":"https:\/\/tvbrazilusa.com\/2024\/12\/04\/outra-explosao-no-artico-esta-chegando-e-um-sinal-do-que-esta-por-vir-neste-inverno\/"},"modified":"2024-12-04T19:06:26","modified_gmt":"2024-12-04T19:06:26","slug":"outra-explosao-no-artico-esta-chegando-e-um-sinal-do-que-esta-por-vir-neste-inverno","status":"publish","type":"post","link":"https:\/\/tvbrazilusa.com\/pt\/2024\/12\/04\/outra-explosao-no-artico-esta-chegando-e-um-sinal-do-que-esta-por-vir-neste-inverno\/","title":{"rendered":"Outra explos\u00e3o no \u00c1rtico est\u00e1 chegando. \u00c9 um sinal do que est\u00e1 por vir neste inverno?"},"content":{"rendered":"<p> <script async src=\"https:\/\/pagead2.googlesyndication.com\/pagead\/js\/adsbygoogle.js?client=ca-pub-8864793242727901\"\r\n     crossorigin=\"anonymous\"><\/script><br \/>\n<\/p>\n<div id=\"\">\n<header class=\"m-article-header m-article-header--standard\">\n\t\t\t\t\t\t\t\t\t\t\t\t<span id=\"article-header-primary-term\"><br \/>\n\t\t\t\t\t\t\t\t<a class=\"a-term a-term--primary\" href=\"https:\/\/www.boston.com\/tag\/weather\/\"><\/p>\n<p>\t\t\t\t\t\t\t\tClima\t\t\t\t\t\t\t\t<\/a><br \/>\n\t\t\t\t\t\t\t<\/span><\/p>\n<h2 class=\"m-article-header__sub-headline\">Os flocos voar\u00e3o na Nova Inglaterra para longe da costa, levando a acumula\u00e7\u00f5es moderadas nas montanhas do oeste de Massachusetts, Vermont, New Hampshire e Maine.<\/h2>\n<figure class=\"a-photo m-article-header__photo\"><figcaption class=\"a-photo__caption\">\n<p>\tUma mulher est\u00e1 preparada para o frio l\u00e1 fora na Essex Street, em Boston, em 2018. <em> Craig F. Walker\/equipe da Globe<\/em>\t<\/figcaption><\/figure>\n<div class=\"m-article-header__meta\">\n<div class=\"m-article-header__byline\">\n<p class=\"m-article-header__author\">\n<p>\t\t\t\t\t\t\t\tPor Ben Noll, Washington Post\t\t\t\t\t\t\t<\/p>\n<p>\t\t\t\t\t\t\t\t\t\t\t\t\t\t\t<time class=\"m-article-header__date\"><\/p>\n<p>\t\t\t\t\t\t\t\t\t4 de dezembro de 2024 | 14h01\t\t\t\t\t\t\t\t<\/time><\/p><\/div>\n<\/p><\/div>\n<\/header>\n<p>Outra rodada de ar gelado est\u00e1 se dirigindo para o Centro-Oeste e a Costa Leste esta semana, provocando mais neve, condi\u00e7\u00f5es perigosas de viagem e ventos gelados em 30 estados, de Dakota do Norte \u00e0 Ge\u00f3rgia. Pode at\u00e9 deixar os moradores se perguntando: isso \u00e9 um sinal do que est\u00e1 por vir no resto do inverno?<\/p>\n<div class=\"m-block t-amp__list-container m-article-list-container m-article-list-container--frame-border a-border-frame  a-list-header__headline--red m-article-list--alternative--default  m-article-list--floated\">\n<ul class=\"t-amp__list a-list--no-style m-article-list m-article-list--recirculation m-article-list--has-images\">\n<li class=\"m-article-list__item m-article-list__item--featured\">\n\t\t\t<a class=\"m-article-list__link-wrapper\" href=\"https:\/\/www.boston.com\/weather\/weather\/2024\/12\/04\/5-maps-predict-snow-arriving-to-mass-this-week\/?p1=article_recirc_inline_feature\" data-p1=\"article_recirc_inline_feature\"><br \/>\n\t\t\t\t<img fetchpriority=\"high\" decoding=\"async\" width=\"768\" height=\"432\" src=\"https:\/\/bdc2020.o0bc.com\/wp-content\/uploads\/2024\/12\/Gd51rTQbAAAh1Pu-67506b7154ea9-768x432.jpeg\" class=\"t-amp__list-image m-article-list__image m-article-list__image--full\" alt=\"\" aria-hidden=\"true\" srcset=\"https:\/\/bdc2020.o0bc.com\/wp-content\/uploads\/2024\/12\/Gd51rTQbAAAh1Pu-67506b7154ea9-768x432.jpeg?width=200 200w, https:\/\/bdc2020.o0bc.com\/wp-content\/uploads\/2024\/12\/Gd51rTQbAAAh1Pu-67506b7154ea9-768x432.jpeg?width=300 300w, https:\/\/bdc2020.o0bc.com\/wp-content\/uploads\/2024\/12\/Gd51rTQbAAAh1Pu-67506b7154ea9-768x432.jpeg?width=400 400w, https:\/\/bdc2020.o0bc.com\/wp-content\/uploads\/2024\/12\/Gd51rTQbAAAh1Pu-67506b7154ea9-768x432.jpeg?width=500 500w, https:\/\/bdc2020.o0bc.com\/wp-content\/uploads\/2024\/12\/Gd51rTQbAAAh1Pu-67506b7154ea9-768x432.jpeg?width=600 600w, https:\/\/bdc2020.o0bc.com\/wp-content\/uploads\/2024\/12\/Gd51rTQbAAAh1Pu-67506b7154ea9-768x432.jpeg?width=700 700w, https:\/\/bdc2020.o0bc.com\/wp-content\/uploads\/2024\/12\/Gd51rTQbAAAh1Pu-67506b7154ea9-768x432.jpeg?width=800 800w, https:\/\/bdc2020.o0bc.com\/wp-content\/uploads\/2024\/12\/Gd51rTQbAAAh1Pu-67506b7154ea9-768x432.jpeg?width=900 900w\" sizes=\"(max-width: 768px) 100vw, 768px\"\/>\t\t\t\t\t<\/p>\n<p><h4 class=\"m-article-list__headline t-amp__list-headline\">\n\t\t\t\t\t\t\t<span class=\"m-article-list__link a-link a-link--inline a-link--text-link a-link--text-link-dark\"><\/p>\n<p>\t\t\t\t\t\t\t7 mapas prev\u00eaem neve chegando em Massachusetts esta semana\t\t\t\t\t\t\t<\/span><br \/>\n\t\t\t\t\t\t<\/h4>\n<\/p>\n<p>\t\t\t\t<\/a>\n\t\t\t<\/li>\n<\/ul>\n<\/div>\n<p>A resposta curta \u00e9: provavelmente n\u00e3o. Previa-se que este inverno seria marcado por La Ni\u00f1a \u2013 um padr\u00e3o clim\u00e1tico global em que as \u00e1guas frias chegam \u00e0 superf\u00edcie a partir das profundezas do leste do Oceano Pac\u00edfico. Embora o padr\u00e3o ainda n\u00e3o tenha surgido oficialmente, <a href=\"https:\/\/x.com\/BenNollWeather\/status\/1863557060656599156\">sua influ\u00eancia<\/a> normalmente significa que a temporada n\u00e3o ter\u00e1 invernos frios e nevados de ponta a ponta no Leste.<\/p>\n<p>Mas isso n\u00e3o far\u00e1 com que a onda de ar frio que entra pare\u00e7a menos fria. Al\u00e9m do frio cortante, espera-se neve generalizada de leve a moderada em todo o Centro-Oeste e Nordeste, criando condi\u00e7\u00f5es de branqueamento localizado.<\/p>\n<p>O \u00faltimo mergulho polar tamb\u00e9m dar\u00e1 in\u00edcio \u00e0 m\u00e1quina de neve com efeito de lago mais uma vez, embora as acumula\u00e7\u00f5es n\u00e3o sejam t\u00e3o prol\u00edficas como foram durante o evento mais recente.<\/p>\n<p>A resposta mais longa sobre se o frio veio para ficar envolve um conceito meteorol\u00f3gico conhecido como persist\u00eancia, que \u00e9 influenciado pela mem\u00f3ria do oceano.<\/p>\n<p>Refere-se \u00e0 tend\u00eancia de os padr\u00f5es clim\u00e1ticos se repetirem por semanas ou meses, como a seca de outono nos Estados Unidos ou o clima estranhamente quente da esta\u00e7\u00e3o.<\/p>\n<p>Este factor de persist\u00eancia ajudar\u00e1 a tirar os estados centrais e orientais das profundezas do frio \u2013 em breve. Mas primeiro, outra onda de frio.<\/p>\n<h2 class=\"wp-block-heading\" id=\"h-what-to-know-about-the-latest-arctic-blast\">O que saber sobre a \u00faltima explos\u00e3o no \u00c1rtico<\/h2>\n<p>A \u00faltima explos\u00e3o no \u00c1rtico atingir\u00e1 o Alto Centro-Oeste na quarta-feira, antes de avan\u00e7ar em dire\u00e7\u00e3o \u00e0 Costa Leste na quinta-feira.<\/p>\n<p>Ele permanecer\u00e1 nos estados do leste na sexta e no s\u00e1bado e depois ser\u00e1 lan\u00e7ado no exterior.<\/p>\n<p>Em compara\u00e7\u00e3o com a queda polar da semana passada, esta rodada de ar gelado ser\u00e1 acompanhada de ventos ainda mais fortes, causando calafrios.<\/p>\n<p>Na quarta-feira, fortes rajadas de vento superiores a 40 mph est\u00e3o previstas para atingir pelo menos 10 estados, de Dakota do Norte a Ohio. Ventos abaixo de zero s\u00e3o poss\u00edveis de Dakotas a Wisconsin.<\/p>\n<p>Na quinta-feira, condi\u00e7\u00f5es tempestuosas semelhantes s\u00e3o esperadas nos Grandes Lagos, Nordeste, Meio-Atl\u00e2ntico e at\u00e9 mesmo em partes do Sudeste, levando a calafrios na casa de um d\u00edgito, adolescentes e 20 anos \u2013 estendendo-se at\u00e9 o sul at\u00e9 o norte do Mississippi, Alabama e Ge\u00f3rgia.<\/p>\n<p>Na manh\u00e3 de quarta-feira, o Servi\u00e7o Meteorol\u00f3gico Nacional emitiu alertas sobre vento para oito estados no Centro-Oeste e 12 estados ao longo da Costa Leste. Uma s\u00e9rie de alertas, alertas e alertas sobre neve se estendeu de Dakota do Norte ao Maine, com alertas de congelamento para o sul do Alabama, Ge\u00f3rgia e norte da Fl\u00f3rida.<\/p>\n<p>Quando combinados com a neve, os ventos reduzir\u00e3o a visibilidade, causar\u00e3o breves condi\u00e7\u00f5es de branqueamento, soprar\u00e3o em torno de objetos soltos e poder\u00e3o causar cortes de energia espor\u00e1dicos.<\/p>\n<p>Ohio, Virg\u00ednia Ocidental, extremo oeste de Maryland e partes da Pensilv\u00e2nia e Nova York acordar\u00e3o com uma nova camada de neve na quinta-feira, causando condi\u00e7\u00f5es escorregadias.<\/p>\n<p>Os flocos voar\u00e3o na Nova Inglaterra para longe da costa, levando a acumula\u00e7\u00f5es moderadas nas montanhas do oeste de Massachusetts, Vermont, New Hampshire e Maine.<\/p>\n<p>O ar frio contrastar\u00e1 com o <a href=\"https:\/\/coastwatch.glerl.noaa.gov\/statistics\/average-surface-water-temperature-glsea\/\">registrar \u00e1guas quentes<\/a> dos Grandes Lagos para produzir ainda mais neve com efeito de lago da noite de quarta-feira at\u00e9 o fim de semana.<\/p>\n<p>Os totais mais pesados, excedendo trinta cent\u00edmetros nas faixas mais persistentes, est\u00e3o previstos para cair a leste dos Lagos Huron, Erie e Ont\u00e1rio, com condi\u00e7\u00f5es de condu\u00e7\u00e3o trai\u00e7oeiras provavelmente de quinta a s\u00e1bado.<\/p>\n<h2 class=\"wp-block-heading\" id=\"h-when-will-the-milder-weather-return\">Quando o tempo mais ameno retornar\u00e1?<\/h2>\n<p>Um padr\u00e3o clim\u00e1tico muito diferente come\u00e7ar\u00e1 a tomar forma no final deste fim de semana, \u00e0 medida que o ar ameno do Pac\u00edfico se espalhar\u00e1 pelos estados centrais e chegar\u00e1 \u00e0 Costa Leste na segunda-feira.<\/p>\n<p>Em vez de adolescentes, 20 e 30 anos, as temperaturas subir\u00e3o para 40, 50, 60 e at\u00e9 70 para alguns.<\/p>\n<p>Embora esse padr\u00e3o pare\u00e7a retornar na pr\u00f3xima semana, isso n\u00e3o significa que de repente far\u00e1 70 graus e far\u00e1 sol novamente.<\/p>\n<p>Uma rodada inicial de condi\u00e7\u00f5es mais quentes do que a m\u00e9dia, do final do fim de semana at\u00e9 o in\u00edcio da pr\u00f3xima semana, dar\u00e1 lugar a um clima brevemente mais frio no per\u00edodo do meio ao final da semana.<\/p>\n<p>Ent\u00e3o, um per\u00edodo mais persistente de clima ameno pode ocorrer a partir do fim de semana de 14 de dezembro.<\/p>\n<h2 class=\"wp-block-heading\" id=\"h-here-s-why-it-won-t-last\">Veja por que isso n\u00e3o vai durar<\/h2>\n<p>O novo padr\u00e3o lembra aquele que trouxe condi\u00e7\u00f5es persistentemente quentes e secas durante o outono.<\/p>\n<p>O que contribui para este fator de persist\u00eancia \u00e9 algo conhecido como mem\u00f3ria oce\u00e2nica \u2013 como um quadro gigante onde as condi\u00e7\u00f5es passadas deixam marcas t\u00eanues, permitindo que os padr\u00f5es permane\u00e7am e influenciem o comportamento futuro.<\/p>\n<p>Como os oceanos armazenam e liberam calor mais lentamente do que a atmosfera, sua temperatura n\u00e3o muda t\u00e3o rapidamente nem flutua tanto. Como resultado, padr\u00f5es atmosf\u00e9ricos como uma \u00e1rea persistente de alta ou baixa press\u00e3o, ou uma anomalia na corrente de jato, podem persistir por longos per\u00edodos.<\/p>\n<p>Durante o outono, a baixa press\u00e3o geralmente ficava perto do noroeste do Pac\u00edfico, imprensada por um sistema de alta press\u00e3o a leste, cobrindo grande parte dos Estados Unidos, e outro perto das Ilhas Aleutas, no Alasca.<\/p>\n<p>Isto gerou condi\u00e7\u00f5es estranhamente quentes no in\u00edcio de Novembro e foi um factor importante na cobertura recorde da seca em todo o pa\u00eds.<\/p>\n<p>\u00c0 medida que esse padr\u00e3o regressa, h\u00e1 sinais de que as temperaturas mais frias do que a m\u00e9dia ser\u00e3o a exce\u00e7\u00e3o, e n\u00e3o a regra, antes das f\u00e9rias, em parte devido \u00e0 mem\u00f3ria do oceano.<\/p>\n<div class=\"m-block m-generic-cta\t m-generic-cta--post-content\t m-generic-cta--dark\t m-generic-cta--homepage\t m-generic-cta--email-signup\t\t m-generic-cta-block-style--default \tt-amp__generic-cta\"><\/p>\n<div class=\"m-generic-cta__wrap\">\n<div class=\"m-generic-cta__content\">\n<h3 class=\"m-generic-cta__title\">Alertas extras de not\u00edcias<\/h3>\n<p class=\"m-generic-cta__subtitle\">Receba as \u00faltimas atualiza\u00e7\u00f5es conforme elas acontecem.<\/p>\n<\/p><\/div>\n<\/p><\/div>\n<\/div><\/div>\n<p><script>\n\t\tvar consent=\"grant\";\n\t\t\/* The above code is parsing the JSON data from the local storage and storing it in a variable. *\/\n\t\t\t\t\tconst onetrustStorageConsent = JSON.parse(localStorage.getItem( 'consent_one_trust_bdc' ) );\n\t\t\tif ( ( onetrustStorageConsent !== null ) ) {\n\t\t\t\t\/* Checking to see if the user has consented to the use of cookies.\n\t\t\t\t* If they have not, it is deleting the cookie.\n\t\t\t\t* This will comment for now, until further notice.\n\t\t\t\t*\/\n\t\t\t\t\/\/if ( onetrustStorageConsent.C0002 === false ) {\n\t\t\t\t\/\/\tdocument.cookie=\"_fbp=;expires=Thu, 01 Jan 2010 00:00:00 UTC; path=\/; domain=.boston.com\";\n\t\t\t\t\/\/}\n\t\t\t\t\/* Checking if the user has given consent for the cookie C0002.\n\t\t\t\t* If the user has given consent, the variable consent will be set to 'grant'.\n\t\t\t\t* If the user has not given consent,the variable consent will be set to 'revoke'.\n\t\t\t\t* Documentation https:\/\/developers.facebook.com\/docs\/meta-pixel\/implementation\/gdpr\n\t\t\t\t*\/\n\t\t\t\tif ( onetrustStorageConsent.C0002 !== true ) {\n\t\t\t\t\tconsent=\"revoke\";\n\t\t\t\t}\n\t\t\t}\n\t\t\t\t!function(f,b,e,v,n,t,s)\n\t\t{if(f.fbq)return;n=f.fbq=function(){n.callMethod?\n\t\tn.callMethod.apply(n,arguments):n.queue.push(arguments)};\n\t\tif(!f._fbq)f._fbq=n;n.push=n;n.loaded=!0;n.version='2.0';\n\t\tn.queue=[];t=b.createElement(e);t.async=!0;\n\t\tt.src=v;s=b.getElementsByTagName(e)[0];\n\t\ts.parentNode.insertBefore(t,s)}(window, document,'script',\n\t\t'https:\/\/connect.facebook.net\/en_US\/fbevents.js');\n\t\tfbq('consent', consent);\n\t\tfbq('init', '989222871864976');\n\t\tfbq('track', 'PageView');\n\t<\/script><script type=\"module\">\n\t\tvar consent=\"grant\";\n\t\t\/* The above code is parsing the JSON data from the local storage and storing it in a variable. *\/\n\t\t\tconst onetrustStorageConsent = JSON.parse(localStorage.getItem( 'consent_one_trust_bdc' ) );\n\t\t\t\/* Checking to see if the user has consented to the use of cookies.\n\t\t\t* If they have not, it is deleting the cookie.\n\t\t\t* This will comment for now, until further notice.\n\t\t\t*\/\n\t\t\t\/\/if ( onetrustStorageConsent.C0002 === false ) {\n\t\t\t\/\/\tdocument.cookie=\"_fbp=;expires=Thu, 01 Jan 2010 00:00:00 UTC; path=\/; domain=.boston.com\";\n\t\t\t\/\/}\n\t\t\t\/* Checking if the user has given consent for the cookie C0002.\n\t\t\t* If the user has given consent, the variable consent will be set to 'grant'.\n\t\t\t* If the user has not given consent,the variable consent will be set to 'revoke'.\n\t\t\t* Documentation https:\/\/developers.facebook.com\/docs\/meta-pixel\/implementation\/gdpr\n\t\t\t*\/\n\t\t\tif ( ( onetrustStorageConsent !== null ) && (onetrustStorageConsent.C0002 !== true ) ) {\n\t\t\t\tconsent=\"revoke\";\n\t\t\t}\n\t\t\t\t!function(f,b,e,v,n,t,s){if(f.fbq)return;n=f.fbq=function()\n\t\t{n.callMethod? n.callMethod.apply(n,arguments):n.queue.push(arguments)}\n\t\t;if(!f._fbq)f._fbq=n;\n\t\tn.push=n;n.loaded=!0;n.version='2.0';n.queue=[];t=b.createElement(e);t.async=!0;\n\t\tt.src=v;s=b.getElementsByTagName(e)[0];s.parentNode.insertBefore(t,s)}(window,\n\t\tdocument,'script','https:\/\/connect.facebook.net\/en_US\/fbevents.js');\n\t\tfbq('consent', consent);\n\t\tfbq('init', '813236348753005');\n\t\tfbq('track', \"PageView\");\n\t<\/script><br \/>\n<br \/><br \/>\n<br \/><a href=\"https:\/\/www.boston.com\/weather\/weather\/2024\/12\/04\/another-arctic-blast-coming-winter\/\">Source link <\/a><\/p>","protected":false},"excerpt":{"rendered":"<p>Clima Os flocos voar\u00e3o na Nova Inglaterra para longe da costa, levando a acumula\u00e7\u00f5es moderadas nas montanhas do oeste de Massachusetts, Vermont, New Hampshire e Maine. Uma mulher est\u00e1 preparada&hellip;<\/p>","protected":false},"author":1,"featured_media":70775,"comment_status":"closed","ping_status":"open","sticky":false,"template":"","format":"standard","meta":{"content-type":"","footnotes":""},"categories":[1],"tags":[],"class_list":["post-70774","post","type-post","status-publish","format-standard","has-post-thumbnail","hentry","category-uncategorized"],"_links":{"self":[{"href":"https:\/\/tvbrazilusa.com\/pt\/wp-json\/wp\/v2\/posts\/70774","targetHints":{"allow":["GET"]}}],"collection":[{"href":"https:\/\/tvbrazilusa.com\/pt\/wp-json\/wp\/v2\/posts"}],"about":[{"href":"https:\/\/tvbrazilusa.com\/pt\/wp-json\/wp\/v2\/types\/post"}],"author":[{"embeddable":true,"href":"https:\/\/tvbrazilusa.com\/pt\/wp-json\/wp\/v2\/users\/1"}],"replies":[{"embeddable":true,"href":"https:\/\/tvbrazilusa.com\/pt\/wp-json\/wp\/v2\/comments?post=70774"}],"version-history":[{"count":1,"href":"https:\/\/tvbrazilusa.com\/pt\/wp-json\/wp\/v2\/posts\/70774\/revisions"}],"predecessor-version":[{"id":70776,"href":"https:\/\/tvbrazilusa.com\/pt\/wp-json\/wp\/v2\/posts\/70774\/revisions\/70776"}],"wp:featuredmedia":[{"embeddable":true,"href":"https:\/\/tvbrazilusa.com\/pt\/wp-json\/wp\/v2\/media\/70775"}],"wp:attachment":[{"href":"https:\/\/tvbrazilusa.com\/pt\/wp-json\/wp\/v2\/media?parent=70774"}],"wp:term":[{"taxonomy":"category","embeddable":true,"href":"https:\/\/tvbrazilusa.com\/pt\/wp-json\/wp\/v2\/categories?post=70774"},{"taxonomy":"post_tag","embeddable":true,"href":"https:\/\/tvbrazilusa.com\/pt\/wp-json\/wp\/v2\/tags?post=70774"}],"curies":[{"name":"wp","href":"https:\/\/api.w.org\/{rel}","templated":true}]}}