{"id":70777,"date":"2024-12-04T19:12:52","date_gmt":"2024-12-04T19:12:52","guid":{"rendered":"https:\/\/tvbrazilusa.com\/2024\/12\/04\/alexandre-kalil-e-denunciado-pelo-mp-por-corrupcao\/"},"modified":"2024-12-04T19:12:54","modified_gmt":"2024-12-04T19:12:54","slug":"alexandre-kalil-e-denunciado-pelo-mp-por-corrupcao","status":"publish","type":"post","link":"https:\/\/tvbrazilusa.com\/pt\/2024\/12\/04\/alexandre-kalil-e-denunciado-pelo-mp-por-corrupcao\/","title":{"rendered":"Alexandre Kalil \u00e9 denunciado pelo MP por corrup\u00e7\u00e3o"},"content":{"rendered":"<p> <script async src=\"https:\/\/pagead2.googlesyndication.com\/pagead\/js\/adsbygoogle.js?client=ca-pub-8864793242727901\"\r\n     crossorigin=\"anonymous\"><\/script><br \/>\n<\/p>\n<div id=\"taboola-read-more\" style=\"display:block; width:100%\">\n<p>O ex-prefeito de Belo Horizonte,\u00a0Alexandre Kalil, e a ex-secret\u00e1ria de Comunica\u00e7\u00e3o Adriana Branco foram denunciados pelo Minist\u00e9rio P\u00fablico de Minas Gerais (MPMG) por corrup\u00e7\u00e3o passiva.\u00a0A acusa\u00e7\u00e3o envolve a contrata\u00e7\u00e3o de uma empresa que j\u00e1 prestava servi\u00e7os \u00e0 prefeitura para realizar uma pesquisa eleitoral em 2021, quando Kalil planejava disputar o cargo de governador.\n<\/p>\n<p>A den\u00fancia foi apresentada\u00a0 na segunda-feira (02) pela 17\u00aa Promotoria de Justi\u00e7a de Defesa do Patrim\u00f4nio P\u00fablico e \u00e9 assinada pelo promotor Leonardo Duque Barbabella. Al\u00e9m de pedir a condena\u00e7\u00e3o dos denunciados, o MPMG solicita o pagamento de R$ 1,5 milh\u00e3o em indeniza\u00e7\u00e3o por danos morais.<\/p>\n<p>Segundo a den\u00fancia, o ent\u00e3o secret\u00e1rio de Governo, Adalclever Lopes, teria encomendado a pesquisa, ordenando que os custos fossem arcados pela empresa Perfil 252, que j\u00e1 mantinha contrato com a prefeitura.\n<\/p>\n<p>Em depoimento, o propriet\u00e1rio da empresa, Carlos Eduardo Porto Moreno, conhecido como \u201cCac\u00e1 Moreno\u201d, confirmou a reuni\u00e3o onde a solicita\u00e7\u00e3o foi feita. Ele tamb\u00e9m afirmou que o ex-chefe de gabinete de Kalil, Alberto Lage, participou do encontro.\n<\/p>\n<p>\u201cEmbora Cac\u00e1 Moreno, no primeiro momento, tenha se negado a custear a pesquisa em raz\u00e3o do contrato existente entre sua empresa e o Munic\u00edpio de Belo Horizonte, ao final concordou com a solicita\u00e7\u00e3o indevida\u201d, destaca a den\u00fancia.\n<\/p>\n<p>Para ocultar o esquema, foi decidido que outra empresa atuaria como intermedi\u00e1ria, recebendo R$ 60 mil pagos pela Perfil 252 para executar a pesquisa.\n<\/p>\n<p>Adalclever Lopes, Cac\u00e1 Moreno e Alberto Lage, embora envolvidos nas negocia\u00e7\u00f5es, n\u00e3o foram denunciados. Os tr\u00eas assinaram acordos com o MPMG e se comprometeram a cumprir medidas alternativas.<\/p>\n<p>Fonte: Gazeta Brasil              <\/p>\n<\/div>\n<p><br \/>\n<br \/><a href=\"https:\/\/diariodobrasilnoticias.com.br\/noticia\/alexandre-kalil-e-denunciado-pelo-mp-por-corrupcao-67508c93003c0\">Source link <\/a><\/p>","protected":false},"excerpt":{"rendered":"<p>O ex-prefeito de Belo Horizonte,\u00a0Alexandre Kalil, e a ex-secret\u00e1ria de Comunica\u00e7\u00e3o Adriana Branco foram denunciados pelo Minist\u00e9rio P\u00fablico de Minas Gerais (MPMG) por corrup\u00e7\u00e3o passiva.\u00a0A acusa\u00e7\u00e3o envolve a contrata\u00e7\u00e3o de&hellip;<\/p>","protected":false},"author":1,"featured_media":70778,"comment_status":"closed","ping_status":"open","sticky":false,"template":"","format":"standard","meta":{"content-type":"","footnotes":""},"categories":[16],"tags":[123,2448,5313,1267],"class_list":["post-70777","post","type-post","status-publish","format-standard","has-post-thumbnail","hentry","category-noticias","tag-brasil","tag-diario","tag-noticia","tag-noticias"],"_links":{"self":[{"href":"https:\/\/tvbrazilusa.com\/pt\/wp-json\/wp\/v2\/posts\/70777","targetHints":{"allow":["GET"]}}],"collection":[{"href":"https:\/\/tvbrazilusa.com\/pt\/wp-json\/wp\/v2\/posts"}],"about":[{"href":"https:\/\/tvbrazilusa.com\/pt\/wp-json\/wp\/v2\/types\/post"}],"author":[{"embeddable":true,"href":"https:\/\/tvbrazilusa.com\/pt\/wp-json\/wp\/v2\/users\/1"}],"replies":[{"embeddable":true,"href":"https:\/\/tvbrazilusa.com\/pt\/wp-json\/wp\/v2\/comments?post=70777"}],"version-history":[{"count":1,"href":"https:\/\/tvbrazilusa.com\/pt\/wp-json\/wp\/v2\/posts\/70777\/revisions"}],"predecessor-version":[{"id":70779,"href":"https:\/\/tvbrazilusa.com\/pt\/wp-json\/wp\/v2\/posts\/70777\/revisions\/70779"}],"wp:featuredmedia":[{"embeddable":true,"href":"https:\/\/tvbrazilusa.com\/pt\/wp-json\/wp\/v2\/media\/70778"}],"wp:attachment":[{"href":"https:\/\/tvbrazilusa.com\/pt\/wp-json\/wp\/v2\/media?parent=70777"}],"wp:term":[{"taxonomy":"category","embeddable":true,"href":"https:\/\/tvbrazilusa.com\/pt\/wp-json\/wp\/v2\/categories?post=70777"},{"taxonomy":"post_tag","embeddable":true,"href":"https:\/\/tvbrazilusa.com\/pt\/wp-json\/wp\/v2\/tags?post=70777"}],"curies":[{"name":"wp","href":"https:\/\/api.w.org\/{rel}","templated":true}]}}