{"id":70783,"date":"2024-12-04T19:24:50","date_gmt":"2024-12-04T19:24:50","guid":{"rendered":"https:\/\/tvbrazilusa.com\/2024\/12\/04\/descubra-o-que-se-sabe-sobre-a-doenca-misteriosa-que-matou-143-pessoas-no-congo\/"},"modified":"2024-12-04T19:24:52","modified_gmt":"2024-12-04T19:24:52","slug":"descubra-o-que-se-sabe-sobre-a-doenca-misteriosa-que-matou-143-pessoas-no-congo","status":"publish","type":"post","link":"https:\/\/tvbrazilusa.com\/pt\/2024\/12\/04\/descubra-o-que-se-sabe-sobre-a-doenca-misteriosa-que-matou-143-pessoas-no-congo\/","title":{"rendered":"Descubra o que se sabe sobre a doen\u00e7a misteriosa que matou 143 pessoas no Congo"},"content":{"rendered":"<p> <script async src=\"https:\/\/pagead2.googlesyndication.com\/pagead\/js\/adsbygoogle.js?client=ca-pub-8864793242727901\"\r\n     crossorigin=\"anonymous\"><\/script><br \/>\n<\/p>\n<div id=\"taboola-read-more\" style=\"display:block; width:100%\">\n<p>Pelo menos 143 pessoas da Rep\u00fablica Democr\u00e1tica do Congo j\u00e1 morreram desde novembro devido a uma doen\u00e7a desconhecida. De acordo com as autoridades do pa\u00eds, os infectados apresentaram sintomas semelhantes aos da gripe, incluindo febre alta e fortes dores de cabe\u00e7a, mas a causa das mortes ainda n\u00e3o foi descoberta.\n<\/p>\n<p>Os casos foram registrados entre os dias 10 e 25 de novembro na zona de sa\u00fade de Panzi, na prov\u00edncia de Kwango. Mulheres e crian\u00e7as foram as mais afetadas pela doen\u00e7a. Segundo informa\u00e7\u00f5es da Reuters, o surto n\u00e3o foi debelado e ainda h\u00e1 pessoas adoecendo.<\/p>\n<p>\u201cA situa\u00e7\u00e3o \u00e9 extremamente preocupante, pois o n\u00famero de pessoas infectadas continua aumentando. Panzi \u00e9 uma zona de sa\u00fade rural, ent\u00e3o h\u00e1 um problema com o fornecimento de medicamentos\u201d, disse o l\u00edder da sociedade civil Cephorien Manzanza, em entrevista \u00e0 ag\u00eancia Reuters.\n<\/p>\n<p>O vice-governador da prov\u00edncia de Kwango, Remy Saki, e o ministro da Sa\u00fade, Apollinaire Yumba, informaram na segunda-feira (2\/12) que uma equipe m\u00e9dica foi enviada \u00e0 prov\u00edncia de Panzi para coletar amostras que ser\u00e3o enviadas para an\u00e1lise.\n<\/p>\n<p>Yumba aconselhou a popula\u00e7\u00e3o a ter cautela e evitar contato com os corpos das pessoas mortas para evitar contamina\u00e7\u00e3o.\n<\/p>\n<p>Um porta-voz da Organiza\u00e7\u00e3o Mundial da Sa\u00fade (OMS) confirmou, na ter\u00e7a-feira (3\/12), que a ag\u00eancia est\u00e1 ciente sobre o surto da doen\u00e7a desde a semana passada e est\u00e1 com uma equipe no local, trabalhando junto ao Minist\u00e9rio da Sa\u00fade do Congo nas investiga\u00e7\u00f5es.\n<\/p>\n<p>Epidemia de mpox<br \/>O Congo tamb\u00e9m lida com uma epidemia de mpox. De acordo com a OMS, j\u00e1 s\u00e3o mais de 47 mil casos suspeitos da doen\u00e7a registrados e mais de mil mortes suspeitas pela doen\u00e7a no pa\u00eds.<\/p>\n<p>Fonte: Metr\u00f3poles              <\/p>\n<\/div>\n<p><br \/>\n<br \/><a href=\"https:\/\/diariodobrasilnoticias.com.br\/noticia\/descubra-o-que-se-sabe-sobre-a-doenca-misteriosa-que-matou-143-pessoas-no-congo-675090e75dc0c\">Source link <\/a><\/p>","protected":false},"excerpt":{"rendered":"<p>Pelo menos 143 pessoas da Rep\u00fablica Democr\u00e1tica do Congo j\u00e1 morreram desde novembro devido a uma doen\u00e7a desconhecida. De acordo com as autoridades do pa\u00eds, os infectados apresentaram sintomas semelhantes&hellip;<\/p>","protected":false},"author":1,"featured_media":70784,"comment_status":"closed","ping_status":"open","sticky":false,"template":"","format":"standard","meta":{"content-type":"","footnotes":""},"categories":[16],"tags":[123,2448,5313,1267],"class_list":["post-70783","post","type-post","status-publish","format-standard","has-post-thumbnail","hentry","category-noticias","tag-brasil","tag-diario","tag-noticia","tag-noticias"],"_links":{"self":[{"href":"https:\/\/tvbrazilusa.com\/pt\/wp-json\/wp\/v2\/posts\/70783","targetHints":{"allow":["GET"]}}],"collection":[{"href":"https:\/\/tvbrazilusa.com\/pt\/wp-json\/wp\/v2\/posts"}],"about":[{"href":"https:\/\/tvbrazilusa.com\/pt\/wp-json\/wp\/v2\/types\/post"}],"author":[{"embeddable":true,"href":"https:\/\/tvbrazilusa.com\/pt\/wp-json\/wp\/v2\/users\/1"}],"replies":[{"embeddable":true,"href":"https:\/\/tvbrazilusa.com\/pt\/wp-json\/wp\/v2\/comments?post=70783"}],"version-history":[{"count":1,"href":"https:\/\/tvbrazilusa.com\/pt\/wp-json\/wp\/v2\/posts\/70783\/revisions"}],"predecessor-version":[{"id":70785,"href":"https:\/\/tvbrazilusa.com\/pt\/wp-json\/wp\/v2\/posts\/70783\/revisions\/70785"}],"wp:featuredmedia":[{"embeddable":true,"href":"https:\/\/tvbrazilusa.com\/pt\/wp-json\/wp\/v2\/media\/70784"}],"wp:attachment":[{"href":"https:\/\/tvbrazilusa.com\/pt\/wp-json\/wp\/v2\/media?parent=70783"}],"wp:term":[{"taxonomy":"category","embeddable":true,"href":"https:\/\/tvbrazilusa.com\/pt\/wp-json\/wp\/v2\/categories?post=70783"},{"taxonomy":"post_tag","embeddable":true,"href":"https:\/\/tvbrazilusa.com\/pt\/wp-json\/wp\/v2\/tags?post=70783"}],"curies":[{"name":"wp","href":"https:\/\/api.w.org\/{rel}","templated":true}]}}