{"id":70800,"date":"2024-12-04T19:54:32","date_gmt":"2024-12-04T19:54:32","guid":{"rendered":"https:\/\/tvbrazilusa.com\/2024\/12\/04\/veja-o-que-disse-o-pm-que-atirou-homem-de-ponte\/"},"modified":"2024-12-04T19:54:35","modified_gmt":"2024-12-04T19:54:35","slug":"veja-o-que-disse-o-pm-que-atirou-homem-de-ponte","status":"publish","type":"post","link":"https:\/\/tvbrazilusa.com\/pt\/2024\/12\/04\/veja-o-que-disse-o-pm-que-atirou-homem-de-ponte\/","title":{"rendered":"Veja o que disse o PM que atirou homem de ponte"},"content":{"rendered":"<p> <script async src=\"https:\/\/pagead2.googlesyndication.com\/pagead\/js\/adsbygoogle.js?client=ca-pub-8864793242727901\"\r\n     crossorigin=\"anonymous\"><\/script><br \/>\n<\/p>\n<div>\n<figure class=\"post-image\">\n<\/figure>\n<p>            <span style=\"font-size: 12px\">Reprodu\u00e7\u00e3o<\/span><\/p>\n<p>            <!-- end metas --><br \/>\n            <!-- ADS --><\/p>\n<div id=\"taboola-read-more\" style=\"display:block; width:100%\">\n<p>O policial militar que empurrou um homem em um c\u00f3rrego na zona sul de S\u00e3o Paulo afirmou que a inten\u00e7\u00e3o era imobiliz\u00e1-lo, ap\u00f3s ele supostamente resistir \u00e0 abordagem policial. Segundo o PM, o objetivo era jog\u00e1-lo ao ch\u00e3o, e n\u00e3o do muro.\n<\/p>\n<p>O depoimento \u00e0 Corregedoria da PM foi obtido pela CNN Brasil por meio de fontes da c\u00fapula da corpora\u00e7\u00e3o.<\/p>\n<p>Os outros 12 policiais militares envolvidos no caso e afastados tamb\u00e9m foram chamados a depor na Corregedoria. Ao serem questionados, optaram por \u201cse reservar ao direito\u201d de n\u00e3o responder \u00e0s perguntas, todos acompanhados por advogados.\n<\/p>\n<p>Os 13 PMs seguem cumprindo expediente na Corregedoria, ap\u00f3s o afastamento, participando de aulas sobre temas como Direitos Humanos.\n<\/p>\n<p>A ocorr\u00eancia, registrada na madrugada de segunda-feira (2), foi amplamente divulgada nas redes sociais e nos meios de comunica\u00e7\u00e3o, gerando grande repercuss\u00e3o. O governador Tarc\u00edsio de Freitas (Republicanos) e o secret\u00e1rio de Seguran\u00e7a P\u00fablica, Guilherme Derrite, condenaram publicamente a a\u00e7\u00e3o do policial.<\/p>\n<p>Fonte: Gazeta Brasil              <\/p>\n<\/div>\n<p>                        <!-- Scripts para conteudo --><\/p>\n<p>            <!-- .\/Scripts para conteudo --><br \/>\n            <!-- .\/Mat\u00e9ria --><\/p>\n<div class=\"row mt-3\">\n<div class=\"col-sm-6\">\n                <!-- Whatsapp channel 3--><br \/>\n                <a href=\"https:\/\/chat.whatsapp.com\/J6hwSKYns5B0XFowx2wZ0P\" target=\"_blank\"><br \/>\n                  <img decoding=\"async\" src=\"https:\/\/diariodobrasilnoticias.com.br\/assets-site\/images\/bot_whatsapp.png\"\/><\/a>\n              <\/div>\n<div class=\"col-sm-6\">\n                <a href=\"https:\/\/t.me\/+_4gTmi5LKo03OTM5\" target=\"_blank\"><br \/>\n                  <img decoding=\"async\" src=\"https:\/\/diariodobrasilnoticias.com.br\/assets-site\/images\/bot_telegram.png\"\/><\/a>\n              <\/div>\n<\/p><\/div>\n<p>            <!-- end post-navigation --><\/p>\n<p>              <!-- end row --><\/p>\n<p>              <!-- end col-12-->\n                      <\/div>\n<p><br \/>\n<br \/><a href=\"https:\/\/diariodobrasilnoticias.com.br\/noticia\/veja-o-que-disse-o-pm-que-atirou-homem-de-ponte-675091285d817\">Source link <\/a><\/p>","protected":false},"excerpt":{"rendered":"<p>Reprodu\u00e7\u00e3o O policial militar que empurrou um homem em um c\u00f3rrego na zona sul de S\u00e3o Paulo afirmou que a inten\u00e7\u00e3o era imobiliz\u00e1-lo, ap\u00f3s ele supostamente resistir \u00e0 abordagem policial.&hellip;<\/p>","protected":false},"author":1,"featured_media":70801,"comment_status":"closed","ping_status":"open","sticky":false,"template":"","format":"standard","meta":{"content-type":"","footnotes":""},"categories":[16],"tags":[123,2448,5313,1267],"class_list":["post-70800","post","type-post","status-publish","format-standard","has-post-thumbnail","hentry","category-noticias","tag-brasil","tag-diario","tag-noticia","tag-noticias"],"_links":{"self":[{"href":"https:\/\/tvbrazilusa.com\/pt\/wp-json\/wp\/v2\/posts\/70800","targetHints":{"allow":["GET"]}}],"collection":[{"href":"https:\/\/tvbrazilusa.com\/pt\/wp-json\/wp\/v2\/posts"}],"about":[{"href":"https:\/\/tvbrazilusa.com\/pt\/wp-json\/wp\/v2\/types\/post"}],"author":[{"embeddable":true,"href":"https:\/\/tvbrazilusa.com\/pt\/wp-json\/wp\/v2\/users\/1"}],"replies":[{"embeddable":true,"href":"https:\/\/tvbrazilusa.com\/pt\/wp-json\/wp\/v2\/comments?post=70800"}],"version-history":[{"count":1,"href":"https:\/\/tvbrazilusa.com\/pt\/wp-json\/wp\/v2\/posts\/70800\/revisions"}],"predecessor-version":[{"id":70802,"href":"https:\/\/tvbrazilusa.com\/pt\/wp-json\/wp\/v2\/posts\/70800\/revisions\/70802"}],"wp:featuredmedia":[{"embeddable":true,"href":"https:\/\/tvbrazilusa.com\/pt\/wp-json\/wp\/v2\/media\/70801"}],"wp:attachment":[{"href":"https:\/\/tvbrazilusa.com\/pt\/wp-json\/wp\/v2\/media?parent=70800"}],"wp:term":[{"taxonomy":"category","embeddable":true,"href":"https:\/\/tvbrazilusa.com\/pt\/wp-json\/wp\/v2\/categories?post=70800"},{"taxonomy":"post_tag","embeddable":true,"href":"https:\/\/tvbrazilusa.com\/pt\/wp-json\/wp\/v2\/tags?post=70800"}],"curies":[{"name":"wp","href":"https:\/\/api.w.org\/{rel}","templated":true}]}}