{"id":70805,"date":"2024-12-04T19:57:02","date_gmt":"2024-12-04T19:57:02","guid":{"rendered":"https:\/\/tvbrazilusa.com\/2024\/12\/04\/vereador-fernandes-anderson-nao-planeja-renunciar-em-meio-a-relatos-de-investigacao-federal\/"},"modified":"2024-12-04T19:59:18","modified_gmt":"2024-12-04T19:59:18","slug":"vereador-fernandes-anderson-nao-planeja-renunciar-em-meio-a-relatos-de-investigacao-federal","status":"publish","type":"post","link":"https:\/\/tvbrazilusa.com\/pt\/2024\/12\/04\/vereador-fernandes-anderson-nao-planeja-renunciar-em-meio-a-relatos-de-investigacao-federal\/","title":{"rendered":"Vereador Fernandes Anderson n\u00e3o planeja renunciar em meio a relatos de investiga\u00e7\u00e3o federal"},"content":{"rendered":"<p> <script async src=\"https:\/\/pagead2.googlesyndication.com\/pagead\/js\/adsbygoogle.js?client=ca-pub-8864793242727901\"\r\n     crossorigin=\"anonymous\"><\/script><br \/>\n<\/p>\n<div id=\"\">\n<header class=\"m-article-header m-article-header--standard\">\n\t\t\t\t\t\t\t\t\t\t\t\t<span id=\"article-header-primary-term\"><br \/>\n\t\t\t\t\t\t\t\t<a class=\"a-term a-term--primary\" href=\"https:\/\/www.boston.com\/tag\/local-news\/\"><\/p>\n<p>\t\t\t\t\t\t\t\tNot\u00edcias locais\t\t\t\t\t\t\t\t<\/a><br \/>\n\t\t\t\t\t\t\t<\/span><\/p>\n<h2 class=\"m-article-header__sub-headline\">A natureza espec\u00edfica da investiga\u00e7\u00e3o sobre a vereadora da cidade de Boston, Tania Fernandes Anderson, n\u00e3o foi divulgada publicamente.<\/h2>\n<figure class=\"a-photo m-article-header__photo\"><figcaption class=\"a-photo__caption\">\n<p>\tA vereadora da cidade de Boston, Tania Fernandes Anderson, falou com rep\u00f3rteres na prefeitura na quarta-feira. <em> John Tlumacki\/Boston Globe <\/em>\t<\/figcaption><\/figure>\n<\/header>\n<p>Vereador da cidade de Boston <a href=\"https:\/\/www.boston.gov\/departments\/city-council\/tania-fernandes-anderson\">T\u00e2nia Fernandes Anderson<\/a> reconheceu relatos na quarta-feira de que ela est\u00e1 sendo investigada pelas autoridades federais, mas n\u00e3o compartilhou detalhes e disse que n\u00e3o pretende renunciar.<\/p>\n<p>O <a href=\"https:\/\/www.boston.com\/news\/boston-globe-today\/2024\/12\/04\/watch-federal-officials-investigate-boston-city-councilor\/\">investiga\u00e7\u00e3o <\/a>foi relatado pela primeira vez na ter\u00e7a-feira por <em><a href=\"https:\/\/www.bostonglobe.com\/2024\/12\/03\/metro\/boston-city-council-tania-fernandes-anderson-federal-investigation\/?event=event25&#038;p1=Article_Inline_Text_Link\">O Globo de Boston<\/a><\/em>. Os detalhes da investiga\u00e7\u00e3o n\u00e3o se tornaram p\u00fablicos. A Prefeitura recebeu intima\u00e7\u00f5es de investigadores federais, mas nenhuma acusa\u00e7\u00e3o criminal foi apresentada.<\/p>\n<p>Fernandes Anderson n\u00e3o respondeu a um pedido de coment\u00e1rio na ter\u00e7a-feira. Numa publica\u00e7\u00e3o no Facebook na quarta-feira, ela disse que n\u00e3o podia comentar a not\u00edcia e prometeu continuar a fazer \u201co trabalho do povo\u201d. <\/p>\n<p><iframe src=\"https:\/\/www.facebook.com\/plugins\/post.php?href=https%3A%2F%2Fwww.facebook.com%2FTania4D7%2Fposts%2Fpfbid023BHE18Z3udNinLTub3ykCFfA97QdXs3ZNqfR1oDQCNgs8r2rBJjBD6YzxVp9yCecl&#038;show_text=false&#038;width=500\" width=\"500\" height=\"498\" style=\"border:none;overflow:hidden\" scrolling=\"no\" frameborder=\"0\" allowfullscreen=\"true\" allow=\"autoplay; clipboard-write; encrypted-media; picture-in-picture; web-share\"><\/iframe><\/p>\n<p>Antes da reuni\u00e3o da C\u00e2mara Municipal de quarta-feira, Fernandes Anderson falou \u00e0 comunica\u00e7\u00e3o social, incluindo um <em>Globo <\/em>rep\u00f3rter. <\/p>\n<p>\u201cPor que voc\u00ea perguntaria isso? \u2026 N\u00e3o estou pensando em desistir. N\u00e3o estou pensando em renunciar. N\u00e3o estou pensando em nada disso \u2013 estou pensando no trabalho e em continuar\u201d, disse ela ap\u00f3s ser questionada se iria renunciar. <\/p>\n<p>Fernandes Anderson foi eleito em 2021 para representar o Distrito 7, que consiste em Roxbury, Dorchester, Fenway e parte do South End.<\/p>\n<p>Ela foi recentemente <a href=\"https:\/\/www.boston.com\/news\/local-news\/2024\/11\/25\/city-councilor-tania-fernandes-anderson-violated-campaign-finance-law-according-to-state-review\/\">encontrado por ter violado<\/a> m\u00faltiplas disposi\u00e7\u00f5es da lei estadual de financiamento de campanha durante o ano passado. O Gabinete de Campanha e Financiamento Pol\u00edtico determinou que o comit\u00e9 de campanha de Fernandes Anderson tomou \u201cmedidas correctivas apropriadas\u201d e disse que nenhuma ac\u00e7\u00e3o adicional era necess\u00e1ria da sua parte.<\/p>\n<div class=\"o-author-single no-avatar\">\n<header class=\"m-author-card\">\n<div class=\"m-author-card__text\">\n<h3 class=\"m-author-card__title\"><a href=\"https:\/\/www.boston.com\/author\/ross.cristantiello\">Ross Cristantiello<\/a><\/h3>\n<p><span class=\"m-author-card__subtitle\">Redator da equipe<\/span>\t<\/div>\n<\/header>\n<section class=\"author-info\">\n<div class=\"m-author__section\">\n<p>Ross Cristantiello, rep\u00f3rter de not\u00edcias gerais do Boston.com desde 2022, cobre pol\u00edtica local, crime, meio ambiente e muito mais.<\/p>\n<\/div>\n<\/section>\n<\/div>\n<div class=\"m-block m-generic-cta\t m-generic-cta--post-content\t m-generic-cta--dark\t m-generic-cta--homepage\t m-generic-cta--email-signup\t\t m-generic-cta-block-style--default \tt-amp__generic-cta\"><\/p>\n<div class=\"m-generic-cta__wrap\">\n<div class=\"m-generic-cta__content\">\n<h3 class=\"m-generic-cta__title\">Boston.com hoje<\/h3>\n<p class=\"m-generic-cta__subtitle\">Inscreva-se para receber as \u00faltimas manchetes em sua caixa de entrada todas as manh\u00e3s.<\/p>\n<\/p><\/div>\n<\/p><\/div>\n<\/div><\/div>\n<p><script>\n\t\tvar consent=\"grant\";\n\t\t\/* The above code is parsing the JSON data from the local storage and storing it in a variable. *\/\n\t\t\t\t\tconst onetrustStorageConsent = JSON.parse(localStorage.getItem( 'consent_one_trust_bdc' ) );\n\t\t\tif ( ( onetrustStorageConsent !== null ) ) {\n\t\t\t\t\/* Checking to see if the user has consented to the use of cookies.\n\t\t\t\t* If they have not, it is deleting the cookie.\n\t\t\t\t* This will comment for now, until further notice.\n\t\t\t\t*\/\n\t\t\t\t\/\/if ( onetrustStorageConsent.C0002 === false ) {\n\t\t\t\t\/\/\tdocument.cookie=\"_fbp=;expires=Thu, 01 Jan 2010 00:00:00 UTC; path=\/; domain=.boston.com\";\n\t\t\t\t\/\/}\n\t\t\t\t\/* Checking if the user has given consent for the cookie C0002.\n\t\t\t\t* If the user has given consent, the variable consent will be set to 'grant'.\n\t\t\t\t* If the user has not given consent,the variable consent will be set to 'revoke'.\n\t\t\t\t* Documentation https:\/\/developers.facebook.com\/docs\/meta-pixel\/implementation\/gdpr\n\t\t\t\t*\/\n\t\t\t\tif ( onetrustStorageConsent.C0002 !== true ) {\n\t\t\t\t\tconsent=\"revoke\";\n\t\t\t\t}\n\t\t\t}\n\t\t\t\t!function(f,b,e,v,n,t,s)\n\t\t{if(f.fbq)return;n=f.fbq=function(){n.callMethod?\n\t\tn.callMethod.apply(n,arguments):n.queue.push(arguments)};\n\t\tif(!f._fbq)f._fbq=n;n.push=n;n.loaded=!0;n.version='2.0';\n\t\tn.queue=[];t=b.createElement(e);t.async=!0;\n\t\tt.src=v;s=b.getElementsByTagName(e)[0];\n\t\ts.parentNode.insertBefore(t,s)}(window, document,'script',\n\t\t'https:\/\/connect.facebook.net\/en_US\/fbevents.js');\n\t\tfbq('consent', consent);\n\t\tfbq('init', '989222871864976');\n\t\tfbq('track', 'PageView');\n\t<\/script><script type=\"module\">\n\t\tvar consent=\"grant\";\n\t\t\/* The above code is parsing the JSON data from the local storage and storing it in a variable. *\/\n\t\t\tconst onetrustStorageConsent = JSON.parse(localStorage.getItem( 'consent_one_trust_bdc' ) );\n\t\t\t\/* Checking to see if the user has consented to the use of cookies.\n\t\t\t* If they have not, it is deleting the cookie.\n\t\t\t* This will comment for now, until further notice.\n\t\t\t*\/\n\t\t\t\/\/if ( onetrustStorageConsent.C0002 === false ) {\n\t\t\t\/\/\tdocument.cookie=\"_fbp=;expires=Thu, 01 Jan 2010 00:00:00 UTC; path=\/; domain=.boston.com\";\n\t\t\t\/\/}\n\t\t\t\/* Checking if the user has given consent for the cookie C0002.\n\t\t\t* If the user has given consent, the variable consent will be set to 'grant'.\n\t\t\t* If the user has not given consent,the variable consent will be set to 'revoke'.\n\t\t\t* Documentation https:\/\/developers.facebook.com\/docs\/meta-pixel\/implementation\/gdpr\n\t\t\t*\/\n\t\t\tif ( ( onetrustStorageConsent !== null ) && (onetrustStorageConsent.C0002 !== true ) ) {\n\t\t\t\tconsent=\"revoke\";\n\t\t\t}\n\t\t\t\t!function(f,b,e,v,n,t,s){if(f.fbq)return;n=f.fbq=function()\n\t\t{n.callMethod? n.callMethod.apply(n,arguments):n.queue.push(arguments)}\n\t\t;if(!f._fbq)f._fbq=n;\n\t\tn.push=n;n.loaded=!0;n.version='2.0';n.queue=[];t=b.createElement(e);t.async=!0;\n\t\tt.src=v;s=b.getElementsByTagName(e)[0];s.parentNode.insertBefore(t,s)}(window,\n\t\tdocument,'script','https:\/\/connect.facebook.net\/en_US\/fbevents.js');\n\t\tfbq('consent', consent);\n\t\tfbq('init', '813236348753005');\n\t\tfbq('track', \"PageView\");\n\t<\/script><br \/>\n<br \/><br \/>\n<br \/><a href=\"https:\/\/www.boston.com\/news\/local-news\/2024\/12\/04\/councilor-fernandes-anderson-not-planning-to-resign-amid-reports-of-federal-investigation\/\">Source link <\/a><\/p>","protected":false},"excerpt":{"rendered":"<p>Not\u00edcias locais A natureza espec\u00edfica da investiga\u00e7\u00e3o sobre a vereadora da cidade de Boston, Tania Fernandes Anderson, n\u00e3o foi divulgada publicamente. A vereadora da cidade de Boston, Tania Fernandes Anderson,&hellip;<\/p>","protected":false},"author":1,"featured_media":70806,"comment_status":"closed","ping_status":"open","sticky":false,"template":"","format":"standard","meta":{"content-type":"","footnotes":""},"categories":[1],"tags":[],"class_list":["post-70805","post","type-post","status-publish","format-standard","has-post-thumbnail","hentry","category-uncategorized"],"_links":{"self":[{"href":"https:\/\/tvbrazilusa.com\/pt\/wp-json\/wp\/v2\/posts\/70805","targetHints":{"allow":["GET"]}}],"collection":[{"href":"https:\/\/tvbrazilusa.com\/pt\/wp-json\/wp\/v2\/posts"}],"about":[{"href":"https:\/\/tvbrazilusa.com\/pt\/wp-json\/wp\/v2\/types\/post"}],"author":[{"embeddable":true,"href":"https:\/\/tvbrazilusa.com\/pt\/wp-json\/wp\/v2\/users\/1"}],"replies":[{"embeddable":true,"href":"https:\/\/tvbrazilusa.com\/pt\/wp-json\/wp\/v2\/comments?post=70805"}],"version-history":[{"count":1,"href":"https:\/\/tvbrazilusa.com\/pt\/wp-json\/wp\/v2\/posts\/70805\/revisions"}],"predecessor-version":[{"id":70807,"href":"https:\/\/tvbrazilusa.com\/pt\/wp-json\/wp\/v2\/posts\/70805\/revisions\/70807"}],"wp:featuredmedia":[{"embeddable":true,"href":"https:\/\/tvbrazilusa.com\/pt\/wp-json\/wp\/v2\/media\/70806"}],"wp:attachment":[{"href":"https:\/\/tvbrazilusa.com\/pt\/wp-json\/wp\/v2\/media?parent=70805"}],"wp:term":[{"taxonomy":"category","embeddable":true,"href":"https:\/\/tvbrazilusa.com\/pt\/wp-json\/wp\/v2\/categories?post=70805"},{"taxonomy":"post_tag","embeddable":true,"href":"https:\/\/tvbrazilusa.com\/pt\/wp-json\/wp\/v2\/tags?post=70805"}],"curies":[{"name":"wp","href":"https:\/\/api.w.org\/{rel}","templated":true}]}}