{"id":70808,"date":"2024-12-04T20:06:19","date_gmt":"2024-12-04T20:06:19","guid":{"rendered":"https:\/\/tvbrazilusa.com\/2024\/12\/04\/record-demite-os-diretores-do-programa-domingo-espetacular-saiba-o-motivo\/"},"modified":"2024-12-04T20:06:21","modified_gmt":"2024-12-04T20:06:21","slug":"record-demite-os-diretores-do-programa-domingo-espetacular-saiba-o-motivo","status":"publish","type":"post","link":"https:\/\/tvbrazilusa.com\/pt\/2024\/12\/04\/record-demite-os-diretores-do-programa-domingo-espetacular-saiba-o-motivo\/","title":{"rendered":"Record demite os diretores do programa Domingo Espetacular; SAIBA O MOTIVO"},"content":{"rendered":"<p> <script async src=\"https:\/\/pagead2.googlesyndication.com\/pagead\/js\/adsbygoogle.js?client=ca-pub-8864793242727901\"\r\n     crossorigin=\"anonymous\"><\/script><br \/>\n<\/p>\n<div id=\"taboola-read-more\" style=\"display:block; width:100%\">\n<p>A Record deu continuidade \u00e0 sua onda de cortes de funcion\u00e1rios nesta ter\u00e7a-feira, 3. Logo de manh\u00e3, a emissora demitiu quatro profissionais que trabalhavam na chefia do Domingo Espetacular, incluindo o chefe de Reda\u00e7\u00e3o, Caio Piccolo, al\u00e9m do diretor de cria\u00e7\u00e3o da revista eletr\u00f4nica, Jo\u00e3o Scortecci.\n<\/p>\n<p>Tamb\u00e9m foram desligados o editor-executivo Marcelo Brasil e o editor Juan Pastor. De acordo com o Not\u00edcias da TV, a onda de desligamentos seguir\u00e1 pelos pr\u00f3ximos dias.<\/p>\n<p>Na segunda-feira, dia 2, j\u00e1 haviam sido demitidos os jornalistas Leandro Stoliar, sobrinho-neto de Silvio Santos (1930-2024), e Eric Klein, al\u00e9m do chefe de reportagem Cris Scaff, quatro cinegrafistas e dois funcion\u00e1rios da \u00e1rea administrativa.\n<\/p>\n<p>As demiss\u00f5es promovidas pela Record acabaram provocando o cancelamento de duas festas de fim de ano, incluindo a que aconteceria entre a equipe do Domingo Espetacular. A do Jornal da Record, principal notici\u00e1rio da emissora, tamb\u00e9m foi cancelada pelos profissionais, em solidariedade aos colegas que ficaram sem emprego.\n<\/p>\n<p>Record est\u00e1 em reestrutura\u00e7\u00e3o para viabilizar o Brasileir\u00e3o<br \/>Al\u00e9m dos cortes desta semana, outros funcion\u00e1rios foram desligados na \u00faltima semana: Marcelo Magalh\u00e3es, Priscilla Grans, Rodrigo Favero, o rep\u00f3rter Marcus Reis, Giullia Gazeta, Italo Cosme.\n<\/p>\n<p>As demiss\u00f5es promovidas pela Record servem para que o canal n\u00e3o tenha um preju\u00edzo milion\u00e1rio no balan\u00e7o do fim de ano. A emissora comprou os direitos de transmiss\u00e3o do Campeonato Brasileiro 2025 atrav\u00e9s de um acordo com a Liga Forte Uni\u00e3o, que possui times como o Corinthians, Fluminense e Internacional. Como ainda n\u00e3o vendeu todas as cotas de publicidade, a empresa precisa reestruturar o caixa \u00e0s pressas.\n<\/p>\n<p>Fonte: Revista Oeste              <\/p>\n<\/div>\n<p><br \/>\n<br \/><a href=\"https:\/\/diariodobrasilnoticias.com.br\/noticia\/record-demite-os-diretores-do-programa-domingo-espetacular-saiba-o-motivo-675096c7b7a13\">Source link <\/a><\/p>","protected":false},"excerpt":{"rendered":"<p>A Record deu continuidade \u00e0 sua onda de cortes de funcion\u00e1rios nesta ter\u00e7a-feira, 3. Logo de manh\u00e3, a emissora demitiu quatro profissionais que trabalhavam na chefia do Domingo Espetacular, incluindo&hellip;<\/p>","protected":false},"author":1,"featured_media":70809,"comment_status":"closed","ping_status":"open","sticky":false,"template":"","format":"standard","meta":{"content-type":"","footnotes":""},"categories":[16],"tags":[123,2448,5313,1267],"class_list":["post-70808","post","type-post","status-publish","format-standard","has-post-thumbnail","hentry","category-noticias","tag-brasil","tag-diario","tag-noticia","tag-noticias"],"_links":{"self":[{"href":"https:\/\/tvbrazilusa.com\/pt\/wp-json\/wp\/v2\/posts\/70808","targetHints":{"allow":["GET"]}}],"collection":[{"href":"https:\/\/tvbrazilusa.com\/pt\/wp-json\/wp\/v2\/posts"}],"about":[{"href":"https:\/\/tvbrazilusa.com\/pt\/wp-json\/wp\/v2\/types\/post"}],"author":[{"embeddable":true,"href":"https:\/\/tvbrazilusa.com\/pt\/wp-json\/wp\/v2\/users\/1"}],"replies":[{"embeddable":true,"href":"https:\/\/tvbrazilusa.com\/pt\/wp-json\/wp\/v2\/comments?post=70808"}],"version-history":[{"count":1,"href":"https:\/\/tvbrazilusa.com\/pt\/wp-json\/wp\/v2\/posts\/70808\/revisions"}],"predecessor-version":[{"id":70810,"href":"https:\/\/tvbrazilusa.com\/pt\/wp-json\/wp\/v2\/posts\/70808\/revisions\/70810"}],"wp:featuredmedia":[{"embeddable":true,"href":"https:\/\/tvbrazilusa.com\/pt\/wp-json\/wp\/v2\/media\/70809"}],"wp:attachment":[{"href":"https:\/\/tvbrazilusa.com\/pt\/wp-json\/wp\/v2\/media?parent=70808"}],"wp:term":[{"taxonomy":"category","embeddable":true,"href":"https:\/\/tvbrazilusa.com\/pt\/wp-json\/wp\/v2\/categories?post=70808"},{"taxonomy":"post_tag","embeddable":true,"href":"https:\/\/tvbrazilusa.com\/pt\/wp-json\/wp\/v2\/tags?post=70808"}],"curies":[{"name":"wp","href":"https:\/\/api.w.org\/{rel}","templated":true}]}}