{"id":70811,"date":"2024-12-04T20:09:17","date_gmt":"2024-12-04T20:09:17","guid":{"rendered":"https:\/\/tvbrazilusa.com\/2024\/12\/04\/juiz-acusado-de-ma-conduta-intencional-apos-supostamente-ajudar-suspeito-a-fugir-de-agentes-do-ice-em-2018\/"},"modified":"2024-12-04T20:11:57","modified_gmt":"2024-12-04T20:11:57","slug":"juiz-acusado-de-ma-conduta-intencional-apos-supostamente-ajudar-suspeito-a-fugir-de-agentes-do-ice-em-2018","status":"publish","type":"post","link":"https:\/\/tvbrazilusa.com\/pt\/2024\/12\/04\/juiz-acusado-de-ma-conduta-intencional-apos-supostamente-ajudar-suspeito-a-fugir-de-agentes-do-ice-em-2018\/","title":{"rendered":"Juiz acusado de m\u00e1 conduta \u2018intencional\u2019 ap\u00f3s supostamente ajudar suspeito a fugir de agentes do ICE em 2018"},"content":{"rendered":"<p> <script async src=\"https:\/\/pagead2.googlesyndication.com\/pagead\/js\/adsbygoogle.js?client=ca-pub-8864793242727901\"\r\n     crossorigin=\"anonymous\"><\/script><br \/>\n<\/p>\n<div id=\"\">\n<header class=\"m-article-header m-article-header--standard\">\n\t\t\t\t\t\t\t\t\t\t\t\t<span id=\"article-header-primary-term\"><br \/>\n\t\t\t\t\t\t\t\t<a class=\"a-term a-term--primary\" href=\"https:\/\/www.boston.com\/tag\/local-news\/\"><\/p>\n<p>\t\t\t\t\t\t\t\tNot\u00edcias locais\t\t\t\t\t\t\t\t<\/a><br \/>\n\t\t\t\t\t\t\t<\/span><\/p>\n<h2 class=\"m-article-header__sub-headline\">A ju\u00edza Shelley Joseph negou as acusa\u00e7\u00f5es de m\u00e1 conduta e disse que n\u00e3o tinha inten\u00e7\u00e3o de ajudar na fuga do homem.<\/h2>\n<figure class=\"a-photo m-article-header__photo\"><figcaption class=\"a-photo__caption\">\n<p>\tA ju\u00edza do Tribunal Distrital de Newton, Shelley M. Richmond Joseph, deixa o Tribunal Federal.<em> Jessica Rinaldi\/Equipe do Boston Globe, Arquivo<\/em>\t<\/figcaption><\/figure>\n<\/header>\n<p>Um juiz de Massachusetts est\u00e1 enfrentando acusa\u00e7\u00f5es de \u201cm\u00e1 conduta judicial intencional\u201d por supostamente ter ajudado um imigrante indocumentado a escapar da cust\u00f3dia federal em um tribunal de Newton em 2018 \u2013 o mesmo incidente que <a href=\"https:\/\/www.boston.com\/news\/local-news\/2019\/04\/25\/federal-prosecutors-charge-mass-judge-with-obstructing-justice\/\" target=\"_blank\" rel=\"noreferrer noopener\">uma vez a vi indiciada federalmente<\/a>.<\/p>\n<p>A conduta da ju\u00edza Shelley Joseph foi \u201cimpr\u00f3pria para um oficial de justi\u00e7a\u201d, alegou a Comiss\u00e3o de Conduta Judicial de Massachusetts na segunda-feira, arquivando <a href=\"https:\/\/www.mass.gov\/doc\/cjc-complaint-number-2019-22-formal-charges-and-response-from-judge\/download\" target=\"_blank\" rel=\"noreferrer noopener\">acusa\u00e7\u00f5es formais<\/a> contra ela junto ao Supremo Tribunal Judicial. <\/p>\n<p>Respons\u00e1vel por investigar reclama\u00e7\u00f5es e alega\u00e7\u00f5es de m\u00e1 conduta judicial contra ju\u00edzes de Massachusetts, a ag\u00eancia estadual acusou Joseph de violar o <a href=\"https:\/\/www.mass.gov\/supreme-judicial-court-rules\/supreme-judicial-court-rule-309-code-of-judicial-conduct\" target=\"_blank\" rel=\"noreferrer noopener\">C\u00f3digo de Conduta Judicial<\/a> ao n\u00e3o cumprir a lei. A comiss\u00e3o alega ainda que Joseph se envolveu em conduta desonrosa para o cargo judicial e \u201cprejudicial para a administra\u00e7\u00e3o da justi\u00e7a\u201d. <\/p>\n<p>A comiss\u00e3o solicitou ao SJC que nomeasse um auditor e disse que agendar\u00e1 uma audi\u00eancia p\u00fablica dentro de 30 a 60 dias ap\u00f3s essa nomea\u00e7\u00e3o, na segunda-feira. <a href=\"https:\/\/www.mass.gov\/news\/commission-on-judicial-conduct-files-formal-charges-against-judge-shelley-m-richmond-joseph\" target=\"_blank\" rel=\"noreferrer noopener\">Comunicado de imprensa<\/a>. <\/p>\n<p>\u201cO juiz Joseph espera uma audi\u00eancia em que todas as circunst\u00e2ncias finalmente se tornem p\u00fablicas\u201d, disse seu advogado, Thomas Hoopes, em comunicado.<\/p>\n<p><a href=\"https:\/\/www.bostonglobe.com\/metro\/2019\/04\/26\/who-judge-shelley-joseph\/JHlChHOavnwG82VALOQjsN\/story.html\" target=\"_blank\" rel=\"noreferrer noopener\">Nomeado<\/a> pelo ex-governador Charlie Baker em 2017, Joseph estava no banco h\u00e1 menos de um ano quando o incidente de 2 de abril de 2018 ocorreu no Tribunal Distrital de Newton. <\/p>\n<p>De acordo com documentos judiciais, um homem chamado Jose Medina-Perez compareceu perante Joseph naquele dia para ser acusado de acusa\u00e7\u00f5es criminais, incluindo contraven\u00e7\u00f5es relacionadas a drogas e uma acusa\u00e7\u00e3o de fugitivo da justi\u00e7a na Pensilv\u00e2nia. Ele teria sido deportado dos EUA <a href=\"https:\/\/www.justice.gov\/usao-ma\/pr\/massachusetts-district-court-judge-and-court-officer-indicted-obstruction-justice\" target=\"_blank\" rel=\"noreferrer noopener\">j\u00e1 duas vezes<\/a> e foi impedido de entrar novamente no pa\u00eds at\u00e9 2027.<\/p>\n<p>Joseph supostamente sabia que o Departamento de Imigra\u00e7\u00e3o e Alf\u00e2ndega dos EUA pretendia levar Medina-Perez sob cust\u00f3dia e instruiu um agente do ICE a esperar do lado de fora do tribunal. Enquanto o agente do ICE esperava no sagu\u00e3o do tribunal, Medina-Perez foi supostamente autorizado a escapar por uma porta traseira segura depois que Joseph conversou com os advogados sobre o caso em uma barra lateral n\u00e3o registrada.<\/p>\n<p>Jos\u00e9 era <a href=\"https:\/\/www.boston.com\/news\/local-news\/2019\/05\/30\/judge-charged-with-helping-man-evade-ice-agent-wants-salary-back\/\" target=\"_blank\" rel=\"noreferrer noopener\">suspenso<\/a> em abril de 2019, \u00e0 luz de sua acusa\u00e7\u00e3o federal por obstru\u00e7\u00e3o de justi\u00e7a. No entanto, os procuradores federais <a href=\"https:\/\/www.boston.com\/news\/local-news\/2022\/09\/22\/feds-drop-case-against-newton-judge-shelley-joseph-charged-in-immigrants-escape\/\" target=\"_blank\" rel=\"noreferrer noopener\">retirou as acusa\u00e7\u00f5es<\/a> em 2022, depois que Joseph concordou em encaminhar-se para a Comiss\u00e3o de Conduta Judicial. Ela era <a href=\"https:\/\/www.boston.com\/news\/local-news\/2022\/11\/17\/newton-judge-accused-of-helping-immigrant-evade-ice-is-back-on-the-bench\/\" target=\"_blank\" rel=\"noreferrer noopener\">reintegrado<\/a> mais tarde naquele ano e agora \u00e9 juiz no <a href=\"https:\/\/www.mass.gov\/info-details\/boston-municipal-court-justices\" target=\"_blank\" rel=\"noreferrer noopener\">Tribunal Municipal de Boston<\/a>. <\/p>\n<p>Embora a comiss\u00e3o alegue que Joseph foi \u201cmenos do que totalmente sincero\u201d com os ju\u00edzes seniores quando inicialmente questionado sobre o incidente de 2018, ela e sua equipe jur\u00eddica dizem o contr\u00e1rio. De acordo com a sua refuta\u00e7\u00e3o de 27 p\u00e1ginas, Joseph \u201ccooperou totalmente e respondeu com sinceridade \u00e0s perguntas dos seus colegas judiciais, supervisores e autoridades judiciais disciplinares\u201d. <\/p>\n<p>Negando as acusa\u00e7\u00f5es de m\u00e1 conduta, a resposta do juiz tamb\u00e9m afirma que Joseph \u201ctentou sempre tratar as partes perante ela, incluindo Jose Medina-Perez, de forma justa e de acordo com a lei e as pol\u00edticas do tribunal, e promover a administra\u00e7\u00e3o justa da justi\u00e7a\u201d. e a confian\u00e7a do p\u00fablico na independ\u00eancia, integridade e imparcialidade do judici\u00e1rio\u201d. <\/p>\n<p>Relembrando o dia em quest\u00e3o, Joseph disse que esperava que Medina-Perez fosse libertado sob fian\u00e7a sob cust\u00f3dia do ICE e pretendia dar-lhe a oportunidade de consultar previamente o seu advogado. <\/p>\n<p>Ap\u00f3s o processo judicial, \u201cpresumi que o r\u00e9u estava sob cust\u00f3dia do ICE\u201d, escreveu Joseph. \u201cS\u00f3 soube dois dias depois, quando voltei ao Tribunal Distrital de Newton, que ele n\u00e3o havia sido levado sob cust\u00f3dia do ICE.\u201d<\/p>\n<p>Embora ela tenha dito que n\u00e3o tinha inten\u00e7\u00e3o de ajudar na fuga de Medina-Perez, Joseph acrescentou: \u201cLamento o dano que a forma como lidei com o assunto causou \u00e0 reputa\u00e7\u00e3o do judici\u00e1rio de Massachusetts\u201d.<\/p>\n<div class=\"o-author-single has-avatar\">\n<header class=\"m-author-card\">\n<div class=\"a-image a-image--square m-author-card__image\">\n\t\t<img decoding=\"async\" class=\"\" src=\"https:\/\/www.boston.com\/wp-content\/uploads\/2024\/10\/cropped-Patkin-Headshot-66fea67b66dd2-scaled-1-66fea6a1c6f25.jpg\" alt=\"Imagem do perfil de Abby Patkin\"\/>\t<\/div>\n<\/header>\n<section class=\"author-info\">\n<div class=\"m-author__section\">\n<p>Abby Patkin \u00e9 uma rep\u00f3rter de not\u00edcias gerais cujo trabalho aborda transporte p\u00fablico, crime, sa\u00fade e tudo mais.<\/p>\n<\/div>\n<\/section>\n<\/div>\n<div class=\"m-block m-generic-cta\t m-generic-cta--post-content\t m-generic-cta--dark\t m-generic-cta--homepage\t m-generic-cta--email-signup\t\t m-generic-cta-block-style--default \tt-amp__generic-cta\"><\/p>\n<div class=\"m-generic-cta__wrap\">\n<div class=\"m-generic-cta__content\">\n<h3 class=\"m-generic-cta__title\">Boston.com hoje<\/h3>\n<p class=\"m-generic-cta__subtitle\">Inscreva-se para receber as \u00faltimas manchetes em sua caixa de entrada todas as manh\u00e3s.<\/p>\n<\/p><\/div>\n<\/p><\/div>\n<\/div><\/div>\n<p><script>\n\t\tvar consent=\"grant\";\n\t\t\/* The above code is parsing the JSON data from the local storage and storing it in a variable. *\/\n\t\t\t\t\tconst onetrustStorageConsent = JSON.parse(localStorage.getItem( 'consent_one_trust_bdc' ) );\n\t\t\tif ( ( onetrustStorageConsent !== null ) ) {\n\t\t\t\t\/* Checking to see if the user has consented to the use of cookies.\n\t\t\t\t* If they have not, it is deleting the cookie.\n\t\t\t\t* This will comment for now, until further notice.\n\t\t\t\t*\/\n\t\t\t\t\/\/if ( onetrustStorageConsent.C0002 === false ) {\n\t\t\t\t\/\/\tdocument.cookie=\"_fbp=;expires=Thu, 01 Jan 2010 00:00:00 UTC; path=\/; domain=.boston.com\";\n\t\t\t\t\/\/}\n\t\t\t\t\/* Checking if the user has given consent for the cookie C0002.\n\t\t\t\t* If the user has given consent, the variable consent will be set to 'grant'.\n\t\t\t\t* If the user has not given consent,the variable consent will be set to 'revoke'.\n\t\t\t\t* Documentation https:\/\/developers.facebook.com\/docs\/meta-pixel\/implementation\/gdpr\n\t\t\t\t*\/\n\t\t\t\tif ( onetrustStorageConsent.C0002 !== true ) {\n\t\t\t\t\tconsent=\"revoke\";\n\t\t\t\t}\n\t\t\t}\n\t\t\t\t!function(f,b,e,v,n,t,s)\n\t\t{if(f.fbq)return;n=f.fbq=function(){n.callMethod?\n\t\tn.callMethod.apply(n,arguments):n.queue.push(arguments)};\n\t\tif(!f._fbq)f._fbq=n;n.push=n;n.loaded=!0;n.version='2.0';\n\t\tn.queue=[];t=b.createElement(e);t.async=!0;\n\t\tt.src=v;s=b.getElementsByTagName(e)[0];\n\t\ts.parentNode.insertBefore(t,s)}(window, document,'script',\n\t\t'https:\/\/connect.facebook.net\/en_US\/fbevents.js');\n\t\tfbq('consent', consent);\n\t\tfbq('init', '989222871864976');\n\t\tfbq('track', 'PageView');\n\t<\/script><script type=\"module\">\n\t\tvar consent=\"grant\";\n\t\t\/* The above code is parsing the JSON data from the local storage and storing it in a variable. *\/\n\t\t\tconst onetrustStorageConsent = JSON.parse(localStorage.getItem( 'consent_one_trust_bdc' ) );\n\t\t\t\/* Checking to see if the user has consented to the use of cookies.\n\t\t\t* If they have not, it is deleting the cookie.\n\t\t\t* This will comment for now, until further notice.\n\t\t\t*\/\n\t\t\t\/\/if ( onetrustStorageConsent.C0002 === false ) {\n\t\t\t\/\/\tdocument.cookie=\"_fbp=;expires=Thu, 01 Jan 2010 00:00:00 UTC; path=\/; domain=.boston.com\";\n\t\t\t\/\/}\n\t\t\t\/* Checking if the user has given consent for the cookie C0002.\n\t\t\t* If the user has given consent, the variable consent will be set to 'grant'.\n\t\t\t* If the user has not given consent,the variable consent will be set to 'revoke'.\n\t\t\t* Documentation https:\/\/developers.facebook.com\/docs\/meta-pixel\/implementation\/gdpr\n\t\t\t*\/\n\t\t\tif ( ( onetrustStorageConsent !== null ) && (onetrustStorageConsent.C0002 !== true ) ) {\n\t\t\t\tconsent=\"revoke\";\n\t\t\t}\n\t\t\t\t!function(f,b,e,v,n,t,s){if(f.fbq)return;n=f.fbq=function()\n\t\t{n.callMethod? n.callMethod.apply(n,arguments):n.queue.push(arguments)}\n\t\t;if(!f._fbq)f._fbq=n;\n\t\tn.push=n;n.loaded=!0;n.version='2.0';n.queue=[];t=b.createElement(e);t.async=!0;\n\t\tt.src=v;s=b.getElementsByTagName(e)[0];s.parentNode.insertBefore(t,s)}(window,\n\t\tdocument,'script','https:\/\/connect.facebook.net\/en_US\/fbevents.js');\n\t\tfbq('consent', consent);\n\t\tfbq('init', '813236348753005');\n\t\tfbq('track', \"PageView\");\n\t<\/script><br \/>\n<br \/><br \/>\n<br \/><a href=\"https:\/\/www.boston.com\/news\/local-news\/2024\/12\/04\/judge-shelley-joseph-accused-misconduct-allegedly-allowing-suspect-escape-ice-agents\/\">Source link <\/a><\/p>","protected":false},"excerpt":{"rendered":"<p>Not\u00edcias locais A ju\u00edza Shelley Joseph negou as acusa\u00e7\u00f5es de m\u00e1 conduta e disse que n\u00e3o tinha inten\u00e7\u00e3o de ajudar na fuga do homem. A ju\u00edza do Tribunal Distrital de&hellip;<\/p>","protected":false},"author":1,"featured_media":70812,"comment_status":"closed","ping_status":"open","sticky":false,"template":"","format":"standard","meta":{"content-type":"","footnotes":""},"categories":[1],"tags":[],"class_list":["post-70811","post","type-post","status-publish","format-standard","has-post-thumbnail","hentry","category-uncategorized"],"_links":{"self":[{"href":"https:\/\/tvbrazilusa.com\/pt\/wp-json\/wp\/v2\/posts\/70811","targetHints":{"allow":["GET"]}}],"collection":[{"href":"https:\/\/tvbrazilusa.com\/pt\/wp-json\/wp\/v2\/posts"}],"about":[{"href":"https:\/\/tvbrazilusa.com\/pt\/wp-json\/wp\/v2\/types\/post"}],"author":[{"embeddable":true,"href":"https:\/\/tvbrazilusa.com\/pt\/wp-json\/wp\/v2\/users\/1"}],"replies":[{"embeddable":true,"href":"https:\/\/tvbrazilusa.com\/pt\/wp-json\/wp\/v2\/comments?post=70811"}],"version-history":[{"count":1,"href":"https:\/\/tvbrazilusa.com\/pt\/wp-json\/wp\/v2\/posts\/70811\/revisions"}],"predecessor-version":[{"id":70813,"href":"https:\/\/tvbrazilusa.com\/pt\/wp-json\/wp\/v2\/posts\/70811\/revisions\/70813"}],"wp:featuredmedia":[{"embeddable":true,"href":"https:\/\/tvbrazilusa.com\/pt\/wp-json\/wp\/v2\/media\/70812"}],"wp:attachment":[{"href":"https:\/\/tvbrazilusa.com\/pt\/wp-json\/wp\/v2\/media?parent=70811"}],"wp:term":[{"taxonomy":"category","embeddable":true,"href":"https:\/\/tvbrazilusa.com\/pt\/wp-json\/wp\/v2\/categories?post=70811"},{"taxonomy":"post_tag","embeddable":true,"href":"https:\/\/tvbrazilusa.com\/pt\/wp-json\/wp\/v2\/tags?post=70811"}],"curies":[{"name":"wp","href":"https:\/\/api.w.org\/{rel}","templated":true}]}}