{"id":70814,"date":"2024-12-04T20:18:16","date_gmt":"2024-12-04T20:18:16","guid":{"rendered":"https:\/\/tvbrazilusa.com\/2024\/12\/04\/serie-sobre-ayrton-senna-e-a-producao-nacional-mais-cara-da-historia-da-netflix-valor-impressiona\/"},"modified":"2024-12-04T20:18:17","modified_gmt":"2024-12-04T20:18:17","slug":"serie-sobre-ayrton-senna-e-a-producao-nacional-mais-cara-da-historia-da-netflix-valor-impressiona","status":"publish","type":"post","link":"https:\/\/tvbrazilusa.com\/pt\/2024\/12\/04\/serie-sobre-ayrton-senna-e-a-producao-nacional-mais-cara-da-historia-da-netflix-valor-impressiona\/","title":{"rendered":"S\u00e9rie sobre Ayrton Senna \u00e9 a produ\u00e7\u00e3o nacional mais cara da hist\u00f3ria da Netflix; VALOR IMPRESSIONA"},"content":{"rendered":"<p> <script async src=\"https:\/\/pagead2.googlesyndication.com\/pagead\/js\/adsbygoogle.js?client=ca-pub-8864793242727901\"\r\n     crossorigin=\"anonymous\"><\/script><br \/>\n<\/p>\n<div id=\"taboola-read-more\" style=\"display:block; width:100%\">\n<p>A s\u00e9rie sobre Ayrton Senna, que teve seus epis\u00f3dios lan\u00e7ados pela Netflix no final de novembro, se tornou uma das produ\u00e7\u00f5es mais caras da hist\u00f3ria da plataforma, e a mais cara da hist\u00f3ria quando se consideram apenas conte\u00fados nacionais.\n<\/p>\n<p>De acordo com informa\u00e7\u00f5es do jornal O Globo, Senna custou cerca de R$ 250 milh\u00f5es aos cofres do gigante do streaming e contou com 15 mil pessoas envolvidas, entre equipe t\u00e9cnica, elenco, coadjuvantes e p\u00f3s-produ\u00e7\u00e3o.<\/p>\n<p>Nos bastidores, a ideia \u00e9 que o seriado da Netflix sobre Ayrton Senna seja um divisor de \u00e1guas no streaming nacional, com grande potencial para se tornar um grande sucesso comercial aqui e l\u00e1 fora.\n<\/p>\n<p>\u201cNosso sonho \u00e9 que essa seja a obra de maior repercuss\u00e3o no audiovisual. Produzida a partir do Brasil, mas com alcance global. \u00c9 impressionante como 30 anos ap\u00f3s sua morte Ayrton Senna ainda \u00e9 visto como grande exemplo em todo o mundo\u201d, disse o produtor Fabiano Gullane.\n<\/p>\n<p>Int\u00e9rprete de Ayrton Senna na Netflix fala sobre o papel no seriado<br \/>A produ\u00e7\u00e3o da Netflix, em seis epis\u00f3dios, com dire\u00e7\u00e3o de Vicente Amorim e Julia Rezende, contou com Gabriel Leone como int\u00e9rprete do piloto, considerado um dos maiores velocistas de todo os tempos da F\u00f3rmula 1.\n<\/p>\n<p>Em entrevista ao jornal, o ator contou como foi a sua prepara\u00e7\u00e3o para o papel e revela que passou quase um ano falando como paulista no seu dia a dia. \u201cO sotaque eu decidi botar na minha vida, ent\u00e3o eu fiquei o ano passado inteiro falando como paulista\u201d, contou Gabriel Leone.\n<\/p>\n<p>\u201cEu queria que isso estivesse muito org\u00e2nico em cena. N\u00e3o queria me preocupar em fazer um sotaque e eventualmente errar. Quis que isso estivesse fluido\u201d, disse ele, relatando que analisou muito Ayrton Senna para poder viver o papel.\n<\/p>\n<p>\u201cPrestei muita aten\u00e7\u00e3o nos olhos do Ayrton. O olhar dele sempre disse muito, sempre foi muito expressivo. Foi o meu ponto de encontro com essa alma, com a ess\u00eancia\u201d, completa.\n<\/p>\n<p>Fonte: Revista Oeste              <\/p>\n<\/div>\n<p><br \/>\n<br \/><a href=\"https:\/\/diariodobrasilnoticias.com.br\/noticia\/serie-sobre-ayrton-senna-e-a-producao-nacional-mais-cara-da-historia-da-netflix-valor-impressiona-67509631ec4e8\">Source link <\/a><\/p>","protected":false},"excerpt":{"rendered":"<p>A s\u00e9rie sobre Ayrton Senna, que teve seus epis\u00f3dios lan\u00e7ados pela Netflix no final de novembro, se tornou uma das produ\u00e7\u00f5es mais caras da hist\u00f3ria da plataforma, e a mais&hellip;<\/p>","protected":false},"author":1,"featured_media":70815,"comment_status":"closed","ping_status":"open","sticky":false,"template":"","format":"standard","meta":{"content-type":"","footnotes":""},"categories":[16],"tags":[123,2448,5313,1267],"class_list":["post-70814","post","type-post","status-publish","format-standard","has-post-thumbnail","hentry","category-noticias","tag-brasil","tag-diario","tag-noticia","tag-noticias"],"_links":{"self":[{"href":"https:\/\/tvbrazilusa.com\/pt\/wp-json\/wp\/v2\/posts\/70814","targetHints":{"allow":["GET"]}}],"collection":[{"href":"https:\/\/tvbrazilusa.com\/pt\/wp-json\/wp\/v2\/posts"}],"about":[{"href":"https:\/\/tvbrazilusa.com\/pt\/wp-json\/wp\/v2\/types\/post"}],"author":[{"embeddable":true,"href":"https:\/\/tvbrazilusa.com\/pt\/wp-json\/wp\/v2\/users\/1"}],"replies":[{"embeddable":true,"href":"https:\/\/tvbrazilusa.com\/pt\/wp-json\/wp\/v2\/comments?post=70814"}],"version-history":[{"count":1,"href":"https:\/\/tvbrazilusa.com\/pt\/wp-json\/wp\/v2\/posts\/70814\/revisions"}],"predecessor-version":[{"id":70816,"href":"https:\/\/tvbrazilusa.com\/pt\/wp-json\/wp\/v2\/posts\/70814\/revisions\/70816"}],"wp:featuredmedia":[{"embeddable":true,"href":"https:\/\/tvbrazilusa.com\/pt\/wp-json\/wp\/v2\/media\/70815"}],"wp:attachment":[{"href":"https:\/\/tvbrazilusa.com\/pt\/wp-json\/wp\/v2\/media?parent=70814"}],"wp:term":[{"taxonomy":"category","embeddable":true,"href":"https:\/\/tvbrazilusa.com\/pt\/wp-json\/wp\/v2\/categories?post=70814"},{"taxonomy":"post_tag","embeddable":true,"href":"https:\/\/tvbrazilusa.com\/pt\/wp-json\/wp\/v2\/tags?post=70814"}],"curies":[{"name":"wp","href":"https:\/\/api.w.org\/{rel}","templated":true}]}}