{"id":70832,"date":"2024-12-04T20:34:48","date_gmt":"2024-12-04T20:34:48","guid":{"rendered":"https:\/\/tvbrazilusa.com\/2024\/12\/04\/harvard-reverte-decisao-sobre-moradia-para-estudantes-internacionais-durante-as-ferias-de-inverno-permitindo-que-os-estudantes-fiquem\/"},"modified":"2024-12-04T20:53:11","modified_gmt":"2024-12-04T20:53:11","slug":"harvard-reverte-decisao-sobre-moradia-para-estudantes-internacionais-durante-as-ferias-de-inverno-permitindo-que-os-estudantes-fiquem","status":"publish","type":"post","link":"https:\/\/tvbrazilusa.com\/pt\/2024\/12\/04\/harvard-reverte-decisao-sobre-moradia-para-estudantes-internacionais-durante-as-ferias-de-inverno-permitindo-que-os-estudantes-fiquem\/","title":{"rendered":"Harvard reverte decis\u00e3o sobre moradia para estudantes internacionais durante as f\u00e9rias de inverno, permitindo que os estudantes fiquem"},"content":{"rendered":"<p> <script async src=\"https:\/\/pagead2.googlesyndication.com\/pagead\/js\/adsbygoogle.js?client=ca-pub-8864793242727901\"\r\n     crossorigin=\"anonymous\"><\/script><br \/>\n<\/p>\n<div id=\"\">\n<header class=\"m-article-header m-article-header--standard\">\n\t\t\t\t\t\t\t\t\t\t\t\t<span id=\"article-header-primary-term\"><br \/>\n\t\t\t\t\t\t\t\t<a class=\"a-term a-term--primary\" href=\"https:\/\/www.boston.com\/tag\/local-news\/\"><\/p>\n<p>\t\t\t\t\t\t\t\tNot\u00edcias locais\t\t\t\t\t\t\t\t<\/a><br \/>\n\t\t\t\t\t\t\t<\/span><\/p>\n<h2 class=\"m-article-header__sub-headline\">Os estudantes expressaram indigna\u00e7\u00e3o com a universidade depois que ela inicialmente rejeitou dezenas de inscri\u00e7\u00f5es de estudantes internacionais para permanecer no campus durante as f\u00e9rias.<\/h2>\n<figure class=\"a-photo m-article-header__photo\"><figcaption class=\"a-photo__caption\">\n<p>\tDunster House, no campus da Universidade de Harvard, onde os administradores reverteram recentemente uma decis\u00e3o que inicialmente impedia que estudantes internacionais permanecessem no campus durante as f\u00e9rias de inverno. (Mel Musto\/Bloomberg)<em> <\/em>\t<\/figcaption><\/figure>\n<\/header>\n<p>O Harvard College Housing Office ofereceu alojamento no campus durante as f\u00e9rias de inverno a estudantes internacionais cujos pedidos de perman\u00eancia foram inicialmente negados. <\/p>\n<p>Um e-mail enviado a dezenas de estudantes internacionais da faculdade na tarde de segunda-feira dizia que o Departamento de Habita\u00e7\u00e3o decidiu \u201creconsiderar\u201d as inscri\u00e7\u00f5es recentes dos estudantes, de acordo com <a href=\"https:\/\/www.thecrimson.com\/article\/2024\/12\/3\/in-reversal-harvard-offers-internationals-housing\"><em>O carmesim de Harvard<\/em><\/a>. Os administradores pediram desculpas por \u201cqualquer mal-entendido que possa ter sido causado pela inconsist\u00eancia na linguagem que usamos em torno dos crit\u00e9rios na tomada dessas decis\u00f5es.<\/p>\n<p>\u201cEntendemos que isso gerou confus\u00e3o, pois os alunos planejavam as f\u00e9rias de inverno. Saiba que esta nunca foi nossa inten\u00e7\u00e3o e esperamos que esta decis\u00e3o de atualiza\u00e7\u00e3o seja \u00fatil para voc\u00ea\u201d, o e-mail, que <a href=\"https:\/\/www.bostonglobe.com\/2024\/12\/04\/metro\/harvard-allows-international-students-to-stay-on-campus-during-winter-break\/\"><em>O Globo de Boston<\/em> compartilhado<\/a>l\u00ea. <\/p>\n<p>N\u00e3o explicou por que raz\u00e3o os seus pedidos foram <a href=\"https:\/\/www.boston.com\/news\/local-news\/2024\/12\/02\/harvard-international-students-denied-winter-break-housing\/\">inicialmente rejeitado<\/a>nem o que levou \u00e0 revers\u00e3o das decis\u00f5es anteriores. A universidade n\u00e3o respondeu a um pedido de coment\u00e1rio. <\/p>\n<p>A universidade enfrentou rea\u00e7\u00f5es adversas por parte de ex-alunos e professores por sua decis\u00e3o. <a href=\"https:\/\/www.change.org\/p\/protect-international-students-address-harvard-s-winter-housing-crisis\">Uma peti\u00e7\u00e3o on-line<\/a> circulou pedindo a Harvard para resolver a situa\u00e7\u00e3o, coletando 337 assinaturas. Nos coment\u00e1rios \u00e0 peti\u00e7\u00e3o e ao<em> Carmesim<\/em>de <a href=\"https:\/\/www.instagram.com\/p\/DDCqMsGvqHk\/?utm_source=ig_web_copy_link&#038;igsh=MzRlODBiNWFlZA%3D%3D\">Postagem no Instagram<\/a> sobre o seu artigo sobre as candidaturas rejeitadas, as pessoas transmitiram as suas preocupa\u00e7\u00f5es. <\/p>\n<p>\u201cComo ex-aluno de Harvard, estou chocado que eles se recusem a hospedar estudantes internacionais durante as f\u00e9rias de inverno\u201d, escreveu um comentarista na peti\u00e7\u00e3o. \u201cConhecendo a falta de moradias acess\u00edveis e as altas despesas de subsist\u00eancia na \u00e1rea, n\u00e3o tenho ideia de quais desculpas eles t\u00eam para justificar submeter esses estudantes a dificuldades financeiras e pessoais durante as f\u00e9rias de inverno.\u201d <\/p>\n<p>E outros sugeriram solu\u00e7\u00f5es: \u201cMoro fora do campus e tenho quartos vazios durante as f\u00e9rias de inverno\u201d, comentou um usu\u00e1rio no site. <em>Carmesim<\/em> Postagem no Instagram.<\/p>\n<p>Os alunos expressaram al\u00edvio ao<em> Carmesim <\/em>que Harvard ouviu aqueles que defendiam a habita\u00e7\u00e3o nas f\u00e9rias de inverno.<\/p>\n<p>\u201cAcho que a li\u00e7\u00e3o aprendida \u00e9 que quando estamos frustrados e h\u00e1 uma decis\u00e3o que n\u00e3o faz sentido, devemos nos mobilizar, e devemos fazer uma peti\u00e7\u00e3o, e devemos falar com a m\u00eddia \u2013 porque aparentemente isso \u00e9 tudo com o que Harvard se preocupa, \u201d disse Pedro Rocha Fraz\u00e3o, estudante internacional de Harvard entrevistado pelo<em> Carmesim. <\/em> <\/p>\n<p>Mas alguns tamb\u00e9m partilhavam a frustra\u00e7\u00e3o, como uma estudante, Sarra Guezguez, que comprou um bilhete de avi\u00e3o para casa por mais de 1.600 d\u00f3lares porque n\u00e3o tinha onde ficar aqui. <\/p>\n<p>\u201cAgora temos acesso aos dormit\u00f3rios, mas esse dinheiro n\u00e3o ser\u00e1 devolvido\u201d, disse ela ao<em> Carmesim.<\/em><\/p>\n<div class=\"m-block m-generic-cta\t m-generic-cta--post-content\t m-generic-cta--dark\t m-generic-cta--homepage\t m-generic-cta--email-signup\t\t m-generic-cta-block-style--default \tt-amp__generic-cta\"><\/p>\n<div class=\"m-generic-cta__wrap\">\n<div class=\"m-generic-cta__content\">\n<h3 class=\"m-generic-cta__title\">Boston.com hoje<\/h3>\n<p class=\"m-generic-cta__subtitle\">Inscreva-se para receber as \u00faltimas manchetes em sua caixa de entrada todas as manh\u00e3s.<\/p>\n<\/p><\/div>\n<\/p><\/div>\n<\/div><\/div>\n<p><script>\n\t\tvar consent=\"grant\";\n\t\t\/* The above code is parsing the JSON data from the local storage and storing it in a variable. *\/\n\t\t\t\t\tconst onetrustStorageConsent = JSON.parse(localStorage.getItem( 'consent_one_trust_bdc' ) );\n\t\t\tif ( ( onetrustStorageConsent !== null ) ) {\n\t\t\t\t\/* Checking to see if the user has consented to the use of cookies.\n\t\t\t\t* If they have not, it is deleting the cookie.\n\t\t\t\t* This will comment for now, until further notice.\n\t\t\t\t*\/\n\t\t\t\t\/\/if ( onetrustStorageConsent.C0002 === false ) {\n\t\t\t\t\/\/\tdocument.cookie=\"_fbp=;expires=Thu, 01 Jan 2010 00:00:00 UTC; path=\/; domain=.boston.com\";\n\t\t\t\t\/\/}\n\t\t\t\t\/* Checking if the user has given consent for the cookie C0002.\n\t\t\t\t* If the user has given consent, the variable consent will be set to 'grant'.\n\t\t\t\t* If the user has not given consent,the variable consent will be set to 'revoke'.\n\t\t\t\t* Documentation https:\/\/developers.facebook.com\/docs\/meta-pixel\/implementation\/gdpr\n\t\t\t\t*\/\n\t\t\t\tif ( onetrustStorageConsent.C0002 !== true ) {\n\t\t\t\t\tconsent=\"revoke\";\n\t\t\t\t}\n\t\t\t}\n\t\t\t\t!function(f,b,e,v,n,t,s)\n\t\t{if(f.fbq)return;n=f.fbq=function(){n.callMethod?\n\t\tn.callMethod.apply(n,arguments):n.queue.push(arguments)};\n\t\tif(!f._fbq)f._fbq=n;n.push=n;n.loaded=!0;n.version='2.0';\n\t\tn.queue=[];t=b.createElement(e);t.async=!0;\n\t\tt.src=v;s=b.getElementsByTagName(e)[0];\n\t\ts.parentNode.insertBefore(t,s)}(window, document,'script',\n\t\t'https:\/\/connect.facebook.net\/en_US\/fbevents.js');\n\t\tfbq('consent', consent);\n\t\tfbq('init', '989222871864976');\n\t\tfbq('track', 'PageView');\n\t<\/script><script type=\"module\">\n\t\tvar consent=\"grant\";\n\t\t\/* The above code is parsing the JSON data from the local storage and storing it in a variable. *\/\n\t\t\tconst onetrustStorageConsent = JSON.parse(localStorage.getItem( 'consent_one_trust_bdc' ) );\n\t\t\t\/* Checking to see if the user has consented to the use of cookies.\n\t\t\t* If they have not, it is deleting the cookie.\n\t\t\t* This will comment for now, until further notice.\n\t\t\t*\/\n\t\t\t\/\/if ( onetrustStorageConsent.C0002 === false ) {\n\t\t\t\/\/\tdocument.cookie=\"_fbp=;expires=Thu, 01 Jan 2010 00:00:00 UTC; path=\/; domain=.boston.com\";\n\t\t\t\/\/}\n\t\t\t\/* Checking if the user has given consent for the cookie C0002.\n\t\t\t* If the user has given consent, the variable consent will be set to 'grant'.\n\t\t\t* If the user has not given consent,the variable consent will be set to 'revoke'.\n\t\t\t* Documentation https:\/\/developers.facebook.com\/docs\/meta-pixel\/implementation\/gdpr\n\t\t\t*\/\n\t\t\tif ( ( onetrustStorageConsent !== null ) && (onetrustStorageConsent.C0002 !== true ) ) {\n\t\t\t\tconsent=\"revoke\";\n\t\t\t}\n\t\t\t\t!function(f,b,e,v,n,t,s){if(f.fbq)return;n=f.fbq=function()\n\t\t{n.callMethod? n.callMethod.apply(n,arguments):n.queue.push(arguments)}\n\t\t;if(!f._fbq)f._fbq=n;\n\t\tn.push=n;n.loaded=!0;n.version='2.0';n.queue=[];t=b.createElement(e);t.async=!0;\n\t\tt.src=v;s=b.getElementsByTagName(e)[0];s.parentNode.insertBefore(t,s)}(window,\n\t\tdocument,'script','https:\/\/connect.facebook.net\/en_US\/fbevents.js');\n\t\tfbq('consent', consent);\n\t\tfbq('init', '813236348753005');\n\t\tfbq('track', \"PageView\");\n\t<\/script><script async src=\"\/\/www.instagram.com\/embed.js\"><\/script><br \/>\n<br \/><br \/>\n<br \/><a href=\"https:\/\/www.boston.com\/news\/local-news\/2024\/12\/04\/harvard-decision-international-students-on-campus-housing\/\">Source link <\/a><\/p>","protected":false},"excerpt":{"rendered":"<p>Not\u00edcias locais Os estudantes expressaram indigna\u00e7\u00e3o com a universidade depois que ela inicialmente rejeitou dezenas de inscri\u00e7\u00f5es de estudantes internacionais para permanecer no campus durante as f\u00e9rias. Dunster House, no&hellip;<\/p>","protected":false},"author":1,"featured_media":70833,"comment_status":"closed","ping_status":"open","sticky":false,"template":"","format":"standard","meta":{"content-type":"","footnotes":""},"categories":[1],"tags":[],"class_list":["post-70832","post","type-post","status-publish","format-standard","has-post-thumbnail","hentry","category-uncategorized"],"_links":{"self":[{"href":"https:\/\/tvbrazilusa.com\/pt\/wp-json\/wp\/v2\/posts\/70832","targetHints":{"allow":["GET"]}}],"collection":[{"href":"https:\/\/tvbrazilusa.com\/pt\/wp-json\/wp\/v2\/posts"}],"about":[{"href":"https:\/\/tvbrazilusa.com\/pt\/wp-json\/wp\/v2\/types\/post"}],"author":[{"embeddable":true,"href":"https:\/\/tvbrazilusa.com\/pt\/wp-json\/wp\/v2\/users\/1"}],"replies":[{"embeddable":true,"href":"https:\/\/tvbrazilusa.com\/pt\/wp-json\/wp\/v2\/comments?post=70832"}],"version-history":[{"count":1,"href":"https:\/\/tvbrazilusa.com\/pt\/wp-json\/wp\/v2\/posts\/70832\/revisions"}],"predecessor-version":[{"id":70834,"href":"https:\/\/tvbrazilusa.com\/pt\/wp-json\/wp\/v2\/posts\/70832\/revisions\/70834"}],"wp:featuredmedia":[{"embeddable":true,"href":"https:\/\/tvbrazilusa.com\/pt\/wp-json\/wp\/v2\/media\/70833"}],"wp:attachment":[{"href":"https:\/\/tvbrazilusa.com\/pt\/wp-json\/wp\/v2\/media?parent=70832"}],"wp:term":[{"taxonomy":"category","embeddable":true,"href":"https:\/\/tvbrazilusa.com\/pt\/wp-json\/wp\/v2\/categories?post=70832"},{"taxonomy":"post_tag","embeddable":true,"href":"https:\/\/tvbrazilusa.com\/pt\/wp-json\/wp\/v2\/tags?post=70832"}],"curies":[{"name":"wp","href":"https:\/\/api.w.org\/{rel}","templated":true}]}}