{"id":70835,"date":"2024-12-04T21:00:06","date_gmt":"2024-12-04T21:00:06","guid":{"rendered":"https:\/\/tvbrazilusa.com\/2024\/12\/04\/joe-biden-adormece-durante-reuniao-com-politicos-africanos-sobre-projetos-macroeconomicos-com-os-eua-veja-video\/"},"modified":"2024-12-04T21:00:08","modified_gmt":"2024-12-04T21:00:08","slug":"joe-biden-adormece-durante-reuniao-com-politicos-africanos-sobre-projetos-macroeconomicos-com-os-eua-veja-video","status":"publish","type":"post","link":"https:\/\/tvbrazilusa.com\/pt\/2024\/12\/04\/joe-biden-adormece-durante-reuniao-com-politicos-africanos-sobre-projetos-macroeconomicos-com-os-eua-veja-video\/","title":{"rendered":"Joe Biden adormece durante reuni\u00e3o com pol\u00edticos africanos sobre projetos macroecon\u00f4micos com os EUA; VEJA V\u00cdDEO"},"content":{"rendered":"<p> <script async src=\"https:\/\/pagead2.googlesyndication.com\/pagead\/js\/adsbygoogle.js?client=ca-pub-8864793242727901\"\r\n     crossorigin=\"anonymous\"><\/script><br \/>\n<br \/>Joe Biden adormece durante reuni\u00e3o com pol\u00edticos africanos<br \/>\n<br \/><br \/>\n<br \/><a href=\"https:\/\/diariodobrasilnoticias.com.br\/noticia\/joe-biden-adormece-durante-reuniao-com-politicos-africanos-sobre-projetos-macroeconomicos-com-os-eua-veja-video-6750a65340258\">Source link <\/a><\/p>","protected":false},"excerpt":{"rendered":"<p>Joe Biden adormece durante reuni\u00e3o com pol\u00edticos africanos Source link<\/p>","protected":false},"author":1,"featured_media":70836,"comment_status":"closed","ping_status":"open","sticky":false,"template":"","format":"standard","meta":{"content-type":"","footnotes":""},"categories":[16],"tags":[123,2448,5313,1267],"class_list":["post-70835","post","type-post","status-publish","format-standard","has-post-thumbnail","hentry","category-noticias","tag-brasil","tag-diario","tag-noticia","tag-noticias"],"_links":{"self":[{"href":"https:\/\/tvbrazilusa.com\/pt\/wp-json\/wp\/v2\/posts\/70835","targetHints":{"allow":["GET"]}}],"collection":[{"href":"https:\/\/tvbrazilusa.com\/pt\/wp-json\/wp\/v2\/posts"}],"about":[{"href":"https:\/\/tvbrazilusa.com\/pt\/wp-json\/wp\/v2\/types\/post"}],"author":[{"embeddable":true,"href":"https:\/\/tvbrazilusa.com\/pt\/wp-json\/wp\/v2\/users\/1"}],"replies":[{"embeddable":true,"href":"https:\/\/tvbrazilusa.com\/pt\/wp-json\/wp\/v2\/comments?post=70835"}],"version-history":[{"count":1,"href":"https:\/\/tvbrazilusa.com\/pt\/wp-json\/wp\/v2\/posts\/70835\/revisions"}],"predecessor-version":[{"id":70837,"href":"https:\/\/tvbrazilusa.com\/pt\/wp-json\/wp\/v2\/posts\/70835\/revisions\/70837"}],"wp:featuredmedia":[{"embeddable":true,"href":"https:\/\/tvbrazilusa.com\/pt\/wp-json\/wp\/v2\/media\/70836"}],"wp:attachment":[{"href":"https:\/\/tvbrazilusa.com\/pt\/wp-json\/wp\/v2\/media?parent=70835"}],"wp:term":[{"taxonomy":"category","embeddable":true,"href":"https:\/\/tvbrazilusa.com\/pt\/wp-json\/wp\/v2\/categories?post=70835"},{"taxonomy":"post_tag","embeddable":true,"href":"https:\/\/tvbrazilusa.com\/pt\/wp-json\/wp\/v2\/tags?post=70835"}],"curies":[{"name":"wp","href":"https:\/\/api.w.org\/{rel}","templated":true}]}}