{"id":70850,"date":"2024-12-04T21:24:31","date_gmt":"2024-12-04T21:24:31","guid":{"rendered":"https:\/\/tvbrazilusa.com\/2024\/12\/04\/bolsonaro-almoca-com-nunes\/"},"modified":"2024-12-04T21:24:32","modified_gmt":"2024-12-04T21:24:32","slug":"bolsonaro-almoca-com-nunes","status":"publish","type":"post","link":"https:\/\/tvbrazilusa.com\/pt\/2024\/12\/04\/bolsonaro-almoca-com-nunes\/","title":{"rendered":"Bolsonaro almo\u00e7a com Nunes"},"content":{"rendered":"<p> <script async src=\"https:\/\/pagead2.googlesyndication.com\/pagead\/js\/adsbygoogle.js?client=ca-pub-8864793242727901\"\r\n     crossorigin=\"anonymous\"><\/script><br \/>\n<\/p>\n<div id=\"taboola-read-more\" style=\"display:block; width:100%\">\n<p>Cinco dias ap\u00f3s participar de um evento com Lula no Pal\u00e1cio do Planalto, o prefeito de S\u00e3o Paulo, Ricardo Nunes (MDB), almo\u00e7ou nesta quarta-feira (4\/12) com o ex-presidente Jair Bolsonaro.\n<\/p>\n<p>O almo\u00e7o ocorreu na casa de Fabio Wajngarten, assessor do ex-mandat\u00e1rio, na capital paulista, e contou com as presen\u00e7as de outros aliados do ex-presidente, como o empres\u00e1rio Renato Ara\u00fajo e o advogado Daniel Tesser.<\/p>\n<p>O governador Tarc\u00edsio de Freitas tamb\u00e9m foi convidado, mas n\u00e3o pode comparecer, pois estava em Bras\u00edlia. Em seu lugar, ele enviou como o secret\u00e1rio de Gest\u00e3o e Governo Digital de S\u00e3o Paulo, Caio Mario Paes de Andrade.\n<\/p>\n<p>O coronel Ricardo Mello Ara\u00fajo (PL), vice-prefeito eleito na chapa de Nunes por indica\u00e7\u00e3o de Bolsonaro, tamb\u00e9m foi convidado para o almo\u00e7o, mas n\u00e3o compareceu, porque estava fora da capital paulista.\n<\/p>\n<p>A principal pauta do almo\u00e7o, de acordo com relatos dos presentes, foi uma avalia\u00e7\u00e3o da conjuntura pol\u00edtica, com foco no governo Lula. O ex-ministro Adolfo Sachsida tamb\u00e9m compareceu ao encontro.\n<\/p>\n<p>Fonte: Metr\u00f3poles              <\/p>\n<\/div>\n<p><br \/>\n<br \/><a href=\"https:\/\/diariodobrasilnoticias.com.br\/noticia\/bolsonaro-almoca-com-nunes-6750ab848a5cb\">Source link <\/a><\/p>","protected":false},"excerpt":{"rendered":"<p>Cinco dias ap\u00f3s participar de um evento com Lula no Pal\u00e1cio do Planalto, o prefeito de S\u00e3o Paulo, Ricardo Nunes (MDB), almo\u00e7ou nesta quarta-feira (4\/12) com o ex-presidente Jair Bolsonaro.&hellip;<\/p>","protected":false},"author":1,"featured_media":70851,"comment_status":"closed","ping_status":"open","sticky":false,"template":"","format":"standard","meta":{"content-type":"","footnotes":""},"categories":[16],"tags":[123,2448,5313,1267],"class_list":["post-70850","post","type-post","status-publish","format-standard","has-post-thumbnail","hentry","category-noticias","tag-brasil","tag-diario","tag-noticia","tag-noticias"],"_links":{"self":[{"href":"https:\/\/tvbrazilusa.com\/pt\/wp-json\/wp\/v2\/posts\/70850","targetHints":{"allow":["GET"]}}],"collection":[{"href":"https:\/\/tvbrazilusa.com\/pt\/wp-json\/wp\/v2\/posts"}],"about":[{"href":"https:\/\/tvbrazilusa.com\/pt\/wp-json\/wp\/v2\/types\/post"}],"author":[{"embeddable":true,"href":"https:\/\/tvbrazilusa.com\/pt\/wp-json\/wp\/v2\/users\/1"}],"replies":[{"embeddable":true,"href":"https:\/\/tvbrazilusa.com\/pt\/wp-json\/wp\/v2\/comments?post=70850"}],"version-history":[{"count":1,"href":"https:\/\/tvbrazilusa.com\/pt\/wp-json\/wp\/v2\/posts\/70850\/revisions"}],"predecessor-version":[{"id":70852,"href":"https:\/\/tvbrazilusa.com\/pt\/wp-json\/wp\/v2\/posts\/70850\/revisions\/70852"}],"wp:featuredmedia":[{"embeddable":true,"href":"https:\/\/tvbrazilusa.com\/pt\/wp-json\/wp\/v2\/media\/70851"}],"wp:attachment":[{"href":"https:\/\/tvbrazilusa.com\/pt\/wp-json\/wp\/v2\/media?parent=70850"}],"wp:term":[{"taxonomy":"category","embeddable":true,"href":"https:\/\/tvbrazilusa.com\/pt\/wp-json\/wp\/v2\/categories?post=70850"},{"taxonomy":"post_tag","embeddable":true,"href":"https:\/\/tvbrazilusa.com\/pt\/wp-json\/wp\/v2\/tags?post=70850"}],"curies":[{"name":"wp","href":"https:\/\/api.w.org\/{rel}","templated":true}]}}