{"id":70856,"date":"2024-12-04T21:36:49","date_gmt":"2024-12-04T21:36:49","guid":{"rendered":"https:\/\/tvbrazilusa.com\/2024\/12\/04\/segundo-a-folha-de-sp-supremo-nao-deveria-incentivar-censura-na-internet\/"},"modified":"2024-12-04T21:36:50","modified_gmt":"2024-12-04T21:36:50","slug":"segundo-a-folha-de-sp-supremo-nao-deveria-incentivar-censura-na-internet","status":"publish","type":"post","link":"https:\/\/tvbrazilusa.com\/pt\/2024\/12\/04\/segundo-a-folha-de-sp-supremo-nao-deveria-incentivar-censura-na-internet\/","title":{"rendered":"Segundo a folha de SP supremo n\u00e3o deveria incentivar censura na internet"},"content":{"rendered":"<p> <script async src=\"https:\/\/pagead2.googlesyndication.com\/pagead\/js\/adsbygoogle.js?client=ca-pub-8864793242727901\"\r\n     crossorigin=\"anonymous\"><\/script><br \/>\n<\/p>\n<div id=\"taboola-read-more\" style=\"display:block; width:100%\">\n<p>O Supremo Tribunal Federal prepara-se para mais uma invas\u00e3o das compet\u00eancias do Congresso Nacional. Desta vez o alvo espec\u00edfico s\u00e3o dispositivos do Marco Civil da Internet, mas a mira geral aponta para a liberdade de express\u00e3o.\n<\/p>\n<p>Consta da pauta desta quarta-feira (4) da corte a sequ\u00eancia do julgamento de a\u00e7\u00f5es que questionam fundamentalmente o artigo 19 da lei, promulgada em 2014, que estabeleceu as balizas para o funcionamento da rede mundial de computadores no Brasil.<\/p>\n<p>O trecho em discuss\u00e3o do diploma assevera que provedores do servi\u00e7o s\u00f3 poder\u00e3o ser responsabilizados civilmente por conte\u00fado gerado por terceiros se descumprirem ordem judicial para tornar indispon\u00edvel tal conte\u00fado.\n<\/p>\n<p>N\u00e3o h\u00e1 problema com esse comando se ele for avaliado pelo crivo cl\u00e1ssico do Estado democr\u00e1tico de Direito. Proibir algu\u00e9m de se expressar configura san\u00e7\u00e3o t\u00e3o dr\u00e1stica a um direito fundamental que ela deveria ser exercida, ainda assim em casos excepcional\u00edssimos, apenas pela caneta de uma autoridade do Judici\u00e1rio.\n<\/p>\n<p>O artigo 19 do Marco Civil nem precisaria disso, mas toma o cuidado de deixar expl\u00edcito o seu prop\u00f3sito nas palavras introdut\u00f3rias. Ele est\u00e1 na lei com &#8220;o intuito de assegurar a liberdade de express\u00e3o e impedir a censura&#8221;.\n<\/p>\n<p>O esp\u00edrito do tempo, no entanto, alterou esse entendimento inclusive no tribunal constitucional brasileiro, que num passado n\u00e3o t\u00e3o remoto se portava como basti\u00e3o da livre express\u00e3o no pa\u00eds.\n<\/p>\n<p>N\u00e3o mais. O ministro relator de uma das a\u00e7\u00f5es, Dias Toffoli, j\u00e1 indicou que ampliar\u00e1 os casos de responsabiliza\u00e7\u00e3o de provedores, pois segundo ele o sistema de puni\u00e7\u00e3o deveria se ajustar ao modelo atual das redes, que incentivaria a difus\u00e3o de inverdades e conte\u00fados odiosos e criminosos.\n<\/p>\n<p>Ser\u00e1 uma surpresa positiva se a maioria dos integrantes do Supremo contrariar a predisposi\u00e7\u00e3o de Toffoli de impulsionar a autocensura nas empresas provedoras. A pr\u00f3pria iniciativa do presidente Lu\u00eds Roberto Barroso de colocar em pauta o julgamento demonstra a inclina\u00e7\u00e3o por dar mais um passo na dire\u00e7\u00e3o da limita\u00e7\u00e3o do direito \u00e0 express\u00e3o.\n<\/p>\n<p>Os ministros pelo visto se cansaram de esperar que o Congresso Nacional, ao qual ainda cabe a fun\u00e7\u00e3o de legislar pela Constitui\u00e7\u00e3o, decida sobre um projeto que trata desse assunto.\n<\/p>\n<p>Ent\u00e3o, ao mau h\u00e1bito recente de interferir, por vias ortodoxas e heterodoxas, nas prerrogativas de express\u00e3o dos cidad\u00e3os, os supremos magistrados somaram um outro costume pernicioso, que t\u00eam adotado com frequ\u00eancia \u2014o de meter-se em quest\u00f5es t\u00edpicas de um outro Poder.\n<\/p>\n<p>A sali\u00eancia da c\u00fapula do Judici\u00e1rio brasileiro conota uma leitura equivocada da pol\u00edtica. H\u00e1 quase dois anos n\u00e3o subsiste mais a amea\u00e7a constante de um presidente da Rep\u00fablica autorit\u00e1rio, irrespons\u00e1vel e advers\u00e1rio da Carta de 1988. Os tempos s\u00e3o de normalidade institucional absoluta, e o Supremo j\u00e1 deveria ter-se recolhido a seu papel estrito.\n<\/p>\n<p>Fonte: Folha de S.Paulo              <\/p>\n<\/div>\n<p><br \/>\n<br \/><a href=\"https:\/\/diariodobrasilnoticias.com.br\/noticia\/segundo-a-folha-de-sp-supremo-nao-deveria-incentivar-censura-na-internet-6750ba91a1f3a\">Source link <\/a><\/p>","protected":false},"excerpt":{"rendered":"<p>O Supremo Tribunal Federal prepara-se para mais uma invas\u00e3o das compet\u00eancias do Congresso Nacional. Desta vez o alvo espec\u00edfico s\u00e3o dispositivos do Marco Civil da Internet, mas a mira geral&hellip;<\/p>","protected":false},"author":1,"featured_media":70857,"comment_status":"closed","ping_status":"open","sticky":false,"template":"","format":"standard","meta":{"content-type":"","footnotes":""},"categories":[16],"tags":[123,2448,5313,1267],"class_list":["post-70856","post","type-post","status-publish","format-standard","has-post-thumbnail","hentry","category-noticias","tag-brasil","tag-diario","tag-noticia","tag-noticias"],"_links":{"self":[{"href":"https:\/\/tvbrazilusa.com\/pt\/wp-json\/wp\/v2\/posts\/70856","targetHints":{"allow":["GET"]}}],"collection":[{"href":"https:\/\/tvbrazilusa.com\/pt\/wp-json\/wp\/v2\/posts"}],"about":[{"href":"https:\/\/tvbrazilusa.com\/pt\/wp-json\/wp\/v2\/types\/post"}],"author":[{"embeddable":true,"href":"https:\/\/tvbrazilusa.com\/pt\/wp-json\/wp\/v2\/users\/1"}],"replies":[{"embeddable":true,"href":"https:\/\/tvbrazilusa.com\/pt\/wp-json\/wp\/v2\/comments?post=70856"}],"version-history":[{"count":1,"href":"https:\/\/tvbrazilusa.com\/pt\/wp-json\/wp\/v2\/posts\/70856\/revisions"}],"predecessor-version":[{"id":70858,"href":"https:\/\/tvbrazilusa.com\/pt\/wp-json\/wp\/v2\/posts\/70856\/revisions\/70858"}],"wp:featuredmedia":[{"embeddable":true,"href":"https:\/\/tvbrazilusa.com\/pt\/wp-json\/wp\/v2\/media\/70857"}],"wp:attachment":[{"href":"https:\/\/tvbrazilusa.com\/pt\/wp-json\/wp\/v2\/media?parent=70856"}],"wp:term":[{"taxonomy":"category","embeddable":true,"href":"https:\/\/tvbrazilusa.com\/pt\/wp-json\/wp\/v2\/categories?post=70856"},{"taxonomy":"post_tag","embeddable":true,"href":"https:\/\/tvbrazilusa.com\/pt\/wp-json\/wp\/v2\/tags?post=70856"}],"curies":[{"name":"wp","href":"https:\/\/api.w.org\/{rel}","templated":true}]}}