{"id":70859,"date":"2024-12-04T21:35:56","date_gmt":"2024-12-04T21:35:56","guid":{"rendered":"https:\/\/tvbrazilusa.com\/2024\/12\/04\/o-zelador-das-escolas-publicas-de-boston-feriu-gravemente-ex-colegas-em-um-ataque-perturbador-diz-o-promotor\/"},"modified":"2024-12-04T21:41:56","modified_gmt":"2024-12-04T21:41:56","slug":"o-zelador-das-escolas-publicas-de-boston-feriu-gravemente-ex-colegas-em-um-ataque-perturbador-diz-o-promotor","status":"publish","type":"post","link":"https:\/\/tvbrazilusa.com\/pt\/2024\/12\/04\/o-zelador-das-escolas-publicas-de-boston-feriu-gravemente-ex-colegas-em-um-ataque-perturbador-diz-o-promotor\/","title":{"rendered":"O zelador das Escolas P\u00fablicas de Boston feriu gravemente ex-colegas em um ataque &#8216;perturbador&#8217;, diz o promotor"},"content":{"rendered":"<p> <script async src=\"https:\/\/pagead2.googlesyndication.com\/pagead\/js\/adsbygoogle.js?client=ca-pub-8864793242727901\"\r\n     crossorigin=\"anonymous\"><\/script><br \/>\n<\/p>\n<div id=\"\">\n<header class=\"m-article-header m-article-header--standard\">\n\t\t\t\t\t\t\t\t\t\t\t\t<span id=\"article-header-primary-term\"><br \/>\n\t\t\t\t\t\t\t\t<a class=\"a-term a-term--primary\" href=\"https:\/\/www.boston.com\/tag\/crime\/\"><\/p>\n<p>\t\t\t\t\t\t\t\tCrime\t\t\t\t\t\t\t\t<\/a><br \/>\n\t\t\t\t\t\t\t<\/span><\/p>\n<h2 class=\"m-article-header__sub-headline\">Tr\u00eas funcion\u00e1rios da escola K-8 da Mildred Avenue ficaram com ossos quebrados depois que Gregory Watford supostamente os agrediu, disseram os promotores.<\/h2>\n<figure class=\"a-photo m-article-header__photo\"><figcaption class=\"a-photo__caption\">\n<p>\tOs zeladores limpam os corredores da escola K-8 da Mildred Avenue, em Mattapan, durante a pandemia de COVID-19 em 2020.<em> David L Ryan\/Equipe do Boston Globe, Arquivo<\/em>\t<\/figcaption><\/figure>\n<\/header>\n<p>Um homem de Brockton que trabalhava como <a href=\"https:\/\/www.boston.com\/tag\/boston-public-schools\/\" target=\"_blank\" rel=\"noreferrer noopener\">Escolas P\u00fablicas de Boston<\/a> O custodiante se declarou inocente na ter\u00e7a-feira de agredir e ferir gravemente tr\u00eas ex-colegas em outubro, de acordo com o Gabinete do Procurador Distrital do Condado de Suffolk.<\/p>\n<p>Gregory Watford, 46, enfrenta uma acusa\u00e7\u00e3o de agress\u00e3o e agress\u00e3o a uma pessoa com mais de 60 anos e tr\u00eas acusa\u00e7\u00f5es de agress\u00e3o e agress\u00e3o que causaram les\u00f5es corporais graves, disse o gabinete do promotor em um comunicado \u00e0 imprensa. Watford foi processado na ter\u00e7a-feira na Divis\u00e3o Dorchester do Tribunal Municipal de Boston, onde se declarou inocente de todas as acusa\u00e7\u00f5es. Seu advogado n\u00e3o estava imediatamente dispon\u00edvel para comentar o assunto na tarde de quarta-feira. <\/p>\n<p>A pol\u00edcia de Boston respondeu \u00e0s supostas agress\u00f5es em <a href=\"https:\/\/www.bostonpublicschools.org\/school\/mildred-avenue-k-8-school\" target=\"_blank\" rel=\"noreferrer noopener\">Escola K-8 da Avenida Mildred<\/a> em Mattapan por volta das 10h47 do dia 10 de outubro, disse o escrit\u00f3rio do promotor. L\u00e1, dois zeladores escolares e um oficial de seguran\u00e7a teriam dito \u00e0 pol\u00edcia que seu ex-colega \u2013 mais tarde identificado como Watford \u2013 era o culpado pelos ataques violentos.<\/p>\n<p>De acordo com os promotores, os zeladores feridos relataram que Watford os abordou \u201cde maneira agressiva\u201d enquanto eles varriam as folhas na frente da escola e come\u00e7ou a atac\u00e1-los enquanto afirmava: \u201cVoc\u00eas todos me custaram dinheiro\u201d. <\/p>\n<p>Watford supostamente deu um soco na cabe\u00e7a de um dos zeladores e o fez cair, resultando em uma perna e um tornozelo quebrados, disse o gabinete do promotor. Segundo os promotores, ele ent\u00e3o deu um soco na cabe\u00e7a do segundo custodiante e o jogou no ch\u00e3o, supostamente resultando em uma fratura na mand\u00edbula. <\/p>\n<p>O oficial de seguran\u00e7a da escola saiu para intervir e acalmar a situa\u00e7\u00e3o, bloqueando a porta quando Watford tentou entrar na escola, alegou o gabinete do promotor. Watson supostamente deu um soco nela, batendo em sua m\u00e3o e derrubando seu telefone no ch\u00e3o. Ele ent\u00e3o abriu a porta, atingindo o policial no ombro e resultando em uma fratura na clav\u00edcula, disseram os promotores.<\/p>\n<p>Watford supostamente fugiu do local antes da chegada da pol\u00edcia e as autoridades emitiram um mandado de pris\u00e3o contra ele. Ap\u00f3s sua acusa\u00e7\u00e3o na ter\u00e7a-feira, o juiz Jonathan Tynes libertou Watford sob fian\u00e7a pessoal com monitoramento por GPS e ordenou que ele ficasse longe da escola, disse o gabinete do promotor. Os registros judiciais online tamb\u00e9m mostram que Watford foi obrigado a ficar longe e n\u00e3o ter contato com supostas v\u00edtimas ou testemunhas. <\/p>\n<p>Boston.com entrou em contato com as Escolas P\u00fablicas de Boston para comentar sobre o emprego de Watford e as supostas agress\u00f5es. <\/p>\n<p>\u201cEste incidente violento \u00e9 particularmente perturbador porque aconteceu nas depend\u00eancias de uma escola p\u00fablica, que \u00e9 ao mesmo tempo um local de trabalho e uma zona de seguran\u00e7a para os estudantes\u201d, disse o promotor distrital de Suffolk, Kevin Hayden, em um comunicado. \u201cDesejo \u00e0s tr\u00eas v\u00edtimas uma recupera\u00e7\u00e3o completa e nosso escrit\u00f3rio fornecer\u00e1 todo o apoio necess\u00e1rio \u00e0 medida que este caso avan\u00e7a.\u201d<\/p>\n<p>Watford retornar\u00e1 ao tribunal em 17 de janeiro. <\/p>\n<div class=\"o-author-single has-avatar\">\n<header class=\"m-author-card\">\n<div class=\"a-image a-image--square m-author-card__image\">\n\t\t<img decoding=\"async\" class=\"\" src=\"https:\/\/www.boston.com\/wp-content\/uploads\/2024\/10\/cropped-Patkin-Headshot-66fea67b66dd2-scaled-1-66fea6a1c6f25.jpg\" alt=\"Imagem do perfil de Abby Patkin\"\/>\t<\/div>\n<\/header>\n<section class=\"author-info\">\n<div class=\"m-author__section\">\n<p>Abby Patkin \u00e9 uma rep\u00f3rter de not\u00edcias gerais cujo trabalho aborda transporte p\u00fablico, crime, sa\u00fade e tudo mais.<\/p>\n<\/div>\n<\/section>\n<\/div>\n<div class=\"m-block m-generic-cta\t m-generic-cta--post-content\t m-generic-cta--dark\t m-generic-cta--homepage\t m-generic-cta--email-signup\t\t m-generic-cta-block-style--default \tt-amp__generic-cta\"><\/p>\n<div class=\"m-generic-cta__wrap\">\n<div class=\"m-generic-cta__content\">\n<h3 class=\"m-generic-cta__title\">Boston.com hoje<\/h3>\n<p class=\"m-generic-cta__subtitle\">Inscreva-se para receber as \u00faltimas manchetes em sua caixa de entrada todas as manh\u00e3s.<\/p>\n<\/p><\/div>\n<\/p><\/div>\n<\/div><\/div>\n<p><script>\n\t\tvar consent=\"grant\";\n\t\t\/* The above code is parsing the JSON data from the local storage and storing it in a variable. *\/\n\t\t\t\t\tconst onetrustStorageConsent = JSON.parse(localStorage.getItem( 'consent_one_trust_bdc' ) );\n\t\t\tif ( ( onetrustStorageConsent !== null ) ) {\n\t\t\t\t\/* Checking to see if the user has consented to the use of cookies.\n\t\t\t\t* If they have not, it is deleting the cookie.\n\t\t\t\t* This will comment for now, until further notice.\n\t\t\t\t*\/\n\t\t\t\t\/\/if ( onetrustStorageConsent.C0002 === false ) {\n\t\t\t\t\/\/\tdocument.cookie=\"_fbp=;expires=Thu, 01 Jan 2010 00:00:00 UTC; path=\/; domain=.boston.com\";\n\t\t\t\t\/\/}\n\t\t\t\t\/* Checking if the user has given consent for the cookie C0002.\n\t\t\t\t* If the user has given consent, the variable consent will be set to 'grant'.\n\t\t\t\t* If the user has not given consent,the variable consent will be set to 'revoke'.\n\t\t\t\t* Documentation https:\/\/developers.facebook.com\/docs\/meta-pixel\/implementation\/gdpr\n\t\t\t\t*\/\n\t\t\t\tif ( onetrustStorageConsent.C0002 !== true ) {\n\t\t\t\t\tconsent=\"revoke\";\n\t\t\t\t}\n\t\t\t}\n\t\t\t\t!function(f,b,e,v,n,t,s)\n\t\t{if(f.fbq)return;n=f.fbq=function(){n.callMethod?\n\t\tn.callMethod.apply(n,arguments):n.queue.push(arguments)};\n\t\tif(!f._fbq)f._fbq=n;n.push=n;n.loaded=!0;n.version='2.0';\n\t\tn.queue=[];t=b.createElement(e);t.async=!0;\n\t\tt.src=v;s=b.getElementsByTagName(e)[0];\n\t\ts.parentNode.insertBefore(t,s)}(window, document,'script',\n\t\t'https:\/\/connect.facebook.net\/en_US\/fbevents.js');\n\t\tfbq('consent', consent);\n\t\tfbq('init', '989222871864976');\n\t\tfbq('track', 'PageView');\n\t<\/script><script type=\"module\">\n\t\tvar consent=\"grant\";\n\t\t\/* The above code is parsing the JSON data from the local storage and storing it in a variable. *\/\n\t\t\tconst onetrustStorageConsent = JSON.parse(localStorage.getItem( 'consent_one_trust_bdc' ) );\n\t\t\t\/* Checking to see if the user has consented to the use of cookies.\n\t\t\t* If they have not, it is deleting the cookie.\n\t\t\t* This will comment for now, until further notice.\n\t\t\t*\/\n\t\t\t\/\/if ( onetrustStorageConsent.C0002 === false ) {\n\t\t\t\/\/\tdocument.cookie=\"_fbp=;expires=Thu, 01 Jan 2010 00:00:00 UTC; path=\/; domain=.boston.com\";\n\t\t\t\/\/}\n\t\t\t\/* Checking if the user has given consent for the cookie C0002.\n\t\t\t* If the user has given consent, the variable consent will be set to 'grant'.\n\t\t\t* If the user has not given consent,the variable consent will be set to 'revoke'.\n\t\t\t* Documentation https:\/\/developers.facebook.com\/docs\/meta-pixel\/implementation\/gdpr\n\t\t\t*\/\n\t\t\tif ( ( onetrustStorageConsent !== null ) && (onetrustStorageConsent.C0002 !== true ) ) {\n\t\t\t\tconsent=\"revoke\";\n\t\t\t}\n\t\t\t\t!function(f,b,e,v,n,t,s){if(f.fbq)return;n=f.fbq=function()\n\t\t{n.callMethod? n.callMethod.apply(n,arguments):n.queue.push(arguments)}\n\t\t;if(!f._fbq)f._fbq=n;\n\t\tn.push=n;n.loaded=!0;n.version='2.0';n.queue=[];t=b.createElement(e);t.async=!0;\n\t\tt.src=v;s=b.getElementsByTagName(e)[0];s.parentNode.insertBefore(t,s)}(window,\n\t\tdocument,'script','https:\/\/connect.facebook.net\/en_US\/fbevents.js');\n\t\tfbq('consent', consent);\n\t\tfbq('init', '813236348753005');\n\t\tfbq('track', \"PageView\");\n\t<\/script><br \/>\n<br \/><br \/>\n<br \/><a href=\"https:\/\/www.boston.com\/news\/crime\/2024\/12\/04\/boston-public-schools-custodian-seriously-injured-former-colleagues-in-disturbing-attack-da-says\/\">Source link <\/a><\/p>","protected":false},"excerpt":{"rendered":"<p>Crime Tr\u00eas funcion\u00e1rios da escola K-8 da Mildred Avenue ficaram com ossos quebrados depois que Gregory Watford supostamente os agrediu, disseram os promotores. Os zeladores limpam os corredores da escola&hellip;<\/p>","protected":false},"author":1,"featured_media":70860,"comment_status":"closed","ping_status":"open","sticky":false,"template":"","format":"standard","meta":{"content-type":"","footnotes":""},"categories":[1],"tags":[],"class_list":["post-70859","post","type-post","status-publish","format-standard","has-post-thumbnail","hentry","category-uncategorized"],"_links":{"self":[{"href":"https:\/\/tvbrazilusa.com\/pt\/wp-json\/wp\/v2\/posts\/70859","targetHints":{"allow":["GET"]}}],"collection":[{"href":"https:\/\/tvbrazilusa.com\/pt\/wp-json\/wp\/v2\/posts"}],"about":[{"href":"https:\/\/tvbrazilusa.com\/pt\/wp-json\/wp\/v2\/types\/post"}],"author":[{"embeddable":true,"href":"https:\/\/tvbrazilusa.com\/pt\/wp-json\/wp\/v2\/users\/1"}],"replies":[{"embeddable":true,"href":"https:\/\/tvbrazilusa.com\/pt\/wp-json\/wp\/v2\/comments?post=70859"}],"version-history":[{"count":1,"href":"https:\/\/tvbrazilusa.com\/pt\/wp-json\/wp\/v2\/posts\/70859\/revisions"}],"predecessor-version":[{"id":70861,"href":"https:\/\/tvbrazilusa.com\/pt\/wp-json\/wp\/v2\/posts\/70859\/revisions\/70861"}],"wp:featuredmedia":[{"embeddable":true,"href":"https:\/\/tvbrazilusa.com\/pt\/wp-json\/wp\/v2\/media\/70860"}],"wp:attachment":[{"href":"https:\/\/tvbrazilusa.com\/pt\/wp-json\/wp\/v2\/media?parent=70859"}],"wp:term":[{"taxonomy":"category","embeddable":true,"href":"https:\/\/tvbrazilusa.com\/pt\/wp-json\/wp\/v2\/categories?post=70859"},{"taxonomy":"post_tag","embeddable":true,"href":"https:\/\/tvbrazilusa.com\/pt\/wp-json\/wp\/v2\/tags?post=70859"}],"curies":[{"name":"wp","href":"https:\/\/api.w.org\/{rel}","templated":true}]}}