{"id":70884,"date":"2024-12-04T22:31:58","date_gmt":"2024-12-04T22:31:58","guid":{"rendered":"https:\/\/tvbrazilusa.com\/2024\/12\/04\/lira-sobre-bolsonaro-em-2026-como-candidato-da-direita-nao-vejo-outro-que-nao-seja-ele-mesmo\/"},"modified":"2024-12-04T22:31:59","modified_gmt":"2024-12-04T22:31:59","slug":"lira-sobre-bolsonaro-em-2026-como-candidato-da-direita-nao-vejo-outro-que-nao-seja-ele-mesmo","status":"publish","type":"post","link":"https:\/\/tvbrazilusa.com\/pt\/2024\/12\/04\/lira-sobre-bolsonaro-em-2026-como-candidato-da-direita-nao-vejo-outro-que-nao-seja-ele-mesmo\/","title":{"rendered":"Lira sobre Bolsonaro em 2026 como candidato da direita: &#8216;N\u00e3o vejo outro que n\u00e3o seja ele mesmo&#8217;"},"content":{"rendered":"<p> <script async src=\"https:\/\/pagead2.googlesyndication.com\/pagead\/js\/adsbygoogle.js?client=ca-pub-8864793242727901\"\r\n     crossorigin=\"anonymous\"><\/script><br \/>\n<\/p>\n<div id=\"taboola-read-more\" style=\"display:block; width:100%\">\n<p>O presidente da C\u00e2mara dos Deputados, Arthur Lira (PP-AL), disse nesta quarta-feira (4) que visualiza o ex-presidente Jair Bolsonaro (PL) como o candidato \u00e0 Presid\u00eancia da Rep\u00fablica da direita em 2026, apesar da inelegibilidade.\n<\/p>\n<p>\u201cN\u00f3s temos, \u00e0 direita, ao meu ver, Bolsonaro candidato. N\u00e3o vejo outro candidato que n\u00e3o seja ele mesmo. Se vai ter inelegibilidade ou n\u00e3o, isso a gente vai saber no per\u00edodo de elei\u00e7\u00e3o, mas o presidente Lula j\u00e1 disputou a elei\u00e7\u00e3o assim e foi substitu\u00eddo. Isso pode acontecer\u201d, disse Lira no evento \u201cF\u00f3rum JOTA \u2013 Brasil em 10 anos\u201d.<\/p>\n<p>Arthur Lira disse ainda que o presidente Luiz In\u00e1cio Lula da Silva (PT) tamb\u00e9m aparece como um candidato \u201cfort\u00edssimo\u201d \u00e0 reelei\u00e7\u00e3o na pr\u00f3xima elei\u00e7\u00e3o, a depender do desempenho como chefe do Executivo nos pr\u00f3ximos anos.\n<\/p>\n<p>\u201cFalando de 2026, n\u00f3s temos um presidente sentado na cadeira, que todos n\u00f3s sabemos da sua capacidade de articula\u00e7\u00e3o. Se entregar o Brasil bem nos pr\u00f3ximos anos, \u00e9 um candidato fort\u00edssimo \u00e0 reelei\u00e7\u00e3o\u201d, afirmou Lira.\n<\/p>\n<p>Inelegibilidade<br \/>Bolsonaro est\u00e1 ineleg\u00edvel at\u00e9 2030, mas pode ser candidato por at\u00e9 tr\u00eas semanas em 2026, at\u00e9 que pedido de impugna\u00e7\u00e3o feito pelo Minist\u00e9rio P\u00fablico ou partido pol\u00edtico transite em julgado.\n<\/p>\n<p>O Tribunal Superior Eleitoral (TSE) condenou Jair Bolsonaro e Walter Braga Netto (PL) por abuso de poder pol\u00edtico e econ\u00f4mico nas comemora\u00e7\u00f5es do Bicenten\u00e1rio da Independ\u00eancia, realizadas no dia 7 de setembro de 2022. Com a decis\u00e3o, foi determinada a inelegibilidade dos dois por oito anos, contados a partir do pleito de 2022.\n<\/p>\n<p>Fonte: CNN Brasil              <\/p>\n<\/div>\n<p><br \/>\n<br \/><a href=\"https:\/\/diariodobrasilnoticias.com.br\/noticia\/lira-sobre-bolsonaro-em-2026-como-candidato-da-direita-nao-vejo-outro-que-nao-seja-ele-mesmo-6750bd444dd19\">Source link <\/a><\/p>","protected":false},"excerpt":{"rendered":"<p>O presidente da C\u00e2mara dos Deputados, Arthur Lira (PP-AL), disse nesta quarta-feira (4) que visualiza o ex-presidente Jair Bolsonaro (PL) como o candidato \u00e0 Presid\u00eancia da Rep\u00fablica da direita em&hellip;<\/p>","protected":false},"author":1,"featured_media":70885,"comment_status":"closed","ping_status":"open","sticky":false,"template":"","format":"standard","meta":{"content-type":"","footnotes":""},"categories":[16],"tags":[123,2448,5313,1267],"class_list":["post-70884","post","type-post","status-publish","format-standard","has-post-thumbnail","hentry","category-noticias","tag-brasil","tag-diario","tag-noticia","tag-noticias"],"_links":{"self":[{"href":"https:\/\/tvbrazilusa.com\/pt\/wp-json\/wp\/v2\/posts\/70884","targetHints":{"allow":["GET"]}}],"collection":[{"href":"https:\/\/tvbrazilusa.com\/pt\/wp-json\/wp\/v2\/posts"}],"about":[{"href":"https:\/\/tvbrazilusa.com\/pt\/wp-json\/wp\/v2\/types\/post"}],"author":[{"embeddable":true,"href":"https:\/\/tvbrazilusa.com\/pt\/wp-json\/wp\/v2\/users\/1"}],"replies":[{"embeddable":true,"href":"https:\/\/tvbrazilusa.com\/pt\/wp-json\/wp\/v2\/comments?post=70884"}],"version-history":[{"count":1,"href":"https:\/\/tvbrazilusa.com\/pt\/wp-json\/wp\/v2\/posts\/70884\/revisions"}],"predecessor-version":[{"id":70886,"href":"https:\/\/tvbrazilusa.com\/pt\/wp-json\/wp\/v2\/posts\/70884\/revisions\/70886"}],"wp:featuredmedia":[{"embeddable":true,"href":"https:\/\/tvbrazilusa.com\/pt\/wp-json\/wp\/v2\/media\/70885"}],"wp:attachment":[{"href":"https:\/\/tvbrazilusa.com\/pt\/wp-json\/wp\/v2\/media?parent=70884"}],"wp:term":[{"taxonomy":"category","embeddable":true,"href":"https:\/\/tvbrazilusa.com\/pt\/wp-json\/wp\/v2\/categories?post=70884"},{"taxonomy":"post_tag","embeddable":true,"href":"https:\/\/tvbrazilusa.com\/pt\/wp-json\/wp\/v2\/tags?post=70884"}],"curies":[{"name":"wp","href":"https:\/\/api.w.org\/{rel}","templated":true}]}}