{"id":70913,"date":"2024-12-04T23:16:43","date_gmt":"2024-12-04T23:16:43","guid":{"rendered":"https:\/\/tvbrazilusa.com\/2024\/12\/04\/parlamento-frances-aprova-a-destituicao-da-premie-apenas-90-dias-apos-assumir-o-cargo\/"},"modified":"2024-12-04T23:16:44","modified_gmt":"2024-12-04T23:16:44","slug":"parlamento-frances-aprova-a-destituicao-da-premie-apenas-90-dias-apos-assumir-o-cargo","status":"publish","type":"post","link":"https:\/\/tvbrazilusa.com\/pt\/2024\/12\/04\/parlamento-frances-aprova-a-destituicao-da-premie-apenas-90-dias-apos-assumir-o-cargo\/","title":{"rendered":"Parlamento franc\u00eas aprova a destitui\u00e7\u00e3o da premi\u00ea apenas 90 dias ap\u00f3s assumir o cargo"},"content":{"rendered":"<p> <script async src=\"https:\/\/pagead2.googlesyndication.com\/pagead\/js\/adsbygoogle.js?client=ca-pub-8864793242727901\"\r\n     crossorigin=\"anonymous\"><\/script><br \/>\n<\/p>\n<div id=\"taboola-read-more\" style=\"display:block; width:100%\">\n<p>Em mais um cap\u00edtulo de uma prolongada crise pol\u00edtica, a Fran\u00e7a est\u00e1 de novo sem primeiro-ministro, apenas 90 dias depois da nomea\u00e7\u00e3o de Michel Barnier. As duas extremidades do plen\u00e1rio da Assembleia Nacional, esquerda e ultradireita, aprovaram uma mo\u00e7\u00e3o de censura ao governo nesta quarta-feira (4).\n<\/p>\n<p>Na sess\u00e3o, 331 dos 577 parlamentares votaram pela censura, derrubando o fr\u00e1gil gabinete de centro-direita de Barnier, o mais breve desde 1958.<\/p>\n<p>&#8220;Esta mo\u00e7\u00e3o de censura deixar\u00e1 tudo mais grave e mais dif\u00edcil&#8221;, discursou Barnier no plen\u00e1rio antes da vota\u00e7\u00e3o, referindo-se \u00e0 situa\u00e7\u00e3o econ\u00f4mica da Fran\u00e7a. Em tom de despedida, citou Antoine de Saint-Exup\u00e9ry (1900-1944), autor do &#8220;Pequeno Pr\u00edncipe&#8221;: &#8220;Cada um \u00e9 respons\u00e1vel por todos. Cada um \u00e9 o \u00fanico respons\u00e1vel. Cada um \u00e9 o \u00fanico respons\u00e1vel por todos.&#8221;\n<\/p>\n<p>Na pr\u00e1tica, o premi\u00ea continua no cargo apenas para cuidar dos &#8220;assuntos correntes&#8221;, at\u00e9 o presidente Emmanuel Macron indicar seu sucessor.\n<\/p>\n<p>Entre os v\u00e1rios nomes especulados est\u00e3o Fran\u00e7ois Bayrou, veterano centrista e pr\u00f3ximo a Macron; S\u00e9bastien Lecornu, ex-ministro do Ex\u00e9rcito, tamb\u00e9m fiel ao presidente; e Bernard Cazeneuve, ex-primeiro-ministro, da esquerda moderada. Macron tamb\u00e9m pode pedir ao pr\u00f3prio Barnier que forme um novo gabinete.\n<\/p>\n<p>O pretexto para o voto de censura foi a decis\u00e3o de Barnier de impor o or\u00e7amento de 2025 sem passar por vota\u00e7\u00e3o no Parlamento, invocando o artigo 49, al\u00ednea 3, da Constitui\u00e7\u00e3o francesa.\n<\/p>\n<p>O recurso ao &#8220;49.3&#8221;, como \u00e9 chamado, era inevit\u00e1vel porque Barnier n\u00e3o conseguiu convencer a l\u00edder da ultradireita, Marine Le Pen, a apoiar o or\u00e7amento proposto, que prev\u00ea economia de \u20ac 18 bilh\u00f5es (cerca de R$ 115 bilh\u00f5es).\n<\/p>\n<p>O partido de Le Pen, a Reuni\u00e3o Nacional (RN), exigiu uma s\u00e9rie de mudan\u00e7as no or\u00e7amento, como a anula\u00e7\u00e3o de um aumento na conta de luz, para votar a favor. O governo aceitou algumas, mas n\u00e3o todas. De olho na elei\u00e7\u00e3o presidencial de 2027, cujas pesquisas lidera, e amea\u00e7ada de inelegibilidade pela acusa\u00e7\u00e3o de desvio de fundos do Parlamento Europeu para o caixa da RN, Le Pen anunciou que votaria pela censura.\n<\/p>\n<p>&#8220;N\u00f3s t\u00ednhamos uma escolha a fazer, e a escolha que fizemos foi proteger o povo franc\u00eas&#8221;, disse ela logo ap\u00f3s a sess\u00e3o.\n<\/p>\n<p>O c\u00e1lculo eleitoral explica a incongruente alian\u00e7a entre os extremos da esquerda e direita para derrubar Barnier. Jean-Luc M\u00e9lenchon, l\u00edder do maior partido de esquerda, A Fran\u00e7a Insubmissa (LFI), tamb\u00e9m tem ambi\u00e7\u00f5es presidenciais. Macron, j\u00e1 no segundo mandato, n\u00e3o pode se candidatar.\n<\/p>\n<p>Tanto LFI quanto RN apresentaram mo\u00e7\u00f5es de censura. Por raz\u00f5es regimentais, a primeira a ser votada foi a da esquerda.\n<\/p>\n<p>Na tentativa de se salvar, o governo brandiu a amea\u00e7a de uma crise econ\u00f4mica e argumentou que o descumprimento dos prazos or\u00e7ament\u00e1rios impactar\u00e1 contribuintes e funcion\u00e1rios p\u00fablicos e assustar\u00e1 investidores, prejudicando a economia.\n<\/p>\n<p>&#8220;Os engenheiros do caos v\u00e3o privar de or\u00e7amento nossos policiais, nossos militares, nossos agricultores&#8221;, declarou a deputada Maud Bregeon, porta-voz do governo, referindo-se \u00e0 RN e \u00e0 LFI.\n<\/p>\n<p>&#8220;A crise j\u00e1 est\u00e1 aqui. A \u00fanica chance de o pa\u00eds sair da crise \u00e9 rejeitar este governo, e se isto n\u00e3o bastar, rejeitar Macron&#8221;, disse \u00e0 Folha o deputado Eric Coquerel (LFI), presidente da Comiss\u00e3o de Finan\u00e7as da Assembleia e respons\u00e1vel pela an\u00e1lise do or\u00e7amento.\n<\/p>\n<p>Durante visita oficial \u00e0 Ar\u00e1bia Saudita, Macron qualificou de &#8220;fic\u00e7\u00e3o pol\u00edtica&#8221; o clamor da oposi\u00e7\u00e3o pela sua ren\u00fancia. &#8220;Fui eleito duas vezes pelo povo franc\u00eas&#8221;, declarou o presidente, que chegou a Paris pouco antes da vota\u00e7\u00e3o.\n<\/p>\n<p>O risco de um &#8220;shutdown&#8221; \u00e0 americana, em caso de n\u00e3o aprova\u00e7\u00e3o do or\u00e7amento, \u00e9 reduzido, pois o governo disp\u00f5e de mecanismos para manter a m\u00e1quina p\u00fablica funcionando.\n<\/p>\n<p>Mas os problemas econ\u00f4micos franceses s\u00e3o reais. O d\u00e9ficit p\u00fablico \u00e9 de 6% do PIB, e a d\u00edvida p\u00fablica, de 112%, ou \u20ac 3,2 trilh\u00f5es (cerca de R$ 20 trilh\u00f5es). Em maio, a ag\u00eancia Standard &#038; Poor&#8217;s rebaixou a nota da d\u00edvida francesa de AA para AA-.\n<\/p>\n<p>&#8220;A Fran\u00e7a virou Gr\u00e9cia-sur-Seine?&#8221;, brincou esta semana em editorial o Wall Street Journal americano, uma refer\u00eancia \u00e0 gigantesca crise da d\u00edvida grega 15 anos atr\u00e1s. A Fran\u00e7a de 2024 ainda est\u00e1 longe, por\u00e9m, da Gr\u00e9cia de 2009.\n<\/p>\n<p>O risco de agita\u00e7\u00e3o popular existe. Agricultores ocuparam estradas contra um poss\u00edvel acordo comercial entre a Uni\u00e3o Europeia e o Mercosul. Taxistas t\u00eam feito opera\u00e7\u00f5es-tartaruga (ou &#8220;escargot&#8221;, como dizem os franceses) nas grandes cidades, contra uma redu\u00e7\u00e3o da tarifa pelo transporte de enfermos.\n<\/p>\n<p>O governo tentou cooptar deputados moderados de esquerda, sobretudo do Partido Socialista, para evitar a censura.\n<\/p>\n<p>Barnier foi o mais ef\u00eamero primeiro-ministro da Quinta Rep\u00fablica, nome dado ao sistema pol\u00edtico franc\u00eas instaurado em 1958. Nele, apelidado de &#8220;semipresidencialismo&#8221; por alguns cientistas pol\u00edticos, o chefe de governo \u00e9 o primeiro-ministro, mas na pr\u00e1tica o presidente, chefe de Estado, det\u00e9m muitas prerrogativas.\n<\/p>\n<p>A crise pol\u00edtica francesa come\u00e7ou em junho. Diante do mau resultado do partido do governo, Juntos pela Rep\u00fablica, nas elei\u00e7\u00f5es para o Parlamento Europeu, Emmanuel Macron dissolveu a Assembleia Nacional e convocou elei\u00e7\u00f5es legislativas.\n<\/p>\n<p>Sua esperan\u00e7a era formar uma nova e robusta maioria, aproveitando a divis\u00e3o da esquerda e o temor de uma vit\u00f3ria da ultradireita. O tiro saiu pela culatra: os partidos de esquerda montaram uma coaliz\u00e3o de ocasi\u00e3o e conquistaram um ter\u00e7o da Assembleia, enquanto o Juntos perdeu mais de 70 cadeiras.\n<\/p>\n<p>Qualquer que seja o novo governo, a crise deve perdurar, pois o Parlamento continuar\u00e1 rachado em tr\u00eas blocos mais ou menos equivalentes: esquerda, centro-direita e ultradireita.\n<\/p>\n<p>Uma nova elei\u00e7\u00e3o legislativa, que poderia fazer surgir uma maioria clara, n\u00e3o pode ocorrer antes de junho de 2025, pois a Constitui\u00e7\u00e3o veda duas dissolu\u00e7\u00f5es da Assembleia Nacional em menos de um ano.\n<\/p>\n<p>Fonte: Folha se S.Paulo              <\/p>\n<\/div>\n<p><br \/>\n<br \/><a href=\"https:\/\/diariodobrasilnoticias.com.br\/noticia\/parlamento-frances-aprova-a-destituicao-da-premie-apenas-90-dias-apos-assumir-o-cargo-6750c3d2a46dc\">Source link <\/a><\/p>","protected":false},"excerpt":{"rendered":"<p>Em mais um cap\u00edtulo de uma prolongada crise pol\u00edtica, a Fran\u00e7a est\u00e1 de novo sem primeiro-ministro, apenas 90 dias depois da nomea\u00e7\u00e3o de Michel Barnier. As duas extremidades do plen\u00e1rio&hellip;<\/p>","protected":false},"author":1,"featured_media":70914,"comment_status":"closed","ping_status":"open","sticky":false,"template":"","format":"standard","meta":{"content-type":"","footnotes":""},"categories":[16],"tags":[123,2448,5313,1267],"class_list":["post-70913","post","type-post","status-publish","format-standard","has-post-thumbnail","hentry","category-noticias","tag-brasil","tag-diario","tag-noticia","tag-noticias"],"_links":{"self":[{"href":"https:\/\/tvbrazilusa.com\/pt\/wp-json\/wp\/v2\/posts\/70913","targetHints":{"allow":["GET"]}}],"collection":[{"href":"https:\/\/tvbrazilusa.com\/pt\/wp-json\/wp\/v2\/posts"}],"about":[{"href":"https:\/\/tvbrazilusa.com\/pt\/wp-json\/wp\/v2\/types\/post"}],"author":[{"embeddable":true,"href":"https:\/\/tvbrazilusa.com\/pt\/wp-json\/wp\/v2\/users\/1"}],"replies":[{"embeddable":true,"href":"https:\/\/tvbrazilusa.com\/pt\/wp-json\/wp\/v2\/comments?post=70913"}],"version-history":[{"count":1,"href":"https:\/\/tvbrazilusa.com\/pt\/wp-json\/wp\/v2\/posts\/70913\/revisions"}],"predecessor-version":[{"id":70915,"href":"https:\/\/tvbrazilusa.com\/pt\/wp-json\/wp\/v2\/posts\/70913\/revisions\/70915"}],"wp:featuredmedia":[{"embeddable":true,"href":"https:\/\/tvbrazilusa.com\/pt\/wp-json\/wp\/v2\/media\/70914"}],"wp:attachment":[{"href":"https:\/\/tvbrazilusa.com\/pt\/wp-json\/wp\/v2\/media?parent=70913"}],"wp:term":[{"taxonomy":"category","embeddable":true,"href":"https:\/\/tvbrazilusa.com\/pt\/wp-json\/wp\/v2\/categories?post=70913"},{"taxonomy":"post_tag","embeddable":true,"href":"https:\/\/tvbrazilusa.com\/pt\/wp-json\/wp\/v2\/tags?post=70913"}],"curies":[{"name":"wp","href":"https:\/\/api.w.org\/{rel}","templated":true}]}}