{"id":70932,"date":"2024-12-04T23:42:15","date_gmt":"2024-12-04T23:42:15","guid":{"rendered":"https:\/\/tvbrazilusa.com\/2024\/12\/04\/os-tres-absurdos-de-lewandowski-na-tentativa-de-justificar-o-indiciamento-de-van-hattem\/"},"modified":"2024-12-04T23:42:16","modified_gmt":"2024-12-04T23:42:16","slug":"os-tres-absurdos-de-lewandowski-na-tentativa-de-justificar-o-indiciamento-de-van-hattem","status":"publish","type":"post","link":"https:\/\/tvbrazilusa.com\/pt\/2024\/12\/04\/os-tres-absurdos-de-lewandowski-na-tentativa-de-justificar-o-indiciamento-de-van-hattem\/","title":{"rendered":"Os tr\u00eas absurdos de Lewandowski na tentativa de justificar o indiciamento de Van Hattem"},"content":{"rendered":"<p> <script async src=\"https:\/\/pagead2.googlesyndication.com\/pagead\/js\/adsbygoogle.js?client=ca-pub-8864793242727901\"\r\n     crossorigin=\"anonymous\"><\/script><br \/>\n<\/p>\n<div id=\"taboola-read-more\" style=\"display:block; width:100%\">\n<p>Ricardo Lewandowski, ex-ministro do Supremo Tribunal Federal indicado por Lula que virou ministro da Justi\u00e7a e Seguran\u00e7a P\u00fablica do governo Lula ap\u00f3s blindar Lula no STF contra a Lava Jato, recorreu a tr\u00eas alega\u00e7\u00f5es absurdas ao tentar justificar em audi\u00eancia na Comiss\u00e3o de Seguran\u00e7a P\u00fablica da C\u00e2mara dos Deputados, realizada na ter\u00e7a-feira, 3, o indiciamento do opositor Marcel Van Hattem (Novo-RS) por cal\u00fania e difama\u00e7\u00e3o, em raz\u00e3o de palavras ditas na tribuna da Casa contra o delegado F\u00e1bio Alvarez Shor, da Pol\u00edcia Federal.\n<\/p>\n<p>Lewandowski citou seu voto no STF contra imunidade parlamentar \u201csempre que houver abuso\u201d, ou seja: h\u00e1 \u201cabuso\u201d se o STF decide, sem crit\u00e9rio objetivo, que h\u00e1; portanto, quando julga conveniente retaliar algu\u00e9m por supostos crimes contra a honra, o que jamais se aplicou, nem se aplica, a parlamentares de esquerda, por exemplo, em caso de ofensas proferidas na mesma tribuna da C\u00e2mara a membros da Lava Jato, como Sergio Moro e Deltan Dallagnol;<br \/>Diante da men\u00e7\u00e3o de Van Hattem aos 9 delegados e 6 agentes da PF envolvidos na representa\u00e7\u00e3o, Lewandowski alegou: \u201cPossivelmente, deputado, a corpora\u00e7\u00e3o como um todo tenha se sentido atingida em sua honra. Isso explica que outros al\u00e9m do vitimado, o supostamente vitimado, tenham representado, tenham pedido a abertura do inqu\u00e9rito.\u201d O ministro, portanto, \u201cexplica\u201d o indiciamento, confessando a possibilidade de que 15 integrantes da PF tenham reagido n\u00e3o tecnicamente, mas com o f\u00edgado, de modo corporativista, como se todos tivessem sido atingidos pelas palavras dirigidas contra apenas um deles. Faltou Lewandowski explicar que jurisprud\u00eancia \u00e9 essa que autoriza retalia\u00e7\u00e3o sentimental da PF a parlamentar.<br \/>Em seguida, Lewandowski foi al\u00e9m: \u201cA fam\u00edlia do delegado foi atingida. Circulou na internet uma foto de um filho de tr\u00eas anos com a placa de \u2018Procura-se\u2019! A gravidade desse fato, em tese, \u00e9 muito grande!\u201d Questionado sobre a identidade do autor da postagem, o ministro deu de ombros: \u201cEu n\u00e3o sei quem fez, isso vai ser apurado, eu n\u00e3o estou acusando Vossa Excel\u00eancia.\u201d Ou seja, Lewandowski tentou justificar o inqu\u00e9rito que levou ao indiciamento, citando uma postagem de autor n\u00e3o identificado, sem qualquer prova de rela\u00e7\u00e3o com o discurso de Van Hattem, e que, se \u00e9 para falar \u201cem tese\u201d, tamb\u00e9m pode ter sido plantada na internet por advers\u00e1rios do deputado para turbinar a gravidade alegada pelo ministro. Os familiares do delegado, na verdade, n\u00e3o foram alvos de qualquer ofensa proferida pelo deputado, de modo que, se a postagem, \u201cem tese\u201d, \u00e9 criminosa, deveria ser alvo de processo avulso por suposta amea\u00e7a ou qualquer outra acusa\u00e7\u00e3o, n\u00e3o tomada como agravante em inqu\u00e9rito que solapa a imunidade parlamentar.<br \/>Imunidade parlamentar<br \/>Aliado do bolsonarismo, Van Hattem n\u00e3o precisava ter chamado Alvarez Shor de \u201cbandido\u201d para tecer cr\u00edticas \u00e0 sua atua\u00e7\u00e3o no caso de Filipe Martins, ex-assessor de Jair Bolsonaro preso preventivamente em 8 de fevereiro de 2024 em Ponta Grossa-PR, no apartamento de sua namorada, sob alega\u00e7\u00f5es depois consideradas fr\u00e1geis pelo procurador-geral da Rep\u00fablica, Paulo Gonet; mas a imunidade parlamentar existe para garantir a deputados e senadores a liberdade de usar palavras duras no calor das discuss\u00f5es p\u00fablicas, sobretudo se relacionadas a medidas gravosas determinadas por autoridades.<\/p>\n<p>Ricardo Lewandowski, ex-ministro do Supremo Tribunal Federal indicado por Lula que virou ministro da Justi\u00e7a e Seguran\u00e7a P\u00fablica do governo Lula ap\u00f3s blindar Lula no STF contra a Lava Jato, recorreu a tr\u00eas alega\u00e7\u00f5es absurdas ao tentar justificar em audi\u00eancia na Comiss\u00e3o de Seguran\u00e7a P\u00fablica da C\u00e2mara dos Deputados, realizada na ter\u00e7a-feira, 3, o indiciamento do opositor Marcel Van Hattem (Novo-RS) por cal\u00fania e difama\u00e7\u00e3o, em raz\u00e3o de palavras ditas na tribuna da Casa contra o delegado F\u00e1bio Alvarez Shor, da Pol\u00edcia Federal.\n<\/p>\n<p>Lewandowski citou seu voto no STF contra imunidade parlamentar \u201csempre que houver abuso\u201d, ou seja: h\u00e1 \u201cabuso\u201d se o STF decide, sem crit\u00e9rio objetivo, que h\u00e1; portanto, quando julga conveniente retaliar algu\u00e9m por supostos crimes contra a honra, o que jamais se aplicou, nem se aplica, a parlamentares de esquerda, por exemplo, em caso de ofensas proferidas na mesma tribuna da C\u00e2mara a membros da Lava Jato, como Sergio Moro e Deltan Dallagnol;<br \/>Diante da men\u00e7\u00e3o de Van Hattem aos 9 delegados e 6 agentes da PF envolvidos na representa\u00e7\u00e3o, Lewandowski alegou: \u201cPossivelmente, deputado, a corpora\u00e7\u00e3o como um todo tenha se sentido atingida em sua honra. Isso explica que outros al\u00e9m do vitimado, o supostamente vitimado, tenham representado, tenham pedido a abertura do inqu\u00e9rito.\u201d O ministro, portanto, \u201cexplica\u201d o indiciamento, confessando a possibilidade de que 15 integrantes da PF tenham reagido n\u00e3o tecnicamente, mas com o f\u00edgado, de modo corporativista, como se todos tivessem sido atingidos pelas palavras dirigidas contra apenas um deles. Faltou Lewandowski explicar que jurisprud\u00eancia \u00e9 essa que autoriza retalia\u00e7\u00e3o sentimental da PF a parlamentar.<br \/>Em seguida, Lewandowski foi al\u00e9m: \u201cA fam\u00edlia do delegado foi atingida. Circulou na internet uma foto de um filho de tr\u00eas anos com a placa de \u2018Procura-se\u2019! A gravidade desse fato, em tese, \u00e9 muito grande!\u201d Questionado sobre a identidade do autor da postagem, o ministro deu de ombros: \u201cEu n\u00e3o sei quem fez, isso vai ser apurado, eu n\u00e3o estou acusando Vossa Excel\u00eancia.\u201d Ou seja, Lewandowski tentou justificar o inqu\u00e9rito que levou ao indiciamento, citando uma postagem de autor n\u00e3o identificado, sem qualquer prova de rela\u00e7\u00e3o com o discurso de Van Hattem, e que, se \u00e9 para falar \u201cem tese\u201d, tamb\u00e9m pode ter sido plantada na internet por advers\u00e1rios do deputado para turbinar a gravidade alegada pelo ministro. Os familiares do delegado, na verdade, n\u00e3o foram alvos de qualquer ofensa proferida pelo deputado, de modo que, se a postagem, \u201cem tese\u201d, \u00e9 criminosa, deveria ser alvo de processo avulso por suposta amea\u00e7a ou qualquer outra acusa\u00e7\u00e3o, n\u00e3o tomada como agravante em inqu\u00e9rito que solapa a imunidade parlamentar.<br \/>Imunidade parlamentar<br \/>Aliado do bolsonarismo, Van Hattem n\u00e3o precisava ter chamado Alvarez Shor de \u201cbandido\u201d para tecer cr\u00edticas \u00e0 sua atua\u00e7\u00e3o no caso de Filipe Martins, ex-assessor de Jair Bolsonaro preso preventivamente em 8 de fevereiro de 2024 em Ponta Grossa-PR, no apartamento de sua namorada, sob alega\u00e7\u00f5es depois consideradas fr\u00e1geis pelo procurador-geral da Rep\u00fablica, Paulo Gonet; mas a imunidade parlamentar existe para garantir a deputados e senadores a liberdade de usar palavras duras no calor das discuss\u00f5es p\u00fablicas, sobretudo se relacionadas a medidas gravosas determinadas por autoridades.\n<\/p>\n<p>\u201cO que levou \u00e0 minha fala foi eu levantar essa foto aqui do delegado F\u00e1bio Alvarez Shor, que vossa excel\u00eancia conhece\u201d, disse o deputado a Lewandowski na audi\u00eancia.\n<\/p>\n<p>\u201cFui \u00e0 tribuna dizer que ele, sim, fez relat\u00f3rios fraudulentos, baseados em informa\u00e7\u00f5es falsas, mantendo Filipe Martins preso por seis meses com base em documentos inseridos\u2026 Pois bem, eu disse depois que chamei na tribuna um policial, que n\u00e3o a corpora\u00e7\u00e3o, de bandido; repeti duas vezes depois que eu estava sendo investigado por chamar um bandido de bandido, um covarde de covarde, porque eu n\u00e3o aceitava isso, mas estava falando das fun\u00e7\u00f5es dele; n\u00e3o o conhe\u00e7o pessoalmente, nada tendo contra a sua pessoa. Mas eu tenho a imunidade parlamentar, sim, para falar e para repetir uma quarta vez hoje\u201d, argumentou Van Hattem.\n<\/p>\n<p>A PF alegava, em fevereiro, que o nome de Martins estava na lista de passageiros do avi\u00e3o presidencial que saiu de Bras\u00edlia com destino a Orlando em 30 de dezembro de 2022, mas que, como \u201cn\u00e3o se verificou registros de sa\u00edda\u201d do pa\u00eds, era preciso prend\u00ea-lo porque sua localiza\u00e7\u00e3o era incerta e haveria risco de \u201cfuga\u201d.\n<\/p>\n<p>Conclus\u00e3o da PF<br \/>No relat\u00f3rio final sobre a trama golpista, divulgado em novembro de 2024, a PF concluiu que o ent\u00e3o assessor \u201cforjou uma poss\u00edvel sa\u00edda do Brasil no final do ano de 2022 com o objetivo de dificultar sua eventual localiza\u00e7\u00e3o e consequente aplica\u00e7\u00e3o da lei penal\u201d.\n<\/p>\n<p>\u201c\u00c0 semelhan\u00e7a de outros investigados, que adotaram estrat\u00e9gia de sair do pa\u00eds ap\u00f3s n\u00e3o conseguirem \u00eaxito na tentativa de subvers\u00e3o do regime democr\u00e1tico, o investigado adotou diversos recursos para ludibriar poss\u00edveis investiga\u00e7\u00f5es quanto ao seu paradeiro\u201d, afirmou a PF, citando, por exemplo, a declara\u00e7\u00e3o dos \u201cgenitores\u201d de Martins, durante busca e apreens\u00e3o em Votorantim-SP, de que ele \u201cn\u00e3o morava na resid\u00eancia, mas sim no exterior\u201d.\n<\/p>\n<p>Quando foi encontrado e indagado onde morava, Martins alegou que realizou um \u201cano sab\u00e1tico\u201d e que \u201cestaria morando em um apartamento em S\u00e3o Paulo, sem precisar a cidade, e Balne\u00e1rio Cambori\u00fa\/SC, locados por temporada em sites como Airbnb\u201d, segundo o relat\u00f3rio.\n<\/p>\n<p>\u201cN\u00e3o fixou resid\u00eancia\u201c<br \/>A PF afirmou que o ex-assessor de Bolsonaro \u201cn\u00e3o fixou resid\u00eancia em nenhum local, sendo localizado no dia do cumprimento do mandado de busca e apreens\u00e3o, no apartamento de sua companheira, na posse de poucos pertences, fato que permite uma f\u00e1cil altera\u00e7\u00e3o de local, em caso de necessidade\u201d. \u201cNesse sentido, a cidade de Ponta Grossa\/PR, local onde FILIPE MARTINS foi localizado, encontra-se a cerca de 461 quil\u00f4metros de dist\u00e2ncia da cidade de Dion\u00edsio Cerqueira\/SC, fronteira com a Argentina, por rota rodovi\u00e1ria e 551 quil\u00f4metros at\u00e9 a cidade de Gua\u00edra\/PR, fronteira com o Paraguai\u201d, conforme o documento.\n<\/p>\n<p>Van Hattem, na Comiss\u00e3o, ainda questionou por que n\u00e3o estava sendo preso tamb\u00e9m: \u201cE se \u00e9 entendimento que eu estou fazendo crime contra a honra, por que o seu chefe da Pol\u00edcia Federal, o diretor-geral Andrei [Rodrigues], que est\u00e1 aqui, n\u00e3o me prende agora em flagrante delito? Se \u00e9 um crime contra a honra que eu estou cometendo, que me prenda! Sabe por que n\u00e3o, ministro? Porque a covardia age nas sombras, age nos processos secretos, age na clandestinidade dos inqu\u00e9ritos fake do Supremo Tribunal Federal, que ali\u00e1s eu acho, senhor presidente, que nem o ministro conhece.\u201c\n<\/p>\n<p>Figura mais ilustrativa do cons\u00f3rcio fechado entre o governo Lula e o STF, em nome da defesa da \u201cdemocracia\u201d, Lewandowski, como mostrou sua atua\u00e7\u00e3o nos julgamentos do mensal\u00e3o e do petrol\u00e3o, \u00e9 um dos maiores especialistas do Brasil em fornecer alega\u00e7\u00f5es fake para blindar aliados e retaliar inimigos. Sua participa\u00e7\u00e3o na audi\u00eancia, tentando apagar o fogo bolsonarista com gasolina lulista, confirma apenas que ele continua o mesmo.\n<\/p>\n<p>Fonte: O Antagonista              <\/p>\n<\/div>\n<p><br \/>\n<br \/><a href=\"https:\/\/diariodobrasilnoticias.com.br\/noticia\/os-tres-absurdos-de-lewandowski-na-tentativa-de-justificar-o-indiciamento-de-van-hattem-6750c5656efeb\">Source link <\/a><\/p>","protected":false},"excerpt":{"rendered":"<p>Ricardo Lewandowski, ex-ministro do Supremo Tribunal Federal indicado por Lula que virou ministro da Justi\u00e7a e Seguran\u00e7a P\u00fablica do governo Lula ap\u00f3s blindar Lula no STF contra a Lava Jato,&hellip;<\/p>","protected":false},"author":1,"featured_media":70933,"comment_status":"closed","ping_status":"open","sticky":false,"template":"","format":"standard","meta":{"content-type":"","footnotes":""},"categories":[16],"tags":[123,2448,5313,1267],"class_list":["post-70932","post","type-post","status-publish","format-standard","has-post-thumbnail","hentry","category-noticias","tag-brasil","tag-diario","tag-noticia","tag-noticias"],"_links":{"self":[{"href":"https:\/\/tvbrazilusa.com\/pt\/wp-json\/wp\/v2\/posts\/70932","targetHints":{"allow":["GET"]}}],"collection":[{"href":"https:\/\/tvbrazilusa.com\/pt\/wp-json\/wp\/v2\/posts"}],"about":[{"href":"https:\/\/tvbrazilusa.com\/pt\/wp-json\/wp\/v2\/types\/post"}],"author":[{"embeddable":true,"href":"https:\/\/tvbrazilusa.com\/pt\/wp-json\/wp\/v2\/users\/1"}],"replies":[{"embeddable":true,"href":"https:\/\/tvbrazilusa.com\/pt\/wp-json\/wp\/v2\/comments?post=70932"}],"version-history":[{"count":1,"href":"https:\/\/tvbrazilusa.com\/pt\/wp-json\/wp\/v2\/posts\/70932\/revisions"}],"predecessor-version":[{"id":70934,"href":"https:\/\/tvbrazilusa.com\/pt\/wp-json\/wp\/v2\/posts\/70932\/revisions\/70934"}],"wp:featuredmedia":[{"embeddable":true,"href":"https:\/\/tvbrazilusa.com\/pt\/wp-json\/wp\/v2\/media\/70933"}],"wp:attachment":[{"href":"https:\/\/tvbrazilusa.com\/pt\/wp-json\/wp\/v2\/media?parent=70932"}],"wp:term":[{"taxonomy":"category","embeddable":true,"href":"https:\/\/tvbrazilusa.com\/pt\/wp-json\/wp\/v2\/categories?post=70932"},{"taxonomy":"post_tag","embeddable":true,"href":"https:\/\/tvbrazilusa.com\/pt\/wp-json\/wp\/v2\/tags?post=70932"}],"curies":[{"name":"wp","href":"https:\/\/api.w.org\/{rel}","templated":true}]}}