{"id":70935,"date":"2024-12-04T23:37:44","date_gmt":"2024-12-04T23:37:44","guid":{"rendered":"https:\/\/tvbrazilusa.com\/2024\/12\/04\/dois-estudantes-feridos-e-atirador-morto-apos-tiroteio-em-escola-no-norte-da-california-wsvn-7news-noticias-de-miami-clima-esportes-fort-lauderdale\/"},"modified":"2024-12-04T23:46:37","modified_gmt":"2024-12-04T23:46:37","slug":"dois-estudantes-feridos-e-atirador-morto-apos-tiroteio-em-escola-no-norte-da-california-wsvn-7news-noticias-de-miami-clima-esportes-fort-lauderdale","status":"publish","type":"post","link":"https:\/\/tvbrazilusa.com\/pt\/2024\/12\/04\/dois-estudantes-feridos-e-atirador-morto-apos-tiroteio-em-escola-no-norte-da-california-wsvn-7news-noticias-de-miami-clima-esportes-fort-lauderdale\/","title":{"rendered":"Dois estudantes feridos e atirador morto ap\u00f3s tiroteio em escola no norte da Calif\u00f3rnia &#8211; WSVN 7News | Not\u00edcias de Miami, clima, esportes | Fort Lauderdale"},"content":{"rendered":"<p> <script async src=\"https:\/\/pagead2.googlesyndication.com\/pagead\/js\/adsbygoogle.js?client=ca-pub-8864793242727901\"\r\n     crossorigin=\"anonymous\"><\/script><br \/>\n<\/p>\n<div itemprop=\"articleBody\">\n<p>PALERMO, Calif\u00f3rnia (AP) \u2013 Dois estudantes foram feridos em um tiroteio na quarta-feira em uma pequena escola religiosa no norte da Calif\u00f3rnia e o atirador morreu devido a um tiro supostamente autoinfligido, disseram funcion\u00e1rios do xerife.<\/p>\n<p>Os estudantes feridos foram levados para hospitais em condi\u00e7\u00f5es desconhecidas ap\u00f3s o tiroteio na pequena escola religiosa e o motivo do atirador era desconhecido, disse a porta-voz do Gabinete do Xerife do Condado de Butte, Megan McMann.<\/p>\n<p>A Escola Feather River dos Adventistas do S\u00e9timo Dia \u00e9 uma escola particular de ensino fundamental e m\u00e9dio em Palermo &#8211; lar de cerca de 5.500 pessoas e cerca de 65 milhas (104 km) ao norte de Sacramento.<\/p>\n<p>Um representante do Corpo de Bombeiros do Condado de Butte n\u00e3o teve nenhuma informa\u00e7\u00e3o imediata sobre o tiroteio.<\/p>\n<p>Os estudantes estavam sendo levados para a Igreja do Nazareno de Oroville para se reunirem com suas fam\u00edlias, disse o gabinete do xerife.<\/p>\n<p><em>Direitos autorais 2024 da Associated Press. Todos os direitos reservados. Este material n\u00e3o pode ser publicado, transmitido, reescrito ou redistribu\u00eddo.<\/em><\/p>\n<div class=\"wp-block-newsletter\">\n\t<strong class=\"wp-block-newsletter__title\">Cadastre-se em nosso boletim informativo para receber as \u00faltimas not\u00edcias diretamente na sua caixa de entrada<\/strong><\/p>\n<\/div><\/div>\n<p><br \/>\n<br \/><a href=\"https:\/\/wsvn.com\/news\/us-world\/two-students-wounded-and-gunman-dead-after-shooting-at-northern-california-school\/\">Source link <\/a><\/p>","protected":false},"excerpt":{"rendered":"<p>PALERMO, Calif\u00f3rnia (AP) \u2013 Dois estudantes foram feridos em um tiroteio na quarta-feira em uma pequena escola religiosa no norte da Calif\u00f3rnia e o atirador morreu devido a um tiro&hellip;<\/p>","protected":false},"author":1,"featured_media":70936,"comment_status":"closed","ping_status":"open","sticky":false,"template":"","format":"standard","meta":{"content-type":"","footnotes":""},"categories":[1],"tags":[],"class_list":["post-70935","post","type-post","status-publish","format-standard","has-post-thumbnail","hentry","category-uncategorized"],"_links":{"self":[{"href":"https:\/\/tvbrazilusa.com\/pt\/wp-json\/wp\/v2\/posts\/70935","targetHints":{"allow":["GET"]}}],"collection":[{"href":"https:\/\/tvbrazilusa.com\/pt\/wp-json\/wp\/v2\/posts"}],"about":[{"href":"https:\/\/tvbrazilusa.com\/pt\/wp-json\/wp\/v2\/types\/post"}],"author":[{"embeddable":true,"href":"https:\/\/tvbrazilusa.com\/pt\/wp-json\/wp\/v2\/users\/1"}],"replies":[{"embeddable":true,"href":"https:\/\/tvbrazilusa.com\/pt\/wp-json\/wp\/v2\/comments?post=70935"}],"version-history":[{"count":1,"href":"https:\/\/tvbrazilusa.com\/pt\/wp-json\/wp\/v2\/posts\/70935\/revisions"}],"predecessor-version":[{"id":70937,"href":"https:\/\/tvbrazilusa.com\/pt\/wp-json\/wp\/v2\/posts\/70935\/revisions\/70937"}],"wp:featuredmedia":[{"embeddable":true,"href":"https:\/\/tvbrazilusa.com\/pt\/wp-json\/wp\/v2\/media\/70936"}],"wp:attachment":[{"href":"https:\/\/tvbrazilusa.com\/pt\/wp-json\/wp\/v2\/media?parent=70935"}],"wp:term":[{"taxonomy":"category","embeddable":true,"href":"https:\/\/tvbrazilusa.com\/pt\/wp-json\/wp\/v2\/categories?post=70935"},{"taxonomy":"post_tag","embeddable":true,"href":"https:\/\/tvbrazilusa.com\/pt\/wp-json\/wp\/v2\/tags?post=70935"}],"curies":[{"name":"wp","href":"https:\/\/api.w.org\/{rel}","templated":true}]}}