{"id":70954,"date":"2024-12-04T23:37:44","date_gmt":"2024-12-04T23:37:44","guid":{"rendered":"https:\/\/tvbrazilusa.com\/2024\/12\/04\/duas-criancas-feridas-e-atirador-morto-apos-tiroteio-em-escola-no-norte-da-california-wsvn-7news-noticias-de-miami-clima-esportes-fort-lauderdale\/"},"modified":"2024-12-05T00:17:32","modified_gmt":"2024-12-05T00:17:32","slug":"duas-criancas-feridas-e-atirador-morto-apos-tiroteio-em-escola-no-norte-da-california-wsvn-7news-noticias-de-miami-clima-esportes-fort-lauderdale","status":"publish","type":"post","link":"https:\/\/tvbrazilusa.com\/pt\/2024\/12\/04\/duas-criancas-feridas-e-atirador-morto-apos-tiroteio-em-escola-no-norte-da-california-wsvn-7news-noticias-de-miami-clima-esportes-fort-lauderdale\/","title":{"rendered":"Duas crian\u00e7as feridas e atirador morto ap\u00f3s tiroteio em escola no norte da Calif\u00f3rnia &#8211; WSVN 7News | Not\u00edcias de Miami, clima, esportes | Fort Lauderdale"},"content":{"rendered":"<p> <script async src=\"https:\/\/pagead2.googlesyndication.com\/pagead\/js\/adsbygoogle.js?client=ca-pub-8864793242727901\"\r\n     crossorigin=\"anonymous\"><\/script><br \/>\n<\/p>\n<div itemprop=\"articleBody\">\n<p>PALERMO, Calif\u00f3rnia (AP) \u2013 Duas crian\u00e7as foram feridas em um tiroteio na quarta-feira em uma pequena escola religiosa K-8 no norte da Calif\u00f3rnia e o atirador morreu devido a um tiro supostamente autoinfligido, disseram funcion\u00e1rios do xerife.<\/p>\n<p>As condi\u00e7\u00f5es das crian\u00e7as n\u00e3o foram conhecidas imediatamente. O tiroteio ocorreu na tarde de quarta-feira na Escola Feather River dos Adventistas do S\u00e9timo Dia, uma escola particular de ensino fundamental e m\u00e9dio em Palermo, uma comunidade de 5.500 pessoas a cerca de 104 km ao norte de Sacramento.<\/p>\n<p>O xerife do condado de Butte, Kory L. Honea, disse que as liga\u00e7\u00f5es para o 911 relataram \u201cum indiv\u00edduo no campus que disparou contra estudantes\u201d e disse que o atirador n\u00e3o parecia ter uma conex\u00e3o com a escola. O motivo n\u00e3o foi conhecido imediatamente, continuou ele.<\/p>\n<p>Um estudante foi levado de avi\u00e3o para um hospital pr\u00f3ximo, disse Honea.<\/p>\n<p>As autoridades levaram os estudantes \u00e0s pressas para a Igreja do Nazareno de Oroville para se reunirem com suas fam\u00edlias, disse o gabinete do xerife.<\/p>\n<p>A escola est\u00e1 aberta desde 1965 e atende menos de tr\u00eas dezenas de crian\u00e7as, segundo seu site.<\/p>\n<p><em>Direitos autorais 2024 da Associated Press. Todos os direitos reservados. Este material n\u00e3o pode ser publicado, transmitido, reescrito ou redistribu\u00eddo.<\/em><\/p>\n<div class=\"wp-block-newsletter\">\n\t<strong class=\"wp-block-newsletter__title\">Cadastre-se em nosso boletim informativo para receber as \u00faltimas not\u00edcias diretamente em sua caixa de entrada<\/strong><\/p>\n<\/div><\/div>\n<p><br \/>\n<br \/><a href=\"https:\/\/wsvn.com\/news\/us-world\/two-children-wounded-and-gunman-dead-after-shooting-at-northern-california-school\/\">Source link <\/a><\/p>","protected":false},"excerpt":{"rendered":"<p>PALERMO, Calif\u00f3rnia (AP) \u2013 Duas crian\u00e7as foram feridas em um tiroteio na quarta-feira em uma pequena escola religiosa K-8 no norte da Calif\u00f3rnia e o atirador morreu devido a um&hellip;<\/p>","protected":false},"author":1,"featured_media":70936,"comment_status":"closed","ping_status":"open","sticky":false,"template":"","format":"standard","meta":{"content-type":"","footnotes":""},"categories":[1],"tags":[],"class_list":["post-70954","post","type-post","status-publish","format-standard","has-post-thumbnail","hentry","category-uncategorized"],"_links":{"self":[{"href":"https:\/\/tvbrazilusa.com\/pt\/wp-json\/wp\/v2\/posts\/70954","targetHints":{"allow":["GET"]}}],"collection":[{"href":"https:\/\/tvbrazilusa.com\/pt\/wp-json\/wp\/v2\/posts"}],"about":[{"href":"https:\/\/tvbrazilusa.com\/pt\/wp-json\/wp\/v2\/types\/post"}],"author":[{"embeddable":true,"href":"https:\/\/tvbrazilusa.com\/pt\/wp-json\/wp\/v2\/users\/1"}],"replies":[{"embeddable":true,"href":"https:\/\/tvbrazilusa.com\/pt\/wp-json\/wp\/v2\/comments?post=70954"}],"version-history":[{"count":1,"href":"https:\/\/tvbrazilusa.com\/pt\/wp-json\/wp\/v2\/posts\/70954\/revisions"}],"predecessor-version":[{"id":70955,"href":"https:\/\/tvbrazilusa.com\/pt\/wp-json\/wp\/v2\/posts\/70954\/revisions\/70955"}],"wp:featuredmedia":[{"embeddable":true,"href":"https:\/\/tvbrazilusa.com\/pt\/wp-json\/wp\/v2\/media\/70936"}],"wp:attachment":[{"href":"https:\/\/tvbrazilusa.com\/pt\/wp-json\/wp\/v2\/media?parent=70954"}],"wp:term":[{"taxonomy":"category","embeddable":true,"href":"https:\/\/tvbrazilusa.com\/pt\/wp-json\/wp\/v2\/categories?post=70954"},{"taxonomy":"post_tag","embeddable":true,"href":"https:\/\/tvbrazilusa.com\/pt\/wp-json\/wp\/v2\/tags?post=70954"}],"curies":[{"name":"wp","href":"https:\/\/api.w.org\/{rel}","templated":true}]}}