{"id":71261,"date":"2024-12-05T15:31:06","date_gmt":"2024-12-05T15:31:06","guid":{"rendered":"https:\/\/tvbrazilusa.com\/2024\/12\/05\/motorista-por-aplicativo-registra-momento-em-que-um-passageiro-fingiu-ter-sido-agredido-por-ele-veja-video\/"},"modified":"2024-12-05T15:31:07","modified_gmt":"2024-12-05T15:31:07","slug":"motorista-por-aplicativo-registra-momento-em-que-um-passageiro-fingiu-ter-sido-agredido-por-ele-veja-video","status":"publish","type":"post","link":"https:\/\/tvbrazilusa.com\/pt\/2024\/12\/05\/motorista-por-aplicativo-registra-momento-em-que-um-passageiro-fingiu-ter-sido-agredido-por-ele-veja-video\/","title":{"rendered":"Motorista por aplicativo registra momento em que um passageiro fingiu ter sido agredido por ele; VEJA V\u00cdDEO"},"content":{"rendered":"<p> <script async src=\"https:\/\/pagead2.googlesyndication.com\/pagead\/js\/adsbygoogle.js?client=ca-pub-8864793242727901\"\r\n     crossorigin=\"anonymous\"><\/script><br \/>\n<\/p>\n<div id=\"taboola-read-more\" style=\"display:block; width:100%\">\n<p>Com uma c\u00e2mera instalada no interior do carro, um motorista por aplicativo registrou, em v\u00eddeo, o momento em que um passageiro fingiu ter sido agr3dido por ele. O epis\u00f3dio teria ocorrido nesta quarta-feira (4\/12) em Bel\u00e9m, no Par\u00e1.\n<\/p>\n<p>ASSISTA:<\/p>\n<p>Fonte: Metr\u00f3poles              <\/p>\n<\/div>\n<p><br \/>\n<br \/><a href=\"https:\/\/diariodobrasilnoticias.com.br\/noticia\/-motorista-por-aplicativo-registra-momento-em-que-um-passageiro-fingiu-ter-sido-agredido-por-ele-veja-video-6751a3a5c965e\">Source link <\/a><\/p>","protected":false},"excerpt":{"rendered":"<p>Com uma c\u00e2mera instalada no interior do carro, um motorista por aplicativo registrou, em v\u00eddeo, o momento em que um passageiro fingiu ter sido agr3dido por ele. O epis\u00f3dio teria&hellip;<\/p>","protected":false},"author":1,"featured_media":71262,"comment_status":"closed","ping_status":"open","sticky":false,"template":"","format":"standard","meta":{"content-type":"","footnotes":""},"categories":[16],"tags":[123,2448,5313,1267],"class_list":["post-71261","post","type-post","status-publish","format-standard","has-post-thumbnail","hentry","category-noticias","tag-brasil","tag-diario","tag-noticia","tag-noticias"],"_links":{"self":[{"href":"https:\/\/tvbrazilusa.com\/pt\/wp-json\/wp\/v2\/posts\/71261","targetHints":{"allow":["GET"]}}],"collection":[{"href":"https:\/\/tvbrazilusa.com\/pt\/wp-json\/wp\/v2\/posts"}],"about":[{"href":"https:\/\/tvbrazilusa.com\/pt\/wp-json\/wp\/v2\/types\/post"}],"author":[{"embeddable":true,"href":"https:\/\/tvbrazilusa.com\/pt\/wp-json\/wp\/v2\/users\/1"}],"replies":[{"embeddable":true,"href":"https:\/\/tvbrazilusa.com\/pt\/wp-json\/wp\/v2\/comments?post=71261"}],"version-history":[{"count":1,"href":"https:\/\/tvbrazilusa.com\/pt\/wp-json\/wp\/v2\/posts\/71261\/revisions"}],"predecessor-version":[{"id":71263,"href":"https:\/\/tvbrazilusa.com\/pt\/wp-json\/wp\/v2\/posts\/71261\/revisions\/71263"}],"wp:featuredmedia":[{"embeddable":true,"href":"https:\/\/tvbrazilusa.com\/pt\/wp-json\/wp\/v2\/media\/71262"}],"wp:attachment":[{"href":"https:\/\/tvbrazilusa.com\/pt\/wp-json\/wp\/v2\/media?parent=71261"}],"wp:term":[{"taxonomy":"category","embeddable":true,"href":"https:\/\/tvbrazilusa.com\/pt\/wp-json\/wp\/v2\/categories?post=71261"},{"taxonomy":"post_tag","embeddable":true,"href":"https:\/\/tvbrazilusa.com\/pt\/wp-json\/wp\/v2\/tags?post=71261"}],"curies":[{"name":"wp","href":"https:\/\/api.w.org\/{rel}","templated":true}]}}