{"id":71264,"date":"2024-12-05T15:30:53","date_gmt":"2024-12-05T15:30:53","guid":{"rendered":"https:\/\/tvbrazilusa.com\/2024\/12\/05\/jamie-foxx-declara-estou-de-volta-no-trailer-do-novo-especial-da-netflix-narrando-a-hospitalizacao-em-2023-wsvn-7news-noticias-de-miami-clima-esportes-fort-lauderdale\/"},"modified":"2024-12-05T15:35:19","modified_gmt":"2024-12-05T15:35:19","slug":"jamie-foxx-declara-estou-de-volta-no-trailer-do-novo-especial-da-netflix-narrando-a-hospitalizacao-em-2023-wsvn-7news-noticias-de-miami-clima-esportes-fort-lauderdale","status":"publish","type":"post","link":"https:\/\/tvbrazilusa.com\/pt\/2024\/12\/05\/jamie-foxx-declara-estou-de-volta-no-trailer-do-novo-especial-da-netflix-narrando-a-hospitalizacao-em-2023-wsvn-7news-noticias-de-miami-clima-esportes-fort-lauderdale\/","title":{"rendered":"Jamie Foxx declara &#8216;Estou de volta&#8217; no trailer do novo especial da Netflix narrando a hospitaliza\u00e7\u00e3o em 2023 &#8211; WSVN 7News | Not\u00edcias de Miami, clima, esportes | Fort Lauderdale"},"content":{"rendered":"<p> <script async src=\"https:\/\/pagead2.googlesyndication.com\/pagead\/js\/adsbygoogle.js?client=ca-pub-8864793242727901\"\r\n     crossorigin=\"anonymous\"><\/script><br \/>\n<\/p>\n<div itemprop=\"articleBody\">\n<p>(CNN) \u2013 Jamie Foxx est\u00e1 deixando claro sobre uma crise de sa\u00fade que experimentou no ano passado em seu pr\u00f3ximo especial de com\u00e9dia da Netflix.<\/p>\n<p>Um trailer do especial, intitulado \u201cJamie Foxx: What Had Happened Was\u201d, foi lan\u00e7ado na quinta-feira, mostrando o ator e comediante vencedor do Oscar subindo ao palco na frente de um p\u00fablico animado, dizendo: \u201cEstou de volta!\u201d<\/p>\n<p>\u201cE estou muito feliz em ver todos voc\u00eas aqui, estou muito feliz por estar aqui\u201d, acrescenta Foxx.<\/p>\n<p>Foxx esclarecer\u00e1 sua crise de sa\u00fade \u201ccom humor e vulnerabilidade\u201d, de acordo com a sinopse oficial do especial.<\/p>\n<p>\u201cEm meio a risos e aplausos, Jamie expressa profunda gratid\u00e3o \u00e0queles que oraram (por) e apoiaram sua recupera\u00e7\u00e3o, transformando esta performance em um comovente agradecimento aos seus f\u00e3s. Este evento de com\u00e9dia \u00e9 uma celebra\u00e7\u00e3o da resili\u00eancia, do humor e do poder da comunidade, lembrando-nos a todos do poder curativo do riso\u201d, diz a sinopse.<\/p>\n<p>O especial marca o primeiro filme ou projeto de TV de Foxx desde que ele foi hospitalizado em abril de 2023. Na \u00e9poca, ele estava em Atlanta filmando o pr\u00f3ximo filme da Netflix, \u201cBack in Action\u201d, que \u00e9 coestrelado por Cameron Diaz e estar\u00e1 dispon\u00edvel para transmiss\u00e3o em janeiro. .<\/p>\n<p>Sabe-se que Foxx \u00e9 cauteloso em rela\u00e7\u00e3o \u00e0 sua vida privada e ainda n\u00e3o revelou publicamente o que causou sua hospitaliza\u00e7\u00e3o.<\/p>\n<p>A estrela de \u201cRay\u201d compartilhou uma pequena atualiza\u00e7\u00e3o em um v\u00eddeo de julho de 2023 postado em sua p\u00e1gina do Instagram sobre por que optou por n\u00e3o divulgar mais informa\u00e7\u00f5es sobre a prova\u00e7\u00e3o, dizendo na \u00e9poca que n\u00e3o queria que o p\u00fablico \u201cme visse assim\u201d. .\u201d<\/p>\n<p>\u201cQuero que voc\u00ea me veja rindo, me divertindo, festejando, contando uma piada, fazendo um filme, um programa de televis\u00e3o. Eu n\u00e3o queria que voc\u00ea me visse com tubos saindo de mim e tentando descobrir se eu conseguiria sobreviver\u201d, acrescentou.<\/p>\n<p>\u201cJamie Foxx: What Had Happened Was\u201d estar\u00e1 dispon\u00edvel para transmiss\u00e3o na Netflix em 10 de dezembro.<\/p>\n<p><em>The-CNN-Wire\u2122 e \u00a9 2024 Cable News Network, Inc., uma empresa da Time Warner. Todos os direitos reservados.<\/em><\/p>\n<div class=\"wp-block-newsletter\">\n\t<strong class=\"wp-block-newsletter__title\">Cadastre-se em nosso boletim informativo para receber as \u00faltimas not\u00edcias diretamente em sua caixa de entrada<\/strong><\/p>\n<\/div><\/div>\n<p><br \/>\n<br \/><a href=\"https:\/\/wsvn.com\/entertainment\/jamie-foxx-declares-im-back-in-trailer-for-new-netflix-special-chronicling-2023-hospitalization\/\">Source link <\/a><\/p>","protected":false},"excerpt":{"rendered":"<p>(CNN) \u2013 Jamie Foxx est\u00e1 deixando claro sobre uma crise de sa\u00fade que experimentou no ano passado em seu pr\u00f3ximo especial de com\u00e9dia da Netflix. Um trailer do especial, intitulado&hellip;<\/p>","protected":false},"author":1,"featured_media":71265,"comment_status":"closed","ping_status":"open","sticky":false,"template":"","format":"standard","meta":{"content-type":"","footnotes":""},"categories":[1],"tags":[],"class_list":["post-71264","post","type-post","status-publish","format-standard","has-post-thumbnail","hentry","category-uncategorized"],"_links":{"self":[{"href":"https:\/\/tvbrazilusa.com\/pt\/wp-json\/wp\/v2\/posts\/71264","targetHints":{"allow":["GET"]}}],"collection":[{"href":"https:\/\/tvbrazilusa.com\/pt\/wp-json\/wp\/v2\/posts"}],"about":[{"href":"https:\/\/tvbrazilusa.com\/pt\/wp-json\/wp\/v2\/types\/post"}],"author":[{"embeddable":true,"href":"https:\/\/tvbrazilusa.com\/pt\/wp-json\/wp\/v2\/users\/1"}],"replies":[{"embeddable":true,"href":"https:\/\/tvbrazilusa.com\/pt\/wp-json\/wp\/v2\/comments?post=71264"}],"version-history":[{"count":1,"href":"https:\/\/tvbrazilusa.com\/pt\/wp-json\/wp\/v2\/posts\/71264\/revisions"}],"predecessor-version":[{"id":71266,"href":"https:\/\/tvbrazilusa.com\/pt\/wp-json\/wp\/v2\/posts\/71264\/revisions\/71266"}],"wp:featuredmedia":[{"embeddable":true,"href":"https:\/\/tvbrazilusa.com\/pt\/wp-json\/wp\/v2\/media\/71265"}],"wp:attachment":[{"href":"https:\/\/tvbrazilusa.com\/pt\/wp-json\/wp\/v2\/media?parent=71264"}],"wp:term":[{"taxonomy":"category","embeddable":true,"href":"https:\/\/tvbrazilusa.com\/pt\/wp-json\/wp\/v2\/categories?post=71264"},{"taxonomy":"post_tag","embeddable":true,"href":"https:\/\/tvbrazilusa.com\/pt\/wp-json\/wp\/v2\/tags?post=71264"}],"curies":[{"name":"wp","href":"https:\/\/api.w.org\/{rel}","templated":true}]}}