{"id":71270,"date":"2024-12-05T15:47:34","date_gmt":"2024-12-05T15:47:34","guid":{"rendered":"https:\/\/tvbrazilusa.com\/2024\/12\/05\/fotografo-brasileiro-desaparecido-em-paris-e-adicionado-a-lista-da-interpol\/"},"modified":"2024-12-05T15:47:35","modified_gmt":"2024-12-05T15:47:35","slug":"fotografo-brasileiro-desaparecido-em-paris-e-adicionado-a-lista-da-interpol","status":"publish","type":"post","link":"https:\/\/tvbrazilusa.com\/pt\/2024\/12\/05\/fotografo-brasileiro-desaparecido-em-paris-e-adicionado-a-lista-da-interpol\/","title":{"rendered":"Fot\u00f3grafo brasileiro desaparecido em Paris \u00e9 adicionado \u00e0 lista da Interpol."},"content":{"rendered":"<p> <script async src=\"https:\/\/pagead2.googlesyndication.com\/pagead\/js\/adsbygoogle.js?client=ca-pub-8864793242727901\"\r\n     crossorigin=\"anonymous\"><\/script><br \/>\n<\/p>\n<div id=\"taboola-read-more\" style=\"display:block; width:100%\">\n<p>O fot\u00f3grafo Fl\u00e1vio de Castro Sousa, de 36 anos, que desapareceu em Paris, na Fran\u00e7a, foi inclu\u00eddo na lista de Difus\u00e3o Amarela da Interpol, na \u00faltima quarta-feira (4).\n<\/p>\n<p>Ele foi visto pela \u00faltima vez em 26 de novembro, dia em que voltaria para o Brasil. As malas de Fl\u00e1vio j\u00e1 estavam prontas e o check-in havia sido feito pela internet.<\/p>\n<p>A lista da Interpol cont\u00e9m nomes de pessoas desaparecidas e emite um alerta para as autoridades policiais dos pa\u00edses membros da organiza\u00e7\u00e3o internacional. No aviso, h\u00e1 informa\u00e7\u00f5es pessoais sobre o desaparecido como foto, data de nascimento e o pa\u00eds de origem.\n<\/p>\n<p>\u00c0 CNN, Lilian Viana, amiga de Fl\u00e1vio, disse que todos envolvidos na busca pelo fot\u00f3grafo precisam de ajuda nesta miss\u00e3o. \u201cA gente realmente est\u00e1 precisando de mobiliza\u00e7\u00e3o popular, a gente est\u00e1 precisando levar isso \u00e0s autoridades\u201d, comentou.\n<\/p>\n<p>A amiga do fot\u00f3grafo tamb\u00e9m disse que o celular dele foi encontrado em uma jardineira de um restaurante local. Por\u00e9m, como a pol\u00edcia francesa trabalha de outra forma, n\u00e3o \u00e9 poss\u00edvel observar as c\u00e2meras de seguran\u00e7a da regi\u00e3o para saber quem foi o respons\u00e1vel pelo descarte do telefone.\n<\/p>\n<p>De acordo com Lilian, as malas de Fl\u00e1vio foram levadas por colegas do fot\u00f3grafo para serem analisadas no Consulado do Brasil, na \u00faltima ter\u00e7a-feira (3).\n<\/p>\n<p>Dentro das bagagens, estava tudo organizado e continha o material fotogr\u00e1fico e o passaporte de Fl\u00e1vio.\n<\/p>\n<p>Fl\u00e1vio mora em Belo Horizonte (MG) e estava na Fran\u00e7a para uma viagem a trabalho. Ele chegou em Paris em 1\u00ba de novembro e, ap\u00f3s compromissos profissionais, ficaria no pa\u00eds para passar as f\u00e9rias at\u00e9 o fim do m\u00eas.\n<\/p>\n<p>O artista nasceu em Candeias, na regi\u00e3o oeste de Minas Gerais. Fl\u00e1vio cursou Artes Pl\u00e1sticas na Escola Guignard, da Universidade do Estado de Minas Gerais. Ele \u00e9 s\u00f3cio de Lucien Esteban na empresa Toujours Fotografia, especializada em cobertura de eventos.\n<\/p>\n<p>Como funciona o sistema de alertas da Interpol<br \/>A Organiza\u00e7\u00e3o Internacional de Pol\u00edcia Criminal foi criada em 1923 junto \u00e0 Comiss\u00e3o de Pol\u00edcia Criminal Internacional e sua sede fica em Viena, na \u00c1ustria.\n<\/p>\n<p>\u00c0 \u00e9poca, a institui\u00e7\u00e3o internacional publicou uma rela\u00e7\u00e3o de criminosos procurados internacionalmente, principalmente, os que participaram da Primeira Guerra Mundial.\n<\/p>\n<p>Os alertas, conhecido como \u201cdifus\u00f5es\u201d, s\u00e3o classificados a partir de um sistema de cores:\n<\/p>\n<p>Difus\u00e3o Vermelha: alerta para buscar a pris\u00e3o ou deten\u00e7\u00e3o provis\u00f3ria de pessoas procuradas com vista \u00e0 extradi\u00e7\u00e3o;<br \/>Difus\u00e3o Amarela: alerta para ajudar a localizar pessoas desaparecidas, muitas vezes menores de idade, ou para ajudar a encontrar pessoas que s\u00e3o incapazes de se identificar;<br \/>Difus\u00e3o Azul: alerta para localizar, identificar ou obter informa\u00e7\u00f5es sobre uma pessoa de interesse em uma investiga\u00e7\u00e3o criminal;<br \/>Difus\u00e3o Preta: alerta para buscar informa\u00e7\u00f5es sobre corpos n\u00e3o identificados;<br \/>Difus\u00e3o Verde: alerta para alertar sobre atividades criminosas de uma pessoa, caso ela seja considerada uma poss\u00edvel amea\u00e7a \u00e0 seguran\u00e7a p\u00fablica;<br \/>Difus\u00e3o Laranja: alerta para alertar sobre um evento, uma pessoa, um objeto ou um processo que representa uma amea\u00e7a iminente e perigo para pessoas ou bens;<br \/>Difus\u00e3o Roxa: alerta para fornecer informa\u00e7\u00f5es sobre modus operandi, objetos, dispositivos e m\u00e9todos de oculta\u00e7\u00e3o utilizados pelos criminosos.<br \/>*Sob supervis\u00e3o de Bruno Lafor\u00e9<\/p>\n<p>Fonte: CNN Brasil              <\/p>\n<\/div>\n<p><br \/>\n<br \/><a href=\"https:\/\/diariodobrasilnoticias.com.br\/noticia\/fotografo-brasileiro-desaparecido-em-paris-e-adicionado-a-lista-da-interpol-6751ade141475\">Source link <\/a><\/p>","protected":false},"excerpt":{"rendered":"<p>O fot\u00f3grafo Fl\u00e1vio de Castro Sousa, de 36 anos, que desapareceu em Paris, na Fran\u00e7a, foi inclu\u00eddo na lista de Difus\u00e3o Amarela da Interpol, na \u00faltima quarta-feira (4). Ele foi&hellip;<\/p>","protected":false},"author":1,"featured_media":71271,"comment_status":"closed","ping_status":"open","sticky":false,"template":"","format":"standard","meta":{"content-type":"","footnotes":""},"categories":[16],"tags":[123,2448,5313,1267],"class_list":["post-71270","post","type-post","status-publish","format-standard","has-post-thumbnail","hentry","category-noticias","tag-brasil","tag-diario","tag-noticia","tag-noticias"],"_links":{"self":[{"href":"https:\/\/tvbrazilusa.com\/pt\/wp-json\/wp\/v2\/posts\/71270","targetHints":{"allow":["GET"]}}],"collection":[{"href":"https:\/\/tvbrazilusa.com\/pt\/wp-json\/wp\/v2\/posts"}],"about":[{"href":"https:\/\/tvbrazilusa.com\/pt\/wp-json\/wp\/v2\/types\/post"}],"author":[{"embeddable":true,"href":"https:\/\/tvbrazilusa.com\/pt\/wp-json\/wp\/v2\/users\/1"}],"replies":[{"embeddable":true,"href":"https:\/\/tvbrazilusa.com\/pt\/wp-json\/wp\/v2\/comments?post=71270"}],"version-history":[{"count":1,"href":"https:\/\/tvbrazilusa.com\/pt\/wp-json\/wp\/v2\/posts\/71270\/revisions"}],"predecessor-version":[{"id":71272,"href":"https:\/\/tvbrazilusa.com\/pt\/wp-json\/wp\/v2\/posts\/71270\/revisions\/71272"}],"wp:featuredmedia":[{"embeddable":true,"href":"https:\/\/tvbrazilusa.com\/pt\/wp-json\/wp\/v2\/media\/71271"}],"wp:attachment":[{"href":"https:\/\/tvbrazilusa.com\/pt\/wp-json\/wp\/v2\/media?parent=71270"}],"wp:term":[{"taxonomy":"category","embeddable":true,"href":"https:\/\/tvbrazilusa.com\/pt\/wp-json\/wp\/v2\/categories?post=71270"},{"taxonomy":"post_tag","embeddable":true,"href":"https:\/\/tvbrazilusa.com\/pt\/wp-json\/wp\/v2\/tags?post=71270"}],"curies":[{"name":"wp","href":"https:\/\/api.w.org\/{rel}","templated":true}]}}