{"id":71279,"date":"2024-12-05T15:59:12","date_gmt":"2024-12-05T15:59:12","guid":{"rendered":"https:\/\/tvbrazilusa.com\/2024\/12\/05\/carrefour-fecha-suas-operacoes-em-shopping-de-sao-paulo\/"},"modified":"2024-12-05T15:59:13","modified_gmt":"2024-12-05T15:59:13","slug":"carrefour-fecha-suas-operacoes-em-shopping-de-sao-paulo","status":"publish","type":"post","link":"https:\/\/tvbrazilusa.com\/pt\/2024\/12\/05\/carrefour-fecha-suas-operacoes-em-shopping-de-sao-paulo\/","title":{"rendered":"Carrefour fecha suas opera\u00e7\u00f5es em shopping de S\u00e3o Paulo"},"content":{"rendered":"<p> <script async src=\"https:\/\/pagead2.googlesyndication.com\/pagead\/js\/adsbygoogle.js?client=ca-pub-8864793242727901\"\r\n     crossorigin=\"anonymous\"><\/script><br \/>\n<\/p>\n<div id=\"taboola-read-more\" style=\"display:block; width:100%\">\n<p>Depois de 37 anos de opera\u00e7\u00e3o, o Carrefour encerrar\u00e1 as atividades de sua unidade de hipermercado no Shopping Center Norte, no bairro Vila Guilherme, em S\u00e3o Paulo. A decis\u00e3o foi motivada pela solicita\u00e7\u00e3o dos propriet\u00e1rios do espa\u00e7o para retomada do ponto, com o objetivo de implementar um projeto de revitaliza\u00e7\u00e3o do complexo comercial.\n<\/p>\n<p>Estima-se que a expans\u00e3o e a renova\u00e7\u00e3o do Shopping Center Norte e do Lar Center envolvam investimentos superiores a R$ 120 milh\u00f5es.<\/p>\n<p>A \u00e1rea atualmente ocupada pelo hipermercado ser\u00e1 destinada \u00e0 constru\u00e7\u00e3o de pr\u00e9dios residenciais e outros servi\u00e7os, integrando um novo condom\u00ednio ao shopping.\n<\/p>\n<p>O fechamento do hipermercado est\u00e1 previsto para ocorrer at\u00e9 o final de dezembro. Esse espa\u00e7o, localizado pr\u00f3ximo a uma das entradas do empreendimento, n\u00e3o est\u00e1 sendo oferecido ao mercado varejista, e, mesmo se fosse, h\u00e1 expectativas de que o interesse seria baixo.\n<\/p>\n<p>Mudan\u00e7as na estrat\u00e9gia do Carrefour\n<\/p>\n<p>Essa mudan\u00e7a ocorre em meio a uma estrat\u00e9gia mais ampla do Carrefour de reduzir sua presen\u00e7a no segmento de hipermercados, enquanto amplia suas opera\u00e7\u00f5es no formato de \u201catacarejo\u201d por meio da bandeira Atacad\u00e3o.\n<\/p>\n<p>Entre janeiro e setembro, a rede de hipermercados do grupo experimentou uma redu\u00e7\u00e3o de 1,6% nas vendas em lojas com mais de um ano de opera\u00e7\u00e3o. Em setembro, o Carrefour mantinha 114 hipermercados no Brasil, dos quais 29 foram fechados ou convertidos para outras bandeiras dentro do grupo.\n<\/p>\n<p>O plano de revitaliza\u00e7\u00e3o do Shopping Center Norte marca a maior interven\u00e7\u00e3o no local desde 1999, sinalizando a import\u00e2ncia estrat\u00e9gica do projeto para os controladores do empreendimento.\n<\/p>\n<p>A decis\u00e3o de encerrar a unidade do Carrefour foi influenciada por diverg\u00eancias passadas referentes a condi\u00e7\u00f5es de contrato e renova\u00e7\u00e3o, al\u00e9m do elevado custo de manter a opera\u00e7\u00e3o em uma \u00e1rea valorizada.\n<\/p>\n<p>Rede de supermercado vai vender 8 unidades em Curitiba<br \/>Al\u00e9m do fechamento da loja do Center Norte, em comunicado enviado \u00e0 Comiss\u00e3o de Valores Mobili\u00e1rios (CVM) na ter\u00e7a-feira 3, o Grupo Carrefour Brasil informou que assinou acordos para a venda de oito lojas de supermercados da bandeira Nacional localizadas em Curitiba, no Paran\u00e1.\n<\/p>\n<p>O grupo pretende se desfazer de todas as lojas das bandeiras Nacional e Bompre\u00e7o, que somam 64 unidades.\n<\/p>\n<p>\u201cAs transa\u00e7\u00f5es fazem parte da estrat\u00e9gia do Grupo para simplificar e agilizar suas opera\u00e7\u00f5es do segmento Varejo, focando nosso neg\u00f3cio principal de lojas de grandes formatos. O Grupo Carrefour Brasil planeja desinvestir todas as lojas de supermercados das bandeiras Nacional e Bom Pre\u00e7o (64 lojas no total)\u201d, afirma o Carrefour, no comunicado.\n<\/p>\n<p>Segundo a empresa, 47 lojas da bandeira Nacional, localizadas na Regi\u00e3o Sul do Brasil, e as 17 lojas da bandeira Bompre\u00e7o, localizadas na Regi\u00e3o Nordeste do Brasil, entregaram R$ 1,5 bilh\u00e3o de vendas brutas nos \u00faltimos 12 meses encerrados em setembro.\n<\/p>\n<p>Isso corresponde a 1,3% das vendas brutas totais do grupo e a 6% das vendas brutas do segmento varejo, com contribui\u00e7\u00e3o negativa de R$ 42 milh\u00f5es no Ebitda (p\u00f3s-IFRS).\n<\/p>\n<p>Dessas 64 lojas, 11 s\u00e3o de propriedade da companhia e 53 s\u00e3o alugadas. As despesas com aluguel dessas lojas somaram R$ 65 milh\u00f5es nos \u00faltimos 12 meses encerrados em setembro de 2024.<\/p>\n<p>Fonte: Revista Oeste              <\/p>\n<\/div>\n<p><br \/>\n<br \/><a href=\"https:\/\/diariodobrasilnoticias.com.br\/noticia\/carrefour-fecha-suas-operacoes-em-shopping-de-sao-paulo-6751af3b68f14\">Source link <\/a><\/p>","protected":false},"excerpt":{"rendered":"<p>Depois de 37 anos de opera\u00e7\u00e3o, o Carrefour encerrar\u00e1 as atividades de sua unidade de hipermercado no Shopping Center Norte, no bairro Vila Guilherme, em S\u00e3o Paulo. A decis\u00e3o foi&hellip;<\/p>","protected":false},"author":1,"featured_media":71280,"comment_status":"closed","ping_status":"open","sticky":false,"template":"","format":"standard","meta":{"content-type":"","footnotes":""},"categories":[16],"tags":[123,2448,5313,1267],"class_list":["post-71279","post","type-post","status-publish","format-standard","has-post-thumbnail","hentry","category-noticias","tag-brasil","tag-diario","tag-noticia","tag-noticias"],"_links":{"self":[{"href":"https:\/\/tvbrazilusa.com\/pt\/wp-json\/wp\/v2\/posts\/71279","targetHints":{"allow":["GET"]}}],"collection":[{"href":"https:\/\/tvbrazilusa.com\/pt\/wp-json\/wp\/v2\/posts"}],"about":[{"href":"https:\/\/tvbrazilusa.com\/pt\/wp-json\/wp\/v2\/types\/post"}],"author":[{"embeddable":true,"href":"https:\/\/tvbrazilusa.com\/pt\/wp-json\/wp\/v2\/users\/1"}],"replies":[{"embeddable":true,"href":"https:\/\/tvbrazilusa.com\/pt\/wp-json\/wp\/v2\/comments?post=71279"}],"version-history":[{"count":1,"href":"https:\/\/tvbrazilusa.com\/pt\/wp-json\/wp\/v2\/posts\/71279\/revisions"}],"predecessor-version":[{"id":71281,"href":"https:\/\/tvbrazilusa.com\/pt\/wp-json\/wp\/v2\/posts\/71279\/revisions\/71281"}],"wp:featuredmedia":[{"embeddable":true,"href":"https:\/\/tvbrazilusa.com\/pt\/wp-json\/wp\/v2\/media\/71280"}],"wp:attachment":[{"href":"https:\/\/tvbrazilusa.com\/pt\/wp-json\/wp\/v2\/media?parent=71279"}],"wp:term":[{"taxonomy":"category","embeddable":true,"href":"https:\/\/tvbrazilusa.com\/pt\/wp-json\/wp\/v2\/categories?post=71279"},{"taxonomy":"post_tag","embeddable":true,"href":"https:\/\/tvbrazilusa.com\/pt\/wp-json\/wp\/v2\/tags?post=71279"}],"curies":[{"name":"wp","href":"https:\/\/api.w.org\/{rel}","templated":true}]}}