{"id":71282,"date":"2024-12-05T15:44:08","date_gmt":"2024-12-05T15:44:08","guid":{"rendered":"https:\/\/tvbrazilusa.com\/2024\/12\/05\/atirador-pode-ter-alvejado-escola-religiosa-da-california-no-tiroteio-que-feriu-2-alunos-do-jardim-de-infancia-wsvn-7news-noticias-de-miami-clima-esportes-fort-lauderdale\/"},"modified":"2024-12-05T16:03:30","modified_gmt":"2024-12-05T16:03:30","slug":"atirador-pode-ter-alvejado-escola-religiosa-da-california-no-tiroteio-que-feriu-2-alunos-do-jardim-de-infancia-wsvn-7news-noticias-de-miami-clima-esportes-fort-lauderdale","status":"publish","type":"post","link":"https:\/\/tvbrazilusa.com\/pt\/2024\/12\/05\/atirador-pode-ter-alvejado-escola-religiosa-da-california-no-tiroteio-que-feriu-2-alunos-do-jardim-de-infancia-wsvn-7news-noticias-de-miami-clima-esportes-fort-lauderdale\/","title":{"rendered":"Atirador pode ter alvejado escola religiosa da Calif\u00f3rnia no tiroteio que feriu 2 alunos do jardim de inf\u00e2ncia &#8211; WSVN 7News | Not\u00edcias de Miami, clima, esportes | Fort Lauderdale"},"content":{"rendered":"<p> <script async src=\"https:\/\/pagead2.googlesyndication.com\/pagead\/js\/adsbygoogle.js?client=ca-pub-8864793242727901\"\r\n     crossorigin=\"anonymous\"><\/script><br \/>\n<\/p>\n<div itemprop=\"articleBody\">\n<p>PALERMO, Calif\u00f3rnia (AP) \u2013 Duas crian\u00e7as estavam em \u201cestado extremamente cr\u00edtico\u201d depois de serem baleadas em uma pequena escola religiosa K-8 no norte da Calif\u00f3rnia e o atirador morreu no local, aparentemente devido a um tiro autoinfligido, disse a pol\u00edcia.<\/p>\n<p>O atirador pode ter como alvo a Escola dos Adventistas do S\u00e9timo Dia Feather River, em Palermo, na quarta-feira, por causa de sua afilia\u00e7\u00e3o religiosa, mas n\u00e3o se acredita que tivesse uma conex\u00e3o anterior com as v\u00edtimas ou com a escola, disse o xerife do condado de Butte, Kory L. Honea. . Ele n\u00e3o explicou mais nada.<\/p>\n<p>\u201cSe isto \u00e9 ou n\u00e3o um crime de \u00f3dio ou se faz ou n\u00e3o parte de algum tipo de esquema maior, neste momento n\u00e3o tenho informa\u00e7\u00f5es suficientes para fornecer uma resposta a isso\u201d, disse ele.<\/p>\n<p>As crian\u00e7as feridas, meninos de 5 e 6 anos, est\u00e3o no jardim de inf\u00e2ncia da escola e estavam sendo tratadas em um centro de trauma na \u00e1rea de Sacramento, disseram autoridades.<\/p>\n<p>\u201cEstou grato por eles ainda estarem vivos, mas t\u00eam um longo caminho pela frente\u201d, disse Honea.<\/p>\n<p>O tiroteio ocorreu pouco depois das 13h na escola crist\u00e3 particular com menos de tr\u00eas dezenas de alunos em Palermo, que tem cerca de 5.500 pessoas e fica a cerca de 104 quil\u00f4metros ao norte de Sacramento.<\/p>\n<p>Foi o mais recente entre dezenas de tiroteios em escolas nos EUA nos \u00faltimos anos, incluindo os especialmente mortais em Newtown, Connecticut, Parkland, Fl\u00f3rida, e Uvalde, Texas. Os tiroteios desencadearam debates acalorados sobre o controle de armas e desgastaram os nervos dos pais cujos filhos est\u00e3o crescendo acostumados a fazer exerc\u00edcios de tiro ativo em suas salas de aula.<\/p>\n<p>Mas os tiroteios em escolas pouco contribu\u00edram para alterar as leis nacionais sobre armas. As armas de fogo foram a principal causa de morte entre crian\u00e7as em 2020 e 2021, de acordo com a KFF, uma organiza\u00e7\u00e3o sem fins lucrativos que investiga quest\u00f5es de sa\u00fade.<\/p>\n<p>Honea disse que o atirador foi deixado por um motorista do Uber que est\u00e1 sendo entrevistado por detetives.<\/p>\n<p>Ele disse que o atirador estava em uma reuni\u00e3o com um administrador sobre a matr\u00edcula de uma crian\u00e7a na escola, que ele descreveu como \u201ccordial\u201d. Mas parece que foi a sua primeira visita \u00e0 escola e ele n\u00e3o tinha qualquer liga\u00e7\u00e3o anterior com as v\u00edtimas. Pouco depois disso, ouviram-se tiros, disse Honea.<\/p>\n<p>O corpo do atirador foi encontrado perto do escorregador e de outros equipamentos de playground no terreno da escola, que fica ao lado de uma fazenda onde o gado pasta. Uma arma foi encontrada nas proximidades, disse Honea.<\/p>\n<p>Honea disse que estavam tentando entrar em contato com a fam\u00edlia do atirador antes de divulgar seu nome.<\/p>\n<p>Laurie Trujillo, porta-voz da Confer\u00eancia dos Adventistas do S\u00e9timo Dia do Norte da Calif\u00f3rnia, disse em comunicado que eles estavam \u201cprofundamente entristecidos pelos acontecimentos que ocorreram hoje em nossa escola de Feather River\u201d. Ela acrescentou que eles est\u00e3o gratos ao gabinete do xerife por agir rapidamente para proteger os estudantes.<\/p>\n<p>A Igreja Adventista do S\u00e9timo Dia \u00e9 uma denomina\u00e7\u00e3o crist\u00e3 na qual os membros consideram a B\u00edblia seu \u00fanico credo e acreditam que a segunda vinda de Cristo est\u00e1 pr\u00f3xima. A Feather River School est\u00e1 aberta desde 1965, segundo seu site.<\/p>\n<p>Ap\u00f3s o tiroteio, as autoridades levaram os estudantes inicialmente para um gin\u00e1sio onde permaneceram at\u00e9 que um \u00f4nibus chegasse para lev\u00e1-los para fora do local e para a Igreja do Nazareno de Oroville para se reunirem com suas fam\u00edlias, disse Honea.<\/p>\n<p>Travis Marshall, pastor titular da Igreja do Nazareno de Oroville, considerou a reunifica\u00e7\u00e3o entre pais e filhos \u201cmuito comovente\u201d.<\/p>\n<p>\u201cAlgumas das crian\u00e7as ficaram incrivelmente emocionadas\u201d, disse ele. \u201cUma mulher estava levantando as m\u00e3os, louvando ao Senhor\u201d quando encontrou seu filho.<\/p>\n<p>Jocelyn Orlando, aluna da sexta s\u00e9rie, descreveu o que aconteceu \u00e0 CBS News Sacramento.<\/p>\n<p>\u201cEst\u00e1vamos indo para o intervalo do almo\u00e7o e basicamente todo mundo na minha sala ouviu tiros e a maioria das pessoas estava gritando\u201d, disse ela. \u201cTodos n\u00f3s fomos para o escrit\u00f3rio, fechamos as cortinas, trancamos as portas, basicamente fizemos o que far\u00edamos em um tiroteio na escola, e ent\u00e3o um dos professores veio e todos n\u00f3s corremos para a academia.\u201d<\/p>\n<p>O deputado James Gallagher, cuja \u00e1rea inclui Palermo, disse que seu \u201ccora\u00e7\u00e3o est\u00e1 partido por todos os afetados por esta trag\u00e9dia\u201d.<\/p>\n<p>\u201cComo comunidade, hoje abra\u00e7aremos mais os nossos entes queridos enquanto rezamos pelas v\u00edtimas e tentamos dar sentido a algo t\u00e3o sem sentido\u201d, disse ele num comunicado.<\/p>\n<p><em>Direitos autorais 2024 da Associated Press. Todos os direitos reservados. Este material n\u00e3o pode ser publicado, transmitido, reescrito ou redistribu\u00eddo.<\/em><\/p>\n<div class=\"wp-block-newsletter\">\n\t<strong class=\"wp-block-newsletter__title\">Cadastre-se em nosso boletim informativo para receber as \u00faltimas not\u00edcias diretamente em sua caixa de entrada<\/strong><\/p>\n<\/div><\/div>\n<p><br \/>\n<br \/><a href=\"https:\/\/wsvn.com\/news\/us-world\/gunman-may-have-targeted-california-religious-school-in-shooting-that-wounded-2-kindergartners\/\">Source link <\/a><\/p>","protected":false},"excerpt":{"rendered":"<p>PALERMO, Calif\u00f3rnia (AP) \u2013 Duas crian\u00e7as estavam em \u201cestado extremamente cr\u00edtico\u201d depois de serem baleadas em uma pequena escola religiosa K-8 no norte da Calif\u00f3rnia e o atirador morreu no&hellip;<\/p>","protected":false},"author":1,"featured_media":71283,"comment_status":"closed","ping_status":"open","sticky":false,"template":"","format":"standard","meta":{"content-type":"","footnotes":""},"categories":[1],"tags":[],"class_list":["post-71282","post","type-post","status-publish","format-standard","has-post-thumbnail","hentry","category-uncategorized"],"_links":{"self":[{"href":"https:\/\/tvbrazilusa.com\/pt\/wp-json\/wp\/v2\/posts\/71282","targetHints":{"allow":["GET"]}}],"collection":[{"href":"https:\/\/tvbrazilusa.com\/pt\/wp-json\/wp\/v2\/posts"}],"about":[{"href":"https:\/\/tvbrazilusa.com\/pt\/wp-json\/wp\/v2\/types\/post"}],"author":[{"embeddable":true,"href":"https:\/\/tvbrazilusa.com\/pt\/wp-json\/wp\/v2\/users\/1"}],"replies":[{"embeddable":true,"href":"https:\/\/tvbrazilusa.com\/pt\/wp-json\/wp\/v2\/comments?post=71282"}],"version-history":[{"count":1,"href":"https:\/\/tvbrazilusa.com\/pt\/wp-json\/wp\/v2\/posts\/71282\/revisions"}],"predecessor-version":[{"id":71284,"href":"https:\/\/tvbrazilusa.com\/pt\/wp-json\/wp\/v2\/posts\/71282\/revisions\/71284"}],"wp:featuredmedia":[{"embeddable":true,"href":"https:\/\/tvbrazilusa.com\/pt\/wp-json\/wp\/v2\/media\/71283"}],"wp:attachment":[{"href":"https:\/\/tvbrazilusa.com\/pt\/wp-json\/wp\/v2\/media?parent=71282"}],"wp:term":[{"taxonomy":"category","embeddable":true,"href":"https:\/\/tvbrazilusa.com\/pt\/wp-json\/wp\/v2\/categories?post=71282"},{"taxonomy":"post_tag","embeddable":true,"href":"https:\/\/tvbrazilusa.com\/pt\/wp-json\/wp\/v2\/tags?post=71282"}],"curies":[{"name":"wp","href":"https:\/\/api.w.org\/{rel}","templated":true}]}}