{"id":71345,"date":"2024-12-05T17:27:00","date_gmt":"2024-12-05T17:27:00","guid":{"rendered":"https:\/\/tvbrazilusa.com\/2024\/12\/05\/portugal-pode-voltar-a-ter-um-presidente-militar-apos-40-anos\/"},"modified":"2024-12-05T17:27:01","modified_gmt":"2024-12-05T17:27:01","slug":"portugal-pode-voltar-a-ter-um-presidente-militar-apos-40-anos","status":"publish","type":"post","link":"https:\/\/tvbrazilusa.com\/pt\/2024\/12\/05\/portugal-pode-voltar-a-ter-um-presidente-militar-apos-40-anos\/","title":{"rendered":"Portugal pode voltar a ter um presidente militar ap\u00f3s 40 anos"},"content":{"rendered":"<p> <script async src=\"https:\/\/pagead2.googlesyndication.com\/pagead\/js\/adsbygoogle.js?client=ca-pub-8864793242727901\"\r\n     crossorigin=\"anonymous\"><\/script><br \/>\n<\/p>\n<div id=\"taboola-read-more\" style=\"display:block; width:100%\">\n<p>O chefe do Estado-Maior da Marinha de Portugal, Henrique Gouveia e Melo, \u00e9 um dos nomes mais populares entre os poss\u00edveis candidatos \u00e0s elei\u00e7\u00f5es presidenciais que o pa\u00eds ir\u00e1 realizar em 2026. Sua eventual vit\u00f3ria significaria que o pa\u00eds voltaria a ter um militar no comando depois de 40 anos.\n<\/p>\n<p>Conhecido e muito bem avaliado pelos portugueses por coordenar o grupo de trabalho do plano de vacina\u00e7\u00e3o contra a Covid-19 em 2021, Gouveia e Melo lidera h\u00e1 semanas as sondagens sobre a inten\u00e7\u00e3o de voto de poss\u00edveis candidatos presidenciais.<\/p>\n<p>O almirante ainda n\u00e3o tornou p\u00fablica a inten\u00e7\u00e3o de concorrer \u00e0 sucess\u00e3o de Marcelo Rebelo de Sousa na presid\u00eancia, mas j\u00e1 deu indica\u00e7\u00f5es de que poder\u00e1 faz\u00ea-lo.\n<\/p>\n<p>Por enquanto, comunicou ao ministro da Defesa portugu\u00eas, Nuno Melo, que n\u00e3o estar\u00e1 dispon\u00edvel para ser mantido no comando da Marinha no final do ano e, em uma entrevista em setembro \u00e0 emissora p\u00fablica RTP, reconheceu n\u00e3o querer \u201cdizer n\u00e3o\u201d \u00e0 possibilidade de entrar na corrida pelo Pal\u00e1cio de Bel\u00e9m.\n<\/p>\n<p>Se vencesse, esta n\u00e3o seria a primeira vez que um militar presidiria Portugal desde o estabelecimento da democracia em 1974, ap\u00f3s a Revolu\u00e7\u00e3o dos Cravos, uma revolta militar n\u00e3o violenta que levou \u00e0 queda da ditadura de Salazar.\n<\/p>\n<p>Os fardados Francisco da Costa Gomes e Ant\u00f3nio Ramalho Eanes serviram como chefes de Estado entre 1974-1976 e 1976-1986, respectivamente.\n<\/p>\n<p>Para o cientista pol\u00edtico Ant\u00f3nio Costa Pinto, do Instituto de Ci\u00eancias Sociais da Universidade de Lisboa, ainda \u00e9 cedo para analisar a situa\u00e7\u00e3o, uma vez que n\u00e3o h\u00e1 candidatos confirmados, embora n\u00e3o considere an\u00f4malo que o almirante consiga acumular apoios, sem pronunciar-se sobre uma eventual vit\u00f3ria.\n<\/p>\n<p>Em sua opini\u00e3o, a boa reputa\u00e7\u00e3o de Gouveia e Melo adv\u00e9m \u201cfundamentalmente\u201d da sua gest\u00e3o na pandemia, o que fez com que fosse associado \u201ca um discurso de ordem e efici\u00eancia\u201d, mas tamb\u00e9m porque \u00e9 prov\u00e1vel que se candidate como figura independente dos partidos pol\u00edticos.\n<\/p>\n<p>O almirante tornou p\u00fablica em diversas ocasi\u00f5es sua posi\u00e7\u00e3o a favor de um maior investimento na defesa e tem sido contra a restaura\u00e7\u00e3o do servi\u00e7o militar obrigat\u00f3rio em Portugal, embora n\u00e3o descarte a busca de um sistema alternativo para formar a popula\u00e7\u00e3o.\n<\/p>\n<p>\u2013 Ningu\u00e9m d\u00e1 import\u00e2ncia se ele pedir uma fragata a mais ou a menos. Se insistisse no discurso da identidade nacional, de Portugal, da defesa do interesse portugu\u00eas\u2026 Isso \u00e9 mais importante \u2013 considerou o analista, que descartou que sua carreira militar possa pesar contra sua candidatura.\n<\/p>\n<p>Face ao que aconteceu at\u00e9 agora, o cientista pol\u00edtico encara Gouveia e Melo como uma figura \u201cinteressante\u201d devido \u00e0 toda agita\u00e7\u00e3o que conseguiu gerar na imprensa portuguesa.\n<\/p>\n<p>Para Costa Pinto, \u00e9 \u201cmuito dif\u00edcil\u201d que possa ser eleita uma figura que n\u00e3o tenha o apoio, mesmo que discreto, dos partidos pol\u00edticos, e o militar poderia t\u00ea-lo tanto por parte da centro-direita como do centro.\n<\/p>\n<p>Os democratas-crist\u00e3os do CDS, que t\u00eam dois deputados no Parlamento, poderiam apoiar a sua candidatura, mas \u201cn\u00e3o \u00e9 suficiente\u201d, advertiu o especialista.\n<\/p>\n<p>Se na corrida presidencial houver um candidato do PSD, partido que atualmente governa em minoria, Gouveia e Melo ficaria \u201ccertamente\u201d sem espa\u00e7o pol\u00edtico \u00e0 direita. E j\u00e1 h\u00e1 rumores de nomes da legenda interessados, como o do seu antigo presidente e membro do Conselho de Estado Lu\u00eds Marques Mendes.\n<\/p>\n<p>Por sua vez, o Partido Socialista, que lidera a oposi\u00e7\u00e3o, tamb\u00e9m tem figuras influentes que poder\u00e1 apresentar, como Ant\u00f3nio Vitorino, antigo comiss\u00e1rio europeu de Justi\u00e7a, Direitos Fundamentais e Cidadania.\n<\/p>\n<p>Segundo uma pesquisa realizada pela Intercampus e publicada na segunda-feira pelo Jornal de Neg\u00f3cios e pelo Correio da Manh\u00e3, o atual chefe do Estado-Maior da Marinha seria o favorito se as elei\u00e7\u00f5es acontecessem agora, com 23,2% das inten\u00e7\u00f5es de voto em um eventual primeiro turno, quase 10 pontos percentuais \u00e0 frente do segundo colocado, o ex-primeiro-ministro conservador Pedro Passos Coelho, com 13,9%.\n<\/p>\n<p>*EFE<\/p>\n<p>Fonte: Pleno News              <\/p>\n<\/div>\n<p><br \/>\n<br \/><a href=\"https:\/\/diariodobrasilnoticias.com.br\/noticia\/portugal-pode-voltar-a-ter-um-presidente-militar-apos-40-anos-6751d5059d664\">Source link <\/a><\/p>","protected":false},"excerpt":{"rendered":"<p>O chefe do Estado-Maior da Marinha de Portugal, Henrique Gouveia e Melo, \u00e9 um dos nomes mais populares entre os poss\u00edveis candidatos \u00e0s elei\u00e7\u00f5es presidenciais que o pa\u00eds ir\u00e1 realizar&hellip;<\/p>","protected":false},"author":1,"featured_media":71346,"comment_status":"closed","ping_status":"open","sticky":false,"template":"","format":"standard","meta":{"content-type":"","footnotes":""},"categories":[16],"tags":[123,2448,5313,1267],"class_list":["post-71345","post","type-post","status-publish","format-standard","has-post-thumbnail","hentry","category-noticias","tag-brasil","tag-diario","tag-noticia","tag-noticias"],"_links":{"self":[{"href":"https:\/\/tvbrazilusa.com\/pt\/wp-json\/wp\/v2\/posts\/71345","targetHints":{"allow":["GET"]}}],"collection":[{"href":"https:\/\/tvbrazilusa.com\/pt\/wp-json\/wp\/v2\/posts"}],"about":[{"href":"https:\/\/tvbrazilusa.com\/pt\/wp-json\/wp\/v2\/types\/post"}],"author":[{"embeddable":true,"href":"https:\/\/tvbrazilusa.com\/pt\/wp-json\/wp\/v2\/users\/1"}],"replies":[{"embeddable":true,"href":"https:\/\/tvbrazilusa.com\/pt\/wp-json\/wp\/v2\/comments?post=71345"}],"version-history":[{"count":1,"href":"https:\/\/tvbrazilusa.com\/pt\/wp-json\/wp\/v2\/posts\/71345\/revisions"}],"predecessor-version":[{"id":71347,"href":"https:\/\/tvbrazilusa.com\/pt\/wp-json\/wp\/v2\/posts\/71345\/revisions\/71347"}],"wp:featuredmedia":[{"embeddable":true,"href":"https:\/\/tvbrazilusa.com\/pt\/wp-json\/wp\/v2\/media\/71346"}],"wp:attachment":[{"href":"https:\/\/tvbrazilusa.com\/pt\/wp-json\/wp\/v2\/media?parent=71345"}],"wp:term":[{"taxonomy":"category","embeddable":true,"href":"https:\/\/tvbrazilusa.com\/pt\/wp-json\/wp\/v2\/categories?post=71345"},{"taxonomy":"post_tag","embeddable":true,"href":"https:\/\/tvbrazilusa.com\/pt\/wp-json\/wp\/v2\/tags?post=71345"}],"curies":[{"name":"wp","href":"https:\/\/api.w.org\/{rel}","templated":true}]}}