{"id":71351,"date":"2024-12-05T17:40:02","date_gmt":"2024-12-05T17:40:02","guid":{"rendered":"https:\/\/tvbrazilusa.com\/2024\/12\/05\/ex-bailarina-do-faustao-se-torna-re-por-suspeita-de-envolvimento-em-esquema-criminoso-ligado-ao-pcc\/"},"modified":"2024-12-05T17:40:05","modified_gmt":"2024-12-05T17:40:05","slug":"ex-bailarina-do-faustao-se-torna-re-por-suspeita-de-envolvimento-em-esquema-criminoso-ligado-ao-pcc","status":"publish","type":"post","link":"https:\/\/tvbrazilusa.com\/pt\/2024\/12\/05\/ex-bailarina-do-faustao-se-torna-re-por-suspeita-de-envolvimento-em-esquema-criminoso-ligado-ao-pcc\/","title":{"rendered":"Ex-bailarina do Faust\u00e3o se torna r\u00e9 por suspeita de envolvimento em esquema criminoso ligado ao PCC"},"content":{"rendered":"<p> <script async src=\"https:\/\/pagead2.googlesyndication.com\/pagead\/js\/adsbygoogle.js?client=ca-pub-8864793242727901\"\r\n     crossorigin=\"anonymous\"><\/script><br \/>\n<\/p>\n<div id=\"taboola-read-more\" style=\"display:block; width:100%\">\n<p>A influenciadora e ex-bailarina de Faust\u00e3o Natacha Horana Silva, de 33 anos, se tornou r\u00e9 por suspeita de lavagem de dinheiro e de integrar organiza\u00e7\u00e3o criminosa do Primeiro Comando da Capital (PCC). Natacha est\u00e1 presa desde dia 14 de novembro, na zona sul de S\u00e3o Paulo. No dia 19 de novembro, a defesa da modelo disse que a pris\u00e3o foi um equ\u00edvoco. \u201cEla jamais praticou qualquer ato il\u00edcito, direto, indireto ou colaborativo. E, diante disso, e principalmente pela inexist\u00eancia de ind\u00edcios de seu envolvimento e motivos para a continuidade dessa medida, aguarda-se o exame de pedidos feitos visando o imediato restabelecimento de sua liberdade e dignidade\u201d, afirmou.\n<\/p>\n<p>A den\u00fancia foi feita pelo Minist\u00e9rio do Rio Grande do Norte (MPRN) e foi aceita pela Justi\u00e7a do Estado. Al\u00e9m de Natacha Horana Silva, outras 17 pessoas viraram r\u00e9s. De acordo com a den\u00fancia, a influenciadora fazia parte do n\u00facleo Valdeci, que era composto por familiares e associados de Valdeci Alves dos Santos. Este era respons\u00e1vel por movimentar valores por meio de contas banc\u00e1rias de terceiros e recrutar outros indiv\u00edduos, com foco na oculta\u00e7\u00e3o de ativos il\u00edcitos.<\/p>\n<p>Segundo o MPRN, o esquema criminoso investigado utilizava estrat\u00e9gias sofisticadas para lavar dinheiro oriundo do tr\u00e1fico de drogas. Entre as pr\u00e1ticas identificadas, destacam-se a cria\u00e7\u00e3o de empresas de fachada, a compra e venda de im\u00f3veis de luxo, opera\u00e7\u00f5es financeiras em postos de combust\u00edveis e at\u00e9 mesmo a aquisi\u00e7\u00e3o de cavalos de ra\u00e7a.\n<\/p>\n<p>Com informa\u00e7\u00f5es de Tribuna do Norte              <\/p>\n<\/div>\n<p><br \/>\n<br \/><a href=\"https:\/\/diariodobrasilnoticias.com.br\/noticia\/ex-bailarina-do-faustao-se-torna-re-por-suspeita-de-envolvimento-em-esquema-criminoso-ligado-ao-pcc-6751bcfcee2f6\">Source link <\/a><\/p>","protected":false},"excerpt":{"rendered":"<p>A influenciadora e ex-bailarina de Faust\u00e3o Natacha Horana Silva, de 33 anos, se tornou r\u00e9 por suspeita de lavagem de dinheiro e de integrar organiza\u00e7\u00e3o criminosa do Primeiro Comando da&hellip;<\/p>","protected":false},"author":1,"featured_media":71352,"comment_status":"closed","ping_status":"open","sticky":false,"template":"","format":"standard","meta":{"content-type":"","footnotes":""},"categories":[16],"tags":[123,2448,5313,1267],"class_list":["post-71351","post","type-post","status-publish","format-standard","has-post-thumbnail","hentry","category-noticias","tag-brasil","tag-diario","tag-noticia","tag-noticias"],"_links":{"self":[{"href":"https:\/\/tvbrazilusa.com\/pt\/wp-json\/wp\/v2\/posts\/71351","targetHints":{"allow":["GET"]}}],"collection":[{"href":"https:\/\/tvbrazilusa.com\/pt\/wp-json\/wp\/v2\/posts"}],"about":[{"href":"https:\/\/tvbrazilusa.com\/pt\/wp-json\/wp\/v2\/types\/post"}],"author":[{"embeddable":true,"href":"https:\/\/tvbrazilusa.com\/pt\/wp-json\/wp\/v2\/users\/1"}],"replies":[{"embeddable":true,"href":"https:\/\/tvbrazilusa.com\/pt\/wp-json\/wp\/v2\/comments?post=71351"}],"version-history":[{"count":1,"href":"https:\/\/tvbrazilusa.com\/pt\/wp-json\/wp\/v2\/posts\/71351\/revisions"}],"predecessor-version":[{"id":71353,"href":"https:\/\/tvbrazilusa.com\/pt\/wp-json\/wp\/v2\/posts\/71351\/revisions\/71353"}],"wp:featuredmedia":[{"embeddable":true,"href":"https:\/\/tvbrazilusa.com\/pt\/wp-json\/wp\/v2\/media\/71352"}],"wp:attachment":[{"href":"https:\/\/tvbrazilusa.com\/pt\/wp-json\/wp\/v2\/media?parent=71351"}],"wp:term":[{"taxonomy":"category","embeddable":true,"href":"https:\/\/tvbrazilusa.com\/pt\/wp-json\/wp\/v2\/categories?post=71351"},{"taxonomy":"post_tag","embeddable":true,"href":"https:\/\/tvbrazilusa.com\/pt\/wp-json\/wp\/v2\/tags?post=71351"}],"curies":[{"name":"wp","href":"https:\/\/api.w.org\/{rel}","templated":true}]}}