{"id":71465,"date":"2024-12-05T18:02:00","date_gmt":"2024-12-05T18:02:00","guid":{"rendered":"https:\/\/tvbrazilusa.com\/2024\/12\/05\/trump-escolhe-loeffler-para-chefiar-a-administracao-de-pequenas-empresas\/"},"modified":"2024-12-05T20:45:53","modified_gmt":"2024-12-05T20:45:53","slug":"trump-escolhe-loeffler-para-chefiar-a-administracao-de-pequenas-empresas","status":"publish","type":"post","link":"https:\/\/tvbrazilusa.com\/pt\/2024\/12\/05\/trump-escolhe-loeffler-para-chefiar-a-administracao-de-pequenas-empresas\/","title":{"rendered":"Trump escolhe Loeffler para chefiar a Administra\u00e7\u00e3o de Pequenas Empresas"},"content":{"rendered":"<p> <script async src=\"https:\/\/pagead2.googlesyndication.com\/pagead\/js\/adsbygoogle.js?client=ca-pub-8864793242727901\"\r\n     crossorigin=\"anonymous\"><\/script><br \/>\n<br \/>ATLANTA \u2013 O presidente eleito Donald Trump nomear\u00e1 a ex-senadora dos EUA Kelly Loeffler, R-Ge\u00f3rgia, para chefiar a Administra\u00e7\u00e3o de Pequenas Empresas.<br \/>\n<br \/><br \/>\n<br \/><a href=\"https:\/\/www.henryherald.com\/news\/trump-chooses-loeffler-to-head-small-business-administration\/article_32a25c97-e354-5fb0-bd7e-8519b7cc9f31.html\">Source link <\/a><\/p>","protected":false},"excerpt":{"rendered":"<p>ATLANTA \u2013 O presidente eleito Donald Trump nomear\u00e1 a ex-senadora dos EUA Kelly Loeffler, R-Ge\u00f3rgia, para chefiar a Administra\u00e7\u00e3o de Pequenas Empresas. Source link<\/p>","protected":false},"author":1,"featured_media":7776,"comment_status":"closed","ping_status":"open","sticky":false,"template":"","format":"standard","meta":{"content-type":"","footnotes":""},"categories":[1],"tags":[1267],"class_list":["post-71465","post","type-post","status-publish","format-standard","has-post-thumbnail","hentry","category-uncategorized","tag-noticias"],"_links":{"self":[{"href":"https:\/\/tvbrazilusa.com\/pt\/wp-json\/wp\/v2\/posts\/71465","targetHints":{"allow":["GET"]}}],"collection":[{"href":"https:\/\/tvbrazilusa.com\/pt\/wp-json\/wp\/v2\/posts"}],"about":[{"href":"https:\/\/tvbrazilusa.com\/pt\/wp-json\/wp\/v2\/types\/post"}],"author":[{"embeddable":true,"href":"https:\/\/tvbrazilusa.com\/pt\/wp-json\/wp\/v2\/users\/1"}],"replies":[{"embeddable":true,"href":"https:\/\/tvbrazilusa.com\/pt\/wp-json\/wp\/v2\/comments?post=71465"}],"version-history":[{"count":1,"href":"https:\/\/tvbrazilusa.com\/pt\/wp-json\/wp\/v2\/posts\/71465\/revisions"}],"predecessor-version":[{"id":71466,"href":"https:\/\/tvbrazilusa.com\/pt\/wp-json\/wp\/v2\/posts\/71465\/revisions\/71466"}],"wp:featuredmedia":[{"embeddable":true,"href":"https:\/\/tvbrazilusa.com\/pt\/wp-json\/wp\/v2\/media\/7776"}],"wp:attachment":[{"href":"https:\/\/tvbrazilusa.com\/pt\/wp-json\/wp\/v2\/media?parent=71465"}],"wp:term":[{"taxonomy":"category","embeddable":true,"href":"https:\/\/tvbrazilusa.com\/pt\/wp-json\/wp\/v2\/categories?post=71465"},{"taxonomy":"post_tag","embeddable":true,"href":"https:\/\/tvbrazilusa.com\/pt\/wp-json\/wp\/v2\/tags?post=71465"}],"curies":[{"name":"wp","href":"https:\/\/api.w.org\/{rel}","templated":true}]}}