{"id":71504,"date":"2024-12-05T21:43:28","date_gmt":"2024-12-05T21:43:28","guid":{"rendered":"https:\/\/tvbrazilusa.com\/2024\/12\/05\/general-que-seria-informante-de-moraes\/"},"modified":"2024-12-05T21:43:29","modified_gmt":"2024-12-05T21:43:29","slug":"general-que-seria-informante-de-moraes","status":"publish","type":"post","link":"https:\/\/tvbrazilusa.com\/pt\/2024\/12\/05\/general-que-seria-informante-de-moraes\/","title":{"rendered":"General que seria informante de Moraes"},"content":{"rendered":"<p> <script async src=\"https:\/\/pagead2.googlesyndication.com\/pagead\/js\/adsbygoogle.js?client=ca-pub-8864793242727901\"\r\n     crossorigin=\"anonymous\"><\/script><br \/>\n<\/p>\n<div id=\"taboola-read-more\" style=\"display:block; width:100%\">\n<p>O general Val\u00e9rio Stumpf Trindade, ex-chefe do Estado-Maior do Ex\u00e9rcito, acusado de ser um informante do ministro Alexandre de Moraes, do Supremo Tribunal Federal (STF), se defendeu das acusa\u00e7\u00f5es que pairam sobre ele.\n<\/p>\n<p>\u2013 Fui v\u00edtima de ataques por cumprir a minha obriga\u00e7\u00e3o \u2013 declarou Stumpf, em entrevista ao Metr\u00f3poles nesta quinta-feira (5).<\/p>\n<p>Seus argumentos se apoiam na defesa da democracia.\n<\/p>\n<p>\u2013 Defendi a democracia em tempos complexos. Tenho orgulho de ter agido de forma leal ao comandante do Ex\u00e9rcito e ao Ex\u00e9rcito Brasileiro.\n<\/p>\n<p>No entendimento da Pol\u00edcia Federal (PF), Stumpf foi alvo de campanhas coordenadas nas redes sociais, que inclu\u00edram ataques \u00e0 sua fam\u00edlia. Publica\u00e7\u00f5es o chamaram de \u201ctraidor da P\u00e1tria\u201d e \u201cmelancia\u201d \u2013 termo usado pejorativamente para descrever militares supostamente comunistas, em raz\u00e3o da cor verde por fora e vermelha por dentro.\n<\/p>\n<p>Trocas de mensagens entre os coron\u00e9is Bernardo Rom\u00e3o Corr\u00eaa Netto e Fabr\u00edcio Moreira de Bastos, obtidas pela PF, revelaram o envio de fotos de generais contr\u00e1rios ao suposto golpe. Stumpf seria um deles. As imagens foram compartilhadas com mensagens incitando a\u00e7\u00f5es contra esses oficiais.\n<\/p>\n<p>Stumpf tamb\u00e9m \u00e9 acusado de ser \u201cinformante\u201d do ministro Alexandre de Moraes, do STF. Ele negou.\n<\/p>\n<p>\u2013 Por ser chefe do Estado-Maior \u00e0 \u00e9poca, eu tinha contato com o Tribunal Superior Eleitoral (TSE), ent\u00e3o presidido pelo ministro (Alexandre de Moraes).\n<\/p>\n<p>Segundo o militar, o contato era institucional, para refor\u00e7ar a seguran\u00e7a e a transpar\u00eancia das urnas eletr\u00f4nicas.\n<\/p>\n<p>O general, atualmente na reserva e \u00e0 frente da Poupex, reiterou seu papel como defensor da democracia:\n<\/p>\n<p>\u2013 Tudo o que fiz foi com o conhecimento do Alto Comando, alinhado com o ent\u00e3o comandante general Freire Gomes. Existe uma lealdade muito forte no Alto Comando.\n<\/p>\n<p>Stumpf concluiu enaltecendo a estabilidade das institui\u00e7\u00f5es como valor a ser defendido.\n<\/p>\n<p>\u2013 Estabilidade institucional e impossibilidade de ruptura democr\u00e1tica sempre foram prioridades.\n<\/p>\n<p>De acordo com a investiga\u00e7\u00e3o da Pol\u00edcia Federal, a suposta articula\u00e7\u00e3o para um golpe de Estado come\u00e7ou antes mesmo do segundo turno das elei\u00e7\u00f5es. A PF indiciou 37 pessoas, incluindo Jair Bolsonaro (PL), por crimes como tentativa de golpe de Estado e organiza\u00e7\u00e3o criminosa.\n<\/p>\n<p>Fonte: PLeno News              <\/p>\n<\/div>\n<p><br \/>\n<br \/><a href=\"https:\/\/diariodobrasilnoticias.com.br\/noticia\/general-que-seria-informante-de-moraes-675205dd0d461\">Source link <\/a><\/p>","protected":false},"excerpt":{"rendered":"<p>O general Val\u00e9rio Stumpf Trindade, ex-chefe do Estado-Maior do Ex\u00e9rcito, acusado de ser um informante do ministro Alexandre de Moraes, do Supremo Tribunal Federal (STF), se defendeu das acusa\u00e7\u00f5es que&hellip;<\/p>","protected":false},"author":1,"featured_media":71505,"comment_status":"closed","ping_status":"open","sticky":false,"template":"","format":"standard","meta":{"content-type":"","footnotes":""},"categories":[16],"tags":[123,2448,5313,1267],"class_list":["post-71504","post","type-post","status-publish","format-standard","has-post-thumbnail","hentry","category-noticias","tag-brasil","tag-diario","tag-noticia","tag-noticias"],"_links":{"self":[{"href":"https:\/\/tvbrazilusa.com\/pt\/wp-json\/wp\/v2\/posts\/71504","targetHints":{"allow":["GET"]}}],"collection":[{"href":"https:\/\/tvbrazilusa.com\/pt\/wp-json\/wp\/v2\/posts"}],"about":[{"href":"https:\/\/tvbrazilusa.com\/pt\/wp-json\/wp\/v2\/types\/post"}],"author":[{"embeddable":true,"href":"https:\/\/tvbrazilusa.com\/pt\/wp-json\/wp\/v2\/users\/1"}],"replies":[{"embeddable":true,"href":"https:\/\/tvbrazilusa.com\/pt\/wp-json\/wp\/v2\/comments?post=71504"}],"version-history":[{"count":1,"href":"https:\/\/tvbrazilusa.com\/pt\/wp-json\/wp\/v2\/posts\/71504\/revisions"}],"predecessor-version":[{"id":71506,"href":"https:\/\/tvbrazilusa.com\/pt\/wp-json\/wp\/v2\/posts\/71504\/revisions\/71506"}],"wp:featuredmedia":[{"embeddable":true,"href":"https:\/\/tvbrazilusa.com\/pt\/wp-json\/wp\/v2\/media\/71505"}],"wp:attachment":[{"href":"https:\/\/tvbrazilusa.com\/pt\/wp-json\/wp\/v2\/media?parent=71504"}],"wp:term":[{"taxonomy":"category","embeddable":true,"href":"https:\/\/tvbrazilusa.com\/pt\/wp-json\/wp\/v2\/categories?post=71504"},{"taxonomy":"post_tag","embeddable":true,"href":"https:\/\/tvbrazilusa.com\/pt\/wp-json\/wp\/v2\/tags?post=71504"}],"curies":[{"name":"wp","href":"https:\/\/api.w.org\/{rel}","templated":true}]}}