{"id":71513,"date":"2024-12-05T21:55:48","date_gmt":"2024-12-05T21:55:48","guid":{"rendered":"https:\/\/tvbrazilusa.com\/2024\/12\/05\/ives-gandra-afirma-que-o-inquerito-das-fake-news-se-transformou-em-um-buraco-negro\/"},"modified":"2024-12-05T21:55:50","modified_gmt":"2024-12-05T21:55:50","slug":"ives-gandra-afirma-que-o-inquerito-das-fake-news-se-transformou-em-um-buraco-negro","status":"publish","type":"post","link":"https:\/\/tvbrazilusa.com\/pt\/2024\/12\/05\/ives-gandra-afirma-que-o-inquerito-das-fake-news-se-transformou-em-um-buraco-negro\/","title":{"rendered":"Ives Gandra afirma que o inqu\u00e9rito das fake news se transformou em um buraco negro"},"content":{"rendered":"<p> <script async src=\"https:\/\/pagead2.googlesyndication.com\/pagead\/js\/adsbygoogle.js?client=ca-pub-8864793242727901\"\r\n     crossorigin=\"anonymous\"><\/script><br \/>\n<\/p>\n<div id=\"taboola-read-more\" style=\"display:block; width:100%\">\n<p>O advogado constitucionalista Ives Gandra afirmou que o inqu\u00e9rito do fim do mundo, tamb\u00e9m conhecido como inqu\u00e9rito das fake news, tornou-se um \u201cburaco negro\u201d. A declara\u00e7\u00e3o foi dada nesta quinta-feira, 5, em audi\u00eancia p\u00fablica da Comiss\u00e3o de Constitui\u00e7\u00e3o e Justi\u00e7a (CCJ) da C\u00e2mara cujo tema foi \u201cImplica\u00e7\u00f5es das decis\u00f5es tomadas no inqu\u00e9rito das fake news\u201c.\n<\/p>\n<p>\u201cEsse inqu\u00e9rito que o meu querido amigo Marco Aur\u00e9lio chama de inqu\u00e9rito do fim do mundo n\u00e3o poderia continuar\u201d, disse Ives Gandra. \u201cVirou um verdadeiro buraco negro. Tudo quanto a mat\u00e9ria entra em fake news. E se n\u00f3s analisarmos a Constitui\u00e7\u00e3o, ela n\u00e3o permitiria esse inclusivo inqu\u00e9rito.\u201d<\/p>\n<p>O especialista citou durante sua exposi\u00e7\u00e3o dois incisos do artigo 5\u00ba da Constitui\u00e7\u00e3o Federal em sua argumenta\u00e7\u00e3o:\n<\/p>\n<p>Inciso IV \u2014 \u201c\u00c9 livre a manifesta\u00e7\u00e3o do pensamento, sendo vedado o anonimato\u201d;<br \/>Inciso V \u2014 \u201c\u00c9 assegurado o direito de resposta, proporcional ao agravo, al\u00e9m da indeniza\u00e7\u00e3o por dano material, moral ou \u00e0 imagem\u201d.<br \/>\u201cTodo cidad\u00e3o deve ter a liberdade de dizer o que pensa e, se abusou, vai ser a posteriori, n\u00e3o a priori, impedido de dizer aquilo que ele entendeu que, naquele momento, era importante dizer numa democracia, que \u00e9 sempre um debate de ideias\u201d, explicou.\n<\/p>\n<p>Ives Gandra destacou que a \u201cConstitui\u00e7\u00e3o diz que s\u00f3 pode haver um controle a posteriori e n\u00e3o uma defini\u00e7\u00e3o a priori\u201d, mas que ocorre atualmente uma sobreposi\u00e7\u00e3o ideol\u00f3gica.\n<\/p>\n<p>\u201cMas quando as ideologias prevalecem, e a ideologia \u00e9 a corruptela das ideias, \u00e9 evidente que n\u00f3s vamos tendo o seguinte, aqueles que s\u00e3o controladores do pensamento do cidad\u00e3o\u201d, declarou.\n<\/p>\n<p>\u201cInqu\u00e9rito das fake news tem sua compet\u00eancia alargada\u201d<br \/>O advogado constitucionalista sinalizou a import\u00e2ncia do reconhecimento das compet\u00eancias de cada um dos Tr\u00eas Poderes. Ives Gandra destacou que o Legislativo \u00e9 o Poder que representa o povo e respons\u00e1vel por fazer as leis \u2014 o Executivo tamb\u00e9m elabora leis, por\u00e9m, com aval do Congresso e por meio de medidas provis\u00f3rias e leis delegadas.\n<\/p>\n<p>\u201cO Poder Judici\u00e1rio vem, portanto, em terceiro lugar para fazer respeitar a lei que n\u00e3o faz\u201d, explicou. \u201cCada um deles trabalhando dentro daquelas compet\u00eancias estabelecidas na Constitui\u00e7\u00e3o, sem preocupa\u00e7\u00e3o de invadir compet\u00eancias alheias.\u201d\n<\/p>\n<p>Nesse sentido, o especialista demonstrou que o inqu\u00e9rito de fake news do STF representa \u201cuma revolu\u00e7\u00e3o, um reescrever a Constitui\u00e7\u00e3o, com as substitui\u00e7\u00f5es de ju\u00edzo natural, com a entrada de tudo aquilo que se considera fake news\u201d.\n<\/p>\n<p>Ives Gandra sinalizou que essa invers\u00e3o acaba inferindo, consequentemente, \u201cna perda de import\u00e2ncia do Congresso\u201d. \u201cDizia o ministro Luiz Fux que o Congresso \u00e9 o mais importante Poder da Rep\u00fablica, que \u00e9 o \u00fanico que representa a totalidade da popula\u00e7\u00e3o.\u201d\n<\/p>\n<p>\u201cO inqu\u00e9rito, em vez de fortalecer a democracia, enfraquece-a sobremaneira. E, o que \u00e9 mais triste, vai limitando o que \u00e9 extremamente importante numa democracia, que \u00e9 a liberdade de express\u00e3o\u201d, refletiu.\n<\/p>\n<p>Fonte: Revista Oeste              <\/p>\n<\/div>\n<p><br \/>\n<br \/><a href=\"https:\/\/diariodobrasilnoticias.com.br\/noticia\/ives-gandra-afirma-que-o-inquerito-das-fake-news-se-transformou-em-um-buraco-negro-675209965e1d6\">Source link <\/a><\/p>","protected":false},"excerpt":{"rendered":"<p>O advogado constitucionalista Ives Gandra afirmou que o inqu\u00e9rito do fim do mundo, tamb\u00e9m conhecido como inqu\u00e9rito das fake news, tornou-se um \u201cburaco negro\u201d. A declara\u00e7\u00e3o foi dada nesta quinta-feira,&hellip;<\/p>","protected":false},"author":1,"featured_media":71514,"comment_status":"closed","ping_status":"open","sticky":false,"template":"","format":"standard","meta":{"content-type":"","footnotes":""},"categories":[16],"tags":[123,2448,5313,1267],"class_list":["post-71513","post","type-post","status-publish","format-standard","has-post-thumbnail","hentry","category-noticias","tag-brasil","tag-diario","tag-noticia","tag-noticias"],"_links":{"self":[{"href":"https:\/\/tvbrazilusa.com\/pt\/wp-json\/wp\/v2\/posts\/71513","targetHints":{"allow":["GET"]}}],"collection":[{"href":"https:\/\/tvbrazilusa.com\/pt\/wp-json\/wp\/v2\/posts"}],"about":[{"href":"https:\/\/tvbrazilusa.com\/pt\/wp-json\/wp\/v2\/types\/post"}],"author":[{"embeddable":true,"href":"https:\/\/tvbrazilusa.com\/pt\/wp-json\/wp\/v2\/users\/1"}],"replies":[{"embeddable":true,"href":"https:\/\/tvbrazilusa.com\/pt\/wp-json\/wp\/v2\/comments?post=71513"}],"version-history":[{"count":1,"href":"https:\/\/tvbrazilusa.com\/pt\/wp-json\/wp\/v2\/posts\/71513\/revisions"}],"predecessor-version":[{"id":71515,"href":"https:\/\/tvbrazilusa.com\/pt\/wp-json\/wp\/v2\/posts\/71513\/revisions\/71515"}],"wp:featuredmedia":[{"embeddable":true,"href":"https:\/\/tvbrazilusa.com\/pt\/wp-json\/wp\/v2\/media\/71514"}],"wp:attachment":[{"href":"https:\/\/tvbrazilusa.com\/pt\/wp-json\/wp\/v2\/media?parent=71513"}],"wp:term":[{"taxonomy":"category","embeddable":true,"href":"https:\/\/tvbrazilusa.com\/pt\/wp-json\/wp\/v2\/categories?post=71513"},{"taxonomy":"post_tag","embeddable":true,"href":"https:\/\/tvbrazilusa.com\/pt\/wp-json\/wp\/v2\/tags?post=71513"}],"curies":[{"name":"wp","href":"https:\/\/api.w.org\/{rel}","templated":true}]}}