{"id":71537,"date":"2024-12-05T22:28:39","date_gmt":"2024-12-05T22:28:39","guid":{"rendered":"https:\/\/tvbrazilusa.com\/2024\/12\/05\/bill-belichick-supostamente-foi-entrevistado-para-esta-vaga-de-treinador-universitario\/"},"modified":"2024-12-05T22:33:16","modified_gmt":"2024-12-05T22:33:16","slug":"bill-belichick-supostamente-foi-entrevistado-para-esta-vaga-de-treinador-universitario","status":"publish","type":"post","link":"https:\/\/tvbrazilusa.com\/pt\/2024\/12\/05\/bill-belichick-supostamente-foi-entrevistado-para-esta-vaga-de-treinador-universitario\/","title":{"rendered":"Bill Belichick supostamente foi entrevistado para esta vaga de treinador universit\u00e1rio"},"content":{"rendered":"<p> <script async src=\"https:\/\/pagead2.googlesyndication.com\/pagead\/js\/adsbygoogle.js?client=ca-pub-8864793242727901\"\r\n     crossorigin=\"anonymous\"><\/script><br \/>\n<\/p>\n<div id=\"\">\n<header class=\"m-article-header m-article-header--standard\">\n\t\t\t\t\t\t\t\t\t\t\t\t<span id=\"article-header-primary-term\"><br \/>\n\t\t\t\t\t\t\t\t<a class=\"a-term a-term--primary\" href=\"https:\/\/www.boston.com\/tag\/new-england-patriots\/\"><\/p>\n<p>\t\t\t\t\t\t\t\tPatriotas\t\t\t\t\t\t\t\t<\/a><br \/>\n\t\t\t\t\t\t\t<\/span><\/p>\n<h2 class=\"m-article-header__sub-headline\">\u201cEle os surpreendeu na entrevista.\u201d<\/h2>\n<figure class=\"a-photo m-article-header__photo\"><figcaption class=\"a-photo__caption\">\n<p>\tBill Belichick teria sido entrevistado para uma vaga de treinador na UNC.  <em> (Foto AP \/ Steven Senne, Arquivo)<\/em>\t<\/figcaption><\/figure>\n<\/header>\n<p><a target=\"_blank\" href=\"https:\/\/www.espn.com\/nfl\/story\/_\/id\/41164020\/sources-bill-belichick-return-coaching-2025\" rel=\"noreferrer noopener\">De acordo com v\u00e1rios relat\u00f3rios<\/a>Bill Belichick ainda \u00e9 inflex\u00edvel quanto a treinar futebol em 2025 e al\u00e9m. <\/p>\n<p>Mas poderia ser no n\u00edvel universit\u00e1rio em vez da NFL?<\/p>\n<p>De acordo com<a target=\"_blank\" href=\"https:\/\/247sports.com\/college\/north-carolina\/article\/bill-belichick-interviewed-with-north-carolina-for-head-coaching-position-inside-carolina-reports-241358315\/\" rel=\"noreferrer noopener\"> Grant Hughes, do Inside Carolina,<\/a> Belichick foi entrevistado para a vaga de treinador principal na Universidade da Carolina do Norte esta semana.<\/p>\n<p>Os Tar Heels j\u00e1 come\u00e7aram a realizar entrevistas ap\u00f3s demitir o t\u00e9cnico Mack Brown em 26 de novembro, com Belichick sendo um candidato surpreendente. Mesmo com o curr\u00edculo elevado de Belichick ao longo de quase 50 anos como treinador na NFL, ele nunca treinou em n\u00edvel universit\u00e1rio antes. <\/p>\n<p>Hughes acrescentou que o t\u00e9cnico do Tulane, Jon Sumrall, e o coordenador defensivo da Ge\u00f3rgia, Glenn Schumann, tamb\u00e9m foram considerados para a vaga de t\u00e9cnico em Chapel Hill. <\/p>\n<p><a target=\"_blank\" href=\"https:\/\/x.com\/_andrewcarter\/status\/1864783654095827436\" rel=\"noreferrer noopener\">Andr\u00e9 Carter de <\/a><em><a target=\"_blank\" href=\"https:\/\/x.com\/_andrewcarter\/status\/1864783654095827436\" rel=\"noreferrer noopener\">As not\u00edcias e o observador <\/a><\/em><a target=\"_blank\" href=\"https:\/\/x.com\/_andrewcarter\/status\/1864783654095827436\" rel=\"noreferrer noopener\">confirmado atrav\u00e9s de uma fonte <\/a>que Belichick entrevistou a UNC, com a fonte acrescentando: \u201cEle os surpreendeu na entrevista\u201d.<\/p>\n<p>Mas embora Carter tenha relatado no X que o \u201cinteresse de Belichick \u00e9 alto e genu\u00edno\u201d, ingressar no futebol universit\u00e1rio como treinador continua \u201cextremamente improv\u00e1vel de acontecer devido \u00e0 sua idade (72) e \u00e0 falta de experi\u00eancia universit\u00e1ria\u201d.<\/p>\n<p>Mesmo que Belichick n\u00e3o tenha nenhuma experi\u00eancia como treinador no jogo universit\u00e1rio \u2013 que evoluiu rapidamente nos \u00faltimos anos em meio \u00e0s regras renovadas do portal de transfer\u00eancia e ao influxo de acordos NIL \u2013 ele tem alguns la\u00e7os com a UNC.<\/p>\n<p>O pai de Belichick, Steve, foi assistente t\u00e9cnico universit\u00e1rio de longa data, cuja carreira incluiu um per\u00edodo de tr\u00eas anos em Chapel Hill, de 1953 a 1955. Adicione o fato de que <a href=\"https:\/\/www.youtube.com\/watch?v=xLaTU8-K8ps\" target=\"_blank\" rel=\"noreferrer noopener\">O jogador de futebol mais querido de Belichick<\/a>Lawrence Taylor, jogou na UNC, e \u00e9 f\u00e1cil ver por que pode haver uma afinidade com o azul claro. <\/p>\n<p>Ainda assim, est\u00e1 escrito na parede que Belichick quer outra chance de ser treinador na NFL, especialmente com o lend\u00e1rio treinador principal com apenas 26 vit\u00f3rias na temporada regular, atr\u00e1s de Don Shula, com o maior n\u00famero de vit\u00f3rias como treinador na hist\u00f3ria da NFL. <\/p>\n<p>\u201cAqueles que melhor conhecem Belichick dizem que, apesar de seu crescente curr\u00edculo na m\u00eddia, o t\u00e9cnico seis vezes vencedor do Super Bowl ainda gostaria de voltar a treinar em 2025, mas apenas nas situa\u00e7\u00f5es certas e com bons empregos\u201d, <a target=\"_blank\" href=\"https:\/\/www.espn.com\/nfl\/story\/_\/id\/41164020\/sources-bill-belichick-return-coaching-2025\" rel=\"noreferrer noopener\">Adam Schefter da ESPN relatou em setembro. <\/a><\/p>\n<div class=\"o-author-single has-avatar\">\n<header class=\"m-author-card\">\n<div class=\"a-image a-image--square m-author-card__image\">\n\t\t<img decoding=\"async\" class=\"\" src=\"https:\/\/www.boston.com\/wp-content\/uploads\/2023\/05\/Headshot_Conor-645c0406ed6cb-scaled.jpg\" alt=\"Imagem do perfil de Conor Ryan\"\/>\t<\/div>\n<\/header>\n<section class=\"author-info\">\n<div class=\"m-author__section\">\n<p>Conor Ryan \u00e9 redator da equipe que cobre Bruins, Celtics, Patriots e Red Sox para Boston.com, fun\u00e7\u00e3o que ocupa desde 2023.<\/p>\n<\/div>\n<\/section>\n<\/div>\n<div class=\"m-block m-generic-cta\t m-generic-cta--post-content\t m-generic-cta--dark\t m-generic-cta--homepage\t m-generic-cta--email-signup\t\t m-generic-cta-block-style--default \tt-amp__generic-cta\"><\/p>\n<div class=\"m-generic-cta__wrap\">\n<div class=\"m-generic-cta__content\">\n<h3 class=\"m-generic-cta__title\">Boston.com hoje<\/h3>\n<p class=\"m-generic-cta__subtitle\">Inscreva-se para receber as \u00faltimas manchetes em sua caixa de entrada todas as manh\u00e3s.<\/p>\n<\/p><\/div>\n<\/p><\/div>\n<\/div><\/div>\n<p><script>\n\t\tvar consent=\"grant\";\n\t\t\/* The above code is parsing the JSON data from the local storage and storing it in a variable. *\/\n\t\t\t\t\tconst onetrustStorageConsent = JSON.parse(localStorage.getItem( 'consent_one_trust_bdc' ) );\n\t\t\tif ( ( onetrustStorageConsent !== null ) ) {\n\t\t\t\t\/* Checking to see if the user has consented to the use of cookies.\n\t\t\t\t* If they have not, it is deleting the cookie.\n\t\t\t\t* This will comment for now, until further notice.\n\t\t\t\t*\/\n\t\t\t\t\/\/if ( onetrustStorageConsent.C0002 === false ) {\n\t\t\t\t\/\/\tdocument.cookie=\"_fbp=;expires=Thu, 01 Jan 2010 00:00:00 UTC; path=\/; domain=.boston.com\";\n\t\t\t\t\/\/}\n\t\t\t\t\/* Checking if the user has given consent for the cookie C0002.\n\t\t\t\t* If the user has given consent, the variable consent will be set to 'grant'.\n\t\t\t\t* If the user has not given consent,the variable consent will be set to 'revoke'.\n\t\t\t\t* Documentation https:\/\/developers.facebook.com\/docs\/meta-pixel\/implementation\/gdpr\n\t\t\t\t*\/\n\t\t\t\tif ( onetrustStorageConsent.C0002 !== true ) {\n\t\t\t\t\tconsent=\"revoke\";\n\t\t\t\t}\n\t\t\t}\n\t\t\t\t!function(f,b,e,v,n,t,s)\n\t\t{if(f.fbq)return;n=f.fbq=function(){n.callMethod?\n\t\tn.callMethod.apply(n,arguments):n.queue.push(arguments)};\n\t\tif(!f._fbq)f._fbq=n;n.push=n;n.loaded=!0;n.version='2.0';\n\t\tn.queue=[];t=b.createElement(e);t.async=!0;\n\t\tt.src=v;s=b.getElementsByTagName(e)[0];\n\t\ts.parentNode.insertBefore(t,s)}(window, document,'script',\n\t\t'https:\/\/connect.facebook.net\/en_US\/fbevents.js');\n\t\tfbq('consent', consent);\n\t\tfbq('init', '989222871864976');\n\t\tfbq('track', 'PageView');\n\t<\/script><script type=\"module\">\n\t\tvar consent=\"grant\";\n\t\t\/* The above code is parsing the JSON data from the local storage and storing it in a variable. *\/\n\t\t\tconst onetrustStorageConsent = JSON.parse(localStorage.getItem( 'consent_one_trust_bdc' ) );\n\t\t\t\/* Checking to see if the user has consented to the use of cookies.\n\t\t\t* If they have not, it is deleting the cookie.\n\t\t\t* This will comment for now, until further notice.\n\t\t\t*\/\n\t\t\t\/\/if ( onetrustStorageConsent.C0002 === false ) {\n\t\t\t\/\/\tdocument.cookie=\"_fbp=;expires=Thu, 01 Jan 2010 00:00:00 UTC; path=\/; domain=.boston.com\";\n\t\t\t\/\/}\n\t\t\t\/* Checking if the user has given consent for the cookie C0002.\n\t\t\t* If the user has given consent, the variable consent will be set to 'grant'.\n\t\t\t* If the user has not given consent,the variable consent will be set to 'revoke'.\n\t\t\t* Documentation https:\/\/developers.facebook.com\/docs\/meta-pixel\/implementation\/gdpr\n\t\t\t*\/\n\t\t\tif ( ( onetrustStorageConsent !== null ) && (onetrustStorageConsent.C0002 !== true ) ) {\n\t\t\t\tconsent=\"revoke\";\n\t\t\t}\n\t\t\t\t!function(f,b,e,v,n,t,s){if(f.fbq)return;n=f.fbq=function()\n\t\t{n.callMethod? n.callMethod.apply(n,arguments):n.queue.push(arguments)}\n\t\t;if(!f._fbq)f._fbq=n;\n\t\tn.push=n;n.loaded=!0;n.version='2.0';n.queue=[];t=b.createElement(e);t.async=!0;\n\t\tt.src=v;s=b.getElementsByTagName(e)[0];s.parentNode.insertBefore(t,s)}(window,\n\t\tdocument,'script','https:\/\/connect.facebook.net\/en_US\/fbevents.js');\n\t\tfbq('consent', consent);\n\t\tfbq('init', '813236348753005');\n\t\tfbq('track', \"PageView\");\n\t<\/script><br \/>\n<br \/><br \/>\n<br \/><a href=\"https:\/\/www.boston.com\/sports\/new-england-patriots\/2024\/12\/05\/bill-belichick-unc-north-carolina-college-football-coaching-vacancy\/\">Source link <\/a><\/p>","protected":false},"excerpt":{"rendered":"<p>Patriotas \u201cEle os surpreendeu na entrevista.\u201d Bill Belichick teria sido entrevistado para uma vaga de treinador na UNC. (Foto AP \/ Steven Senne, Arquivo) De acordo com v\u00e1rios relat\u00f3riosBill Belichick&hellip;<\/p>","protected":false},"author":1,"featured_media":71538,"comment_status":"closed","ping_status":"open","sticky":false,"template":"","format":"standard","meta":{"content-type":"","footnotes":""},"categories":[1],"tags":[],"class_list":["post-71537","post","type-post","status-publish","format-standard","has-post-thumbnail","hentry","category-uncategorized"],"_links":{"self":[{"href":"https:\/\/tvbrazilusa.com\/pt\/wp-json\/wp\/v2\/posts\/71537","targetHints":{"allow":["GET"]}}],"collection":[{"href":"https:\/\/tvbrazilusa.com\/pt\/wp-json\/wp\/v2\/posts"}],"about":[{"href":"https:\/\/tvbrazilusa.com\/pt\/wp-json\/wp\/v2\/types\/post"}],"author":[{"embeddable":true,"href":"https:\/\/tvbrazilusa.com\/pt\/wp-json\/wp\/v2\/users\/1"}],"replies":[{"embeddable":true,"href":"https:\/\/tvbrazilusa.com\/pt\/wp-json\/wp\/v2\/comments?post=71537"}],"version-history":[{"count":1,"href":"https:\/\/tvbrazilusa.com\/pt\/wp-json\/wp\/v2\/posts\/71537\/revisions"}],"predecessor-version":[{"id":71539,"href":"https:\/\/tvbrazilusa.com\/pt\/wp-json\/wp\/v2\/posts\/71537\/revisions\/71539"}],"wp:featuredmedia":[{"embeddable":true,"href":"https:\/\/tvbrazilusa.com\/pt\/wp-json\/wp\/v2\/media\/71538"}],"wp:attachment":[{"href":"https:\/\/tvbrazilusa.com\/pt\/wp-json\/wp\/v2\/media?parent=71537"}],"wp:term":[{"taxonomy":"category","embeddable":true,"href":"https:\/\/tvbrazilusa.com\/pt\/wp-json\/wp\/v2\/categories?post=71537"},{"taxonomy":"post_tag","embeddable":true,"href":"https:\/\/tvbrazilusa.com\/pt\/wp-json\/wp\/v2\/tags?post=71537"}],"curies":[{"name":"wp","href":"https:\/\/api.w.org\/{rel}","templated":true}]}}