{"id":71591,"date":"2024-12-05T23:22:00","date_gmt":"2024-12-05T23:22:00","guid":{"rendered":"https:\/\/tvbrazilusa.com\/2024\/12\/05\/dois-presos-em-tiroteio-em-gwinnett-road-rage-2\/"},"modified":"2024-12-05T23:57:24","modified_gmt":"2024-12-05T23:57:24","slug":"dois-presos-em-tiroteio-em-gwinnett-road-rage-2","status":"publish","type":"post","link":"https:\/\/tvbrazilusa.com\/pt\/2024\/12\/05\/dois-presos-em-tiroteio-em-gwinnett-road-rage-2\/","title":{"rendered":"Dois presos em tiroteio em Gwinnett Road Rage"},"content":{"rendered":"<script async src=\"https:\/\/pagead2.googlesyndication.com\/pagead\/js\/adsbygoogle.js?client=ca-pub-8864793242727901\"\r\n     crossorigin=\"anonymous\"><\/script>\n<p>Dois residentes de Riverdale est\u00e3o enfrentando acusa\u00e7\u00f5es relacionadas a um incidente de viol\u00eancia no tr\u00e2nsito na semana passada que se transformou em um tiroteio em um estacionamento do condado de Gwinnett.<br \/>\n<br \/><br \/>\n<br \/><a href=\"https:\/\/www.henryherald.com\/tji\/two-arrested-in-gwinnett-road-rage-shooting\/article_483033a7-0373-523a-b763-21423d03883c.html\">Source link <\/a><\/p>","protected":false},"excerpt":{"rendered":"<p>Dois residentes de Riverdale est\u00e3o enfrentando acusa\u00e7\u00f5es relacionadas a um incidente de viol\u00eancia no tr\u00e2nsito na semana passada que se transformou em um tiroteio em um estacionamento do condado de&hellip;<\/p>","protected":false},"author":1,"featured_media":71476,"comment_status":"closed","ping_status":"open","sticky":false,"template":"","format":"standard","meta":{"content-type":"","footnotes":""},"categories":[1],"tags":[1000,1267],"class_list":["post-71591","post","type-post","status-publish","format-standard","has-post-thumbnail","hentry","category-uncategorized","tag-bem","tag-noticias"],"_links":{"self":[{"href":"https:\/\/tvbrazilusa.com\/pt\/wp-json\/wp\/v2\/posts\/71591","targetHints":{"allow":["GET"]}}],"collection":[{"href":"https:\/\/tvbrazilusa.com\/pt\/wp-json\/wp\/v2\/posts"}],"about":[{"href":"https:\/\/tvbrazilusa.com\/pt\/wp-json\/wp\/v2\/types\/post"}],"author":[{"embeddable":true,"href":"https:\/\/tvbrazilusa.com\/pt\/wp-json\/wp\/v2\/users\/1"}],"replies":[{"embeddable":true,"href":"https:\/\/tvbrazilusa.com\/pt\/wp-json\/wp\/v2\/comments?post=71591"}],"version-history":[{"count":1,"href":"https:\/\/tvbrazilusa.com\/pt\/wp-json\/wp\/v2\/posts\/71591\/revisions"}],"predecessor-version":[{"id":71592,"href":"https:\/\/tvbrazilusa.com\/pt\/wp-json\/wp\/v2\/posts\/71591\/revisions\/71592"}],"wp:featuredmedia":[{"embeddable":true,"href":"https:\/\/tvbrazilusa.com\/pt\/wp-json\/wp\/v2\/media\/71476"}],"wp:attachment":[{"href":"https:\/\/tvbrazilusa.com\/pt\/wp-json\/wp\/v2\/media?parent=71591"}],"wp:term":[{"taxonomy":"category","embeddable":true,"href":"https:\/\/tvbrazilusa.com\/pt\/wp-json\/wp\/v2\/categories?post=71591"},{"taxonomy":"post_tag","embeddable":true,"href":"https:\/\/tvbrazilusa.com\/pt\/wp-json\/wp\/v2\/tags?post=71591"}],"curies":[{"name":"wp","href":"https:\/\/api.w.org\/{rel}","templated":true}]}}