{"id":71641,"date":"2024-12-05T17:47:12","date_gmt":"2024-12-05T17:47:12","guid":{"rendered":"https:\/\/tvbrazilusa.com\/2024\/12\/05\/carol-siebra-no-cpac-argentina\/"},"modified":"2024-12-05T17:47:12","modified_gmt":"2024-12-05T17:47:12","slug":"carol-siebra-no-cpac-argentina","status":"publish","type":"post","link":"https:\/\/tvbrazilusa.com\/pt\/2024\/12\/05\/carol-siebra-no-cpac-argentina\/","title":{"rendered":"CAROL SIEBRA NO CPAC ARGENTINA"},"content":{"rendered":"<p><iframe  width=\"580\" height=\"385\" src=\"https:\/\/www.youtube.com\/embed\/s1tHlQxAaBU?modestbranding=1\" frameborder=\"0\" allowfullscreen><\/iframe><br \/>\n<br \/>Entrevista, em Buenos Aires, com a advogada Carolina Siebra, que integra o corpo jur\u00eddico da ASFAV (Associa\u00e7\u00e3o dos Familiares e V\u00edtimas do 08 de Janeiro). <\/p>\n<p>Quer criar transmiss\u00f5es ao vivo como esta? Confira o StreamYard:<br \/>\n<br \/><a href=\"https:\/\/www.youtube.com\/watch?v=s1tHlQxAaBU\">source<\/a><\/p>","protected":false},"excerpt":{"rendered":"<p>Entrevista, em Buenos Aires, com a advogada Carolina Siebra, que integra o corpo jur\u00eddico da ASFAV (Associa\u00e7\u00e3o dos Familiares e V\u00edtimas do 08 de Janeiro). Quer criar transmiss\u00f5es ao vivo&hellip;<\/p>","protected":false},"author":1,"featured_media":71642,"comment_status":"","ping_status":"open","sticky":false,"template":"","format":"standard","meta":{"content-type":"","footnotes":""},"categories":[17],"tags":[1736,31472,709,31473],"class_list":["post-71641","post","type-post","status-publish","format-standard","has-post-thumbnail","hentry","category-programas","tag-argentina","tag-carol","tag-cpac","tag-siebra"],"_links":{"self":[{"href":"https:\/\/tvbrazilusa.com\/pt\/wp-json\/wp\/v2\/posts\/71641","targetHints":{"allow":["GET"]}}],"collection":[{"href":"https:\/\/tvbrazilusa.com\/pt\/wp-json\/wp\/v2\/posts"}],"about":[{"href":"https:\/\/tvbrazilusa.com\/pt\/wp-json\/wp\/v2\/types\/post"}],"author":[{"embeddable":true,"href":"https:\/\/tvbrazilusa.com\/pt\/wp-json\/wp\/v2\/users\/1"}],"replies":[{"embeddable":true,"href":"https:\/\/tvbrazilusa.com\/pt\/wp-json\/wp\/v2\/comments?post=71641"}],"version-history":[{"count":0,"href":"https:\/\/tvbrazilusa.com\/pt\/wp-json\/wp\/v2\/posts\/71641\/revisions"}],"wp:featuredmedia":[{"embeddable":true,"href":"https:\/\/tvbrazilusa.com\/pt\/wp-json\/wp\/v2\/media\/71642"}],"wp:attachment":[{"href":"https:\/\/tvbrazilusa.com\/pt\/wp-json\/wp\/v2\/media?parent=71641"}],"wp:term":[{"taxonomy":"category","embeddable":true,"href":"https:\/\/tvbrazilusa.com\/pt\/wp-json\/wp\/v2\/categories?post=71641"},{"taxonomy":"post_tag","embeddable":true,"href":"https:\/\/tvbrazilusa.com\/pt\/wp-json\/wp\/v2\/tags?post=71641"}],"curies":[{"name":"wp","href":"https:\/\/api.w.org\/{rel}","templated":true}]}}