{"id":71704,"date":"2024-12-06T02:53:45","date_gmt":"2024-12-06T02:53:45","guid":{"rendered":"https:\/\/tvbrazilusa.com\/2024\/12\/06\/homem-de-west-bridgewater-que-morava-em-creche-se-declara-culpado-de-acusacoes-de-pornografia-infantil\/"},"modified":"2024-12-06T03:01:57","modified_gmt":"2024-12-06T03:01:57","slug":"homem-de-west-bridgewater-que-morava-em-creche-se-declara-culpado-de-acusacoes-de-pornografia-infantil","status":"publish","type":"post","link":"https:\/\/tvbrazilusa.com\/pt\/2024\/12\/06\/homem-de-west-bridgewater-que-morava-em-creche-se-declara-culpado-de-acusacoes-de-pornografia-infantil\/","title":{"rendered":"Homem de West Bridgewater que morava em creche se declara culpado de acusa\u00e7\u00f5es de pornografia infantil"},"content":{"rendered":"<p> <script async src=\"https:\/\/pagead2.googlesyndication.com\/pagead\/js\/adsbygoogle.js?client=ca-pub-8864793242727901\"\r\n     crossorigin=\"anonymous\"><\/script><br \/>\n<\/p>\n<div id=\"\">\n<header class=\"m-article-header m-article-header--standard\">\n\t\t\t\t\t\t\t\t\t\t\t\t<span id=\"article-header-primary-term\"><br \/>\n\t\t\t\t\t\t\t\t<a class=\"a-term a-term--primary\" href=\"https:\/\/www.boston.com\/tag\/local-news\/\"><\/p>\n<p>\t\t\t\t\t\t\t\tNot\u00edcias locais\t\t\t\t\t\t\t\t<\/a><br \/>\n\t\t\t\t\t\t\t<\/span><\/p>\n<h2 class=\"m-article-header__sub-headline\">Juan Levano, 24 anos, se declarou culpado de duas acusa\u00e7\u00f5es federais ligadas \u00e0 pornografia infantil.<\/h2>\n<figure class=\"a-photo m-article-header__photo\"><figcaption class=\"a-photo__caption\">\n\t<em> <\/em>\t<\/figcaption><\/figure>\n<\/header>\n<p>Um homem de West Bridgewater que supostamente morava em uma creche residencial se declarou culpado de acusa\u00e7\u00f5es de pornografia infantil na quarta-feira.<\/p>\n<p>Juan Levano, 24 anos, se declarou culpado de uma acusa\u00e7\u00e3o de recebimento de pornografia infantil e uma acusa\u00e7\u00e3o de posse de pornografia infantil, anunciou o procurador dos EUA, Joshua Levy, na quinta-feira. Ele era <a href=\"https:\/\/www.boston.com\/news\/local-news\/2023\/12\/22\/man-who-lived-at-mass-daycare-site-facing-child-porn-charges\/\">preso em dezembro de 2023<\/a>.<\/p>\n<p>Os promotores disseram que determinaram que Levano era um prov\u00e1vel usu\u00e1rio de um aplicativo de comunica\u00e7\u00e3o baseado na Internet usado para o tr\u00e1fico de pornografia infantil, onde participava de grupos que divulgavam pornografia infantil.<\/p>\n<p>Levano admitiu ter recebido pornografia infantil no aplicativo de bate-papo, e uma an\u00e1lise de seu telefone mostrou a troca de pornografia, incluindo crian\u00e7as desde a inf\u00e2ncia at\u00e9 os 13 anos de idade, disseram os promotores. Os investigadores encontraram mais de 100 arquivos de v\u00eddeo e imagem, a maioria retratando pornografia infantil, em seu telefone.<\/p>\n<p>Os promotores revistaram seu quarto, que ele alugava em uma creche residencial. O propriet\u00e1rio da creche e da resid\u00eancia, assim como Levano, disseram aos investigadores que n\u00e3o teve nenhum contato com as crian\u00e7as da creche, segundo o Minist\u00e9rio P\u00fablico.<\/p>\n<p>A acusa\u00e7\u00e3o de pornografia infantil acarreta pena de pelo menos cinco anos e at\u00e9 20 de pris\u00e3o, at\u00e9 liberdade supervisionada vital\u00edcia e multa de at\u00e9 US$ 250 mil. A posse carrega o mesmo.<\/p>\n<p>Qualquer pessoa com d\u00favidas, preocupa\u00e7\u00f5es ou informa\u00e7\u00f5es sobre o caso deve ligar para os promotores no n\u00famero 617-784-3274.<\/p>\n<div class=\"o-author-single has-avatar\">\n<header class=\"m-author-card\">\n<div class=\"a-image a-image--square m-author-card__image\">\n\t\t\t<\/div>\n<\/header>\n<section class=\"author-info\">\n<div class=\"m-author__section\">\n<p>Molly Farrar \u00e9 rep\u00f3rter geral do Boston.com, com foco em educa\u00e7\u00e3o, pol\u00edtica, crime e muito mais.<\/p>\n<\/div>\n<\/section>\n<\/div>\n<div class=\"m-block m-generic-cta\t m-generic-cta--post-content\t m-generic-cta--dark\t m-generic-cta--homepage\t m-generic-cta--email-signup\t\t m-generic-cta-block-style--default \tt-amp__generic-cta\"><\/p>\n<div class=\"m-generic-cta__wrap\">\n<div class=\"m-generic-cta__content\">\n<h3 class=\"m-generic-cta__title\">Boston.com hoje<\/h3>\n<p class=\"m-generic-cta__subtitle\">Inscreva-se para receber as \u00faltimas manchetes em sua caixa de entrada todas as manh\u00e3s.<\/p>\n<\/p><\/div>\n<\/p><\/div>\n<\/div><\/div>\n<p><script>\n\t\tvar consent=\"grant\";\n\t\t\/* The above code is parsing the JSON data from the local storage and storing it in a variable. *\/\n\t\t\t\t\tconst onetrustStorageConsent = JSON.parse(localStorage.getItem( 'consent_one_trust_bdc' ) );\n\t\t\tif ( ( onetrustStorageConsent !== null ) ) {\n\t\t\t\t\/* Checking to see if the user has consented to the use of cookies.\n\t\t\t\t* If they have not, it is deleting the cookie.\n\t\t\t\t* This will comment for now, until further notice.\n\t\t\t\t*\/\n\t\t\t\t\/\/if ( onetrustStorageConsent.C0002 === false ) {\n\t\t\t\t\/\/\tdocument.cookie=\"_fbp=;expires=Thu, 01 Jan 2010 00:00:00 UTC; path=\/; domain=.boston.com\";\n\t\t\t\t\/\/}\n\t\t\t\t\/* Checking if the user has given consent for the cookie C0002.\n\t\t\t\t* If the user has given consent, the variable consent will be set to 'grant'.\n\t\t\t\t* If the user has not given consent,the variable consent will be set to 'revoke'.\n\t\t\t\t* Documentation https:\/\/developers.facebook.com\/docs\/meta-pixel\/implementation\/gdpr\n\t\t\t\t*\/\n\t\t\t\tif ( onetrustStorageConsent.C0002 !== true ) {\n\t\t\t\t\tconsent=\"revoke\";\n\t\t\t\t}\n\t\t\t}\n\t\t\t\t!function(f,b,e,v,n,t,s)\n\t\t{if(f.fbq)return;n=f.fbq=function(){n.callMethod?\n\t\tn.callMethod.apply(n,arguments):n.queue.push(arguments)};\n\t\tif(!f._fbq)f._fbq=n;n.push=n;n.loaded=!0;n.version='2.0';\n\t\tn.queue=[];t=b.createElement(e);t.async=!0;\n\t\tt.src=v;s=b.getElementsByTagName(e)[0];\n\t\ts.parentNode.insertBefore(t,s)}(window, document,'script',\n\t\t'https:\/\/connect.facebook.net\/en_US\/fbevents.js');\n\t\tfbq('consent', consent);\n\t\tfbq('init', '989222871864976');\n\t\tfbq('track', 'PageView');\n\t<\/script><script type=\"module\">\n\t\tvar consent=\"grant\";\n\t\t\/* The above code is parsing the JSON data from the local storage and storing it in a variable. *\/\n\t\t\tconst onetrustStorageConsent = JSON.parse(localStorage.getItem( 'consent_one_trust_bdc' ) );\n\t\t\t\/* Checking to see if the user has consented to the use of cookies.\n\t\t\t* If they have not, it is deleting the cookie.\n\t\t\t* This will comment for now, until further notice.\n\t\t\t*\/\n\t\t\t\/\/if ( onetrustStorageConsent.C0002 === false ) {\n\t\t\t\/\/\tdocument.cookie=\"_fbp=;expires=Thu, 01 Jan 2010 00:00:00 UTC; path=\/; domain=.boston.com\";\n\t\t\t\/\/}\n\t\t\t\/* Checking if the user has given consent for the cookie C0002.\n\t\t\t* If the user has given consent, the variable consent will be set to 'grant'.\n\t\t\t* If the user has not given consent,the variable consent will be set to 'revoke'.\n\t\t\t* Documentation https:\/\/developers.facebook.com\/docs\/meta-pixel\/implementation\/gdpr\n\t\t\t*\/\n\t\t\tif ( ( onetrustStorageConsent !== null ) && (onetrustStorageConsent.C0002 !== true ) ) {\n\t\t\t\tconsent=\"revoke\";\n\t\t\t}\n\t\t\t\t!function(f,b,e,v,n,t,s){if(f.fbq)return;n=f.fbq=function()\n\t\t{n.callMethod? n.callMethod.apply(n,arguments):n.queue.push(arguments)}\n\t\t;if(!f._fbq)f._fbq=n;\n\t\tn.push=n;n.loaded=!0;n.version='2.0';n.queue=[];t=b.createElement(e);t.async=!0;\n\t\tt.src=v;s=b.getElementsByTagName(e)[0];s.parentNode.insertBefore(t,s)}(window,\n\t\tdocument,'script','https:\/\/connect.facebook.net\/en_US\/fbevents.js');\n\t\tfbq('consent', consent);\n\t\tfbq('init', '813236348753005');\n\t\tfbq('track', \"PageView\");\n\t<\/script><br \/>\n<br \/><br \/>\n<br \/><a href=\"https:\/\/www.boston.com\/news\/local-news\/2024\/12\/05\/west-bridgewater-man-who-lived-at-daycare-pleads-guilty-to-child-porn-charges\/\">Source link <\/a><\/p>","protected":false},"excerpt":{"rendered":"<p>Not\u00edcias locais Juan Levano, 24 anos, se declarou culpado de duas acusa\u00e7\u00f5es federais ligadas \u00e0 pornografia infantil. Um homem de West Bridgewater que supostamente morava em uma creche residencial se&hellip;<\/p>","protected":false},"author":1,"featured_media":63673,"comment_status":"closed","ping_status":"open","sticky":false,"template":"","format":"standard","meta":{"content-type":"","footnotes":""},"categories":[1],"tags":[],"class_list":["post-71704","post","type-post","status-publish","format-standard","has-post-thumbnail","hentry","category-uncategorized"],"_links":{"self":[{"href":"https:\/\/tvbrazilusa.com\/pt\/wp-json\/wp\/v2\/posts\/71704","targetHints":{"allow":["GET"]}}],"collection":[{"href":"https:\/\/tvbrazilusa.com\/pt\/wp-json\/wp\/v2\/posts"}],"about":[{"href":"https:\/\/tvbrazilusa.com\/pt\/wp-json\/wp\/v2\/types\/post"}],"author":[{"embeddable":true,"href":"https:\/\/tvbrazilusa.com\/pt\/wp-json\/wp\/v2\/users\/1"}],"replies":[{"embeddable":true,"href":"https:\/\/tvbrazilusa.com\/pt\/wp-json\/wp\/v2\/comments?post=71704"}],"version-history":[{"count":1,"href":"https:\/\/tvbrazilusa.com\/pt\/wp-json\/wp\/v2\/posts\/71704\/revisions"}],"predecessor-version":[{"id":71705,"href":"https:\/\/tvbrazilusa.com\/pt\/wp-json\/wp\/v2\/posts\/71704\/revisions\/71705"}],"wp:featuredmedia":[{"embeddable":true,"href":"https:\/\/tvbrazilusa.com\/pt\/wp-json\/wp\/v2\/media\/63673"}],"wp:attachment":[{"href":"https:\/\/tvbrazilusa.com\/pt\/wp-json\/wp\/v2\/media?parent=71704"}],"wp:term":[{"taxonomy":"category","embeddable":true,"href":"https:\/\/tvbrazilusa.com\/pt\/wp-json\/wp\/v2\/categories?post=71704"},{"taxonomy":"post_tag","embeddable":true,"href":"https:\/\/tvbrazilusa.com\/pt\/wp-json\/wp\/v2\/tags?post=71704"}],"curies":[{"name":"wp","href":"https:\/\/api.w.org\/{rel}","templated":true}]}}