{"id":71844,"date":"2024-12-06T14:21:32","date_gmt":"2024-12-06T14:21:32","guid":{"rendered":"https:\/\/tvbrazilusa.com\/2024\/12\/06\/a-demagogia-de-lula-e-mantega\/"},"modified":"2024-12-06T14:21:33","modified_gmt":"2024-12-06T14:21:33","slug":"a-demagogia-de-lula-e-mantega","status":"publish","type":"post","link":"https:\/\/tvbrazilusa.com\/pt\/2024\/12\/06\/a-demagogia-de-lula-e-mantega\/","title":{"rendered":"A demagogia de Lula e Mantega"},"content":{"rendered":"<p> <script async src=\"https:\/\/pagead2.googlesyndication.com\/pagead\/js\/adsbygoogle.js?client=ca-pub-8864793242727901\"\r\n     crossorigin=\"anonymous\"><\/script><br \/>\n<\/p>\n<div>\n<p>Guido Mantega, ex-ministro da Fazenda, seguiu o script do PT e atribuiu ao Banco Central a recente alta do d\u00f3lar, que alcan\u00e7ou valores recordes ap\u00f3s o an\u00fancio do pacote fiscal do governo federal.\n<\/p>\n<p>Lula minimizou a rea\u00e7\u00e3o negativa do mercado ao seu governo e disse que voltou \u00e0 Presid\u00eancia \u201cpor causa dos mais pobres\u201d.<\/p>\n<p>Fonte: O antagonista\n<\/p>\n<\/div>\n<p><br \/>\n<br \/><a href=\"https:\/\/diariodobrasilnoticias.com.br\/noticia\/a-demagogia-de-lula-e-mantega-assista-6752ee939b332\">Source link <\/a><\/p>","protected":false},"excerpt":{"rendered":"<p>Guido Mantega, ex-ministro da Fazenda, seguiu o script do PT e atribuiu ao Banco Central a recente alta do d\u00f3lar, que alcan\u00e7ou valores recordes ap\u00f3s o an\u00fancio do pacote fiscal&hellip;<\/p>","protected":false},"author":1,"featured_media":71845,"comment_status":"closed","ping_status":"open","sticky":false,"template":"","format":"standard","meta":{"content-type":"","footnotes":""},"categories":[16],"tags":[123,2448,5313,1267],"class_list":["post-71844","post","type-post","status-publish","format-standard","has-post-thumbnail","hentry","category-noticias","tag-brasil","tag-diario","tag-noticia","tag-noticias"],"_links":{"self":[{"href":"https:\/\/tvbrazilusa.com\/pt\/wp-json\/wp\/v2\/posts\/71844","targetHints":{"allow":["GET"]}}],"collection":[{"href":"https:\/\/tvbrazilusa.com\/pt\/wp-json\/wp\/v2\/posts"}],"about":[{"href":"https:\/\/tvbrazilusa.com\/pt\/wp-json\/wp\/v2\/types\/post"}],"author":[{"embeddable":true,"href":"https:\/\/tvbrazilusa.com\/pt\/wp-json\/wp\/v2\/users\/1"}],"replies":[{"embeddable":true,"href":"https:\/\/tvbrazilusa.com\/pt\/wp-json\/wp\/v2\/comments?post=71844"}],"version-history":[{"count":1,"href":"https:\/\/tvbrazilusa.com\/pt\/wp-json\/wp\/v2\/posts\/71844\/revisions"}],"predecessor-version":[{"id":71846,"href":"https:\/\/tvbrazilusa.com\/pt\/wp-json\/wp\/v2\/posts\/71844\/revisions\/71846"}],"wp:featuredmedia":[{"embeddable":true,"href":"https:\/\/tvbrazilusa.com\/pt\/wp-json\/wp\/v2\/media\/71845"}],"wp:attachment":[{"href":"https:\/\/tvbrazilusa.com\/pt\/wp-json\/wp\/v2\/media?parent=71844"}],"wp:term":[{"taxonomy":"category","embeddable":true,"href":"https:\/\/tvbrazilusa.com\/pt\/wp-json\/wp\/v2\/categories?post=71844"},{"taxonomy":"post_tag","embeddable":true,"href":"https:\/\/tvbrazilusa.com\/pt\/wp-json\/wp\/v2\/tags?post=71844"}],"curies":[{"name":"wp","href":"https:\/\/api.w.org\/{rel}","templated":true}]}}