{"id":71850,"date":"2024-12-06T14:33:37","date_gmt":"2024-12-06T14:33:37","guid":{"rendered":"https:\/\/tvbrazilusa.com\/2024\/12\/06\/cafe-fica-mais-caro-e-preco-do-pao-deve-subir-no-inicio-de-2025\/"},"modified":"2024-12-06T14:33:39","modified_gmt":"2024-12-06T14:33:39","slug":"cafe-fica-mais-caro-e-preco-do-pao-deve-subir-no-inicio-de-2025","status":"publish","type":"post","link":"https:\/\/tvbrazilusa.com\/pt\/2024\/12\/06\/cafe-fica-mais-caro-e-preco-do-pao-deve-subir-no-inicio-de-2025\/","title":{"rendered":"Caf\u00e9 fica mais caro e pre\u00e7o do p\u00e3o deve subir no in\u00edcio de 2025"},"content":{"rendered":"<p> <script async src=\"https:\/\/pagead2.googlesyndication.com\/pagead\/js\/adsbygoogle.js?client=ca-pub-8864793242727901\"\r\n     crossorigin=\"anonymous\"><\/script><br \/>\n<\/p>\n<div>\n<figure class=\"post-image\">\n<\/figure>\n<p>            <span style=\"font-size: 12px\">Reprodu\u00e7\u00e3o<\/span><\/p>\n<p>            <!-- end metas --><br \/>\n            <!-- ADS --><\/p>\n<div id=\"taboola-read-more\" style=\"display:block; width:100%\">\n<p class=\"p1\"><span class=\"s1\">A grande dupla do caf\u00e9 da manh\u00e3 do brasileiro, o caf\u00e9 com p\u00e3o, deve ficar mais cara neste in\u00edcio de 2025. O caf\u00e9 segue em uma escalada de pre\u00e7os h\u00e1 v\u00e1rios meses, enquanto o p\u00e3o, que apesar das flutua\u00e7\u00f5es do d\u00f3lar n\u00e3o teve alta de pre\u00e7os recente, deve ficar mais caro nos primeiros meses do ano devido a repasses de eleva\u00e7\u00e3o de custos como energia el\u00e9trica e reajustes salariais dos trabalhadores da panifica\u00e7\u00e3o.<\/span>\n<\/p>\n<p class=\"p1\"><span class=\"s1\">De acordo com a cesta b\u00e1sica de Fortaleza apurada e divulgada mensalmente pelo Departamento Intersindical de Estat\u00edstica e Estudos Socioecon\u00f4micos (Dieese), o pre\u00e7o do caf\u00e9 subiu 5,3% em outubro deste ano \u2013 a segunda maior eleva\u00e7\u00e3o mensal da cesta entre os itens, perdendo apenas para a carne, que subiu 9,9%.<\/span><\/p>\n<p class=\"p1\"><span class=\"s1\">Nos outros meses, ainda segundo o Dieese, o produto tamb\u00e9m pesou nos gastos com alimenta\u00e7\u00e3o do fortalezense. Em um semestre, o pre\u00e7o do caf\u00e9 subiu 30,5%. Na s\u00e9rie de 12 meses, o pre\u00e7o subiu quase 50%.<\/span>\n<\/p>\n<p class=\"p1\"><span class=\"s1\">Com informa\u00e7\u00f5es de Di\u00e1rio do Nordeste<\/span>              <\/p>\n<\/div>\n<p>                        <!-- Scripts para conteudo --><\/p>\n<p>            <!-- .\/Scripts para conteudo --><br \/>\n            <!-- .\/Mat\u00e9ria --><\/p>\n<div class=\"row mt-3\">\n<div class=\"col-sm-6\">\n                <!-- Whatsapp channel 3--><br \/>\n                <a href=\"https:\/\/chat.whatsapp.com\/J6hwSKYns5B0XFowx2wZ0P\" target=\"_blank\"><br \/>\n                  <img decoding=\"async\" src=\"https:\/\/diariodobrasilnoticias.com.br\/assets-site\/images\/bot_whatsapp.png\"\/><\/a>\n              <\/div>\n<div class=\"col-sm-6\">\n                <a href=\"https:\/\/t.me\/+_4gTmi5LKo03OTM5\" target=\"_blank\"><br \/>\n                  <img decoding=\"async\" src=\"https:\/\/diariodobrasilnoticias.com.br\/assets-site\/images\/bot_telegram.png\"\/><\/a>\n              <\/div>\n<\/p><\/div>\n<p>            <!-- end post-navigation --><\/p>\n<p>              <!-- end row --><\/p>\n<p>              <!-- end col-12-->\n                      <\/div>\n<p><br \/>\n<br \/><a href=\"https:\/\/diariodobrasilnoticias.com.br\/noticia\/cafe-fica-mais-caro-e-preco-do-pao-deve-subir-no-inicio-de-2025-6752f7f786c3e\">Source link <\/a><\/p>","protected":false},"excerpt":{"rendered":"<p>Reprodu\u00e7\u00e3o A grande dupla do caf\u00e9 da manh\u00e3 do brasileiro, o caf\u00e9 com p\u00e3o, deve ficar mais cara neste in\u00edcio de 2025. O caf\u00e9 segue em uma escalada de pre\u00e7os&hellip;<\/p>","protected":false},"author":1,"featured_media":71851,"comment_status":"closed","ping_status":"open","sticky":false,"template":"","format":"standard","meta":{"content-type":"","footnotes":""},"categories":[16],"tags":[123,2448,5313,1267],"class_list":["post-71850","post","type-post","status-publish","format-standard","has-post-thumbnail","hentry","category-noticias","tag-brasil","tag-diario","tag-noticia","tag-noticias"],"_links":{"self":[{"href":"https:\/\/tvbrazilusa.com\/pt\/wp-json\/wp\/v2\/posts\/71850","targetHints":{"allow":["GET"]}}],"collection":[{"href":"https:\/\/tvbrazilusa.com\/pt\/wp-json\/wp\/v2\/posts"}],"about":[{"href":"https:\/\/tvbrazilusa.com\/pt\/wp-json\/wp\/v2\/types\/post"}],"author":[{"embeddable":true,"href":"https:\/\/tvbrazilusa.com\/pt\/wp-json\/wp\/v2\/users\/1"}],"replies":[{"embeddable":true,"href":"https:\/\/tvbrazilusa.com\/pt\/wp-json\/wp\/v2\/comments?post=71850"}],"version-history":[{"count":1,"href":"https:\/\/tvbrazilusa.com\/pt\/wp-json\/wp\/v2\/posts\/71850\/revisions"}],"predecessor-version":[{"id":71852,"href":"https:\/\/tvbrazilusa.com\/pt\/wp-json\/wp\/v2\/posts\/71850\/revisions\/71852"}],"wp:featuredmedia":[{"embeddable":true,"href":"https:\/\/tvbrazilusa.com\/pt\/wp-json\/wp\/v2\/media\/71851"}],"wp:attachment":[{"href":"https:\/\/tvbrazilusa.com\/pt\/wp-json\/wp\/v2\/media?parent=71850"}],"wp:term":[{"taxonomy":"category","embeddable":true,"href":"https:\/\/tvbrazilusa.com\/pt\/wp-json\/wp\/v2\/categories?post=71850"},{"taxonomy":"post_tag","embeddable":true,"href":"https:\/\/tvbrazilusa.com\/pt\/wp-json\/wp\/v2\/tags?post=71850"}],"curies":[{"name":"wp","href":"https:\/\/api.w.org\/{rel}","templated":true}]}}