{"id":71873,"date":"2024-12-06T15:05:40","date_gmt":"2024-12-06T15:05:40","guid":{"rendered":"https:\/\/tvbrazilusa.com\/2024\/12\/06\/banco-central-da-argentina-reduz-taxa-de-juros-de-35-para-32\/"},"modified":"2024-12-06T15:05:42","modified_gmt":"2024-12-06T15:05:42","slug":"banco-central-da-argentina-reduz-taxa-de-juros-de-35-para-32","status":"publish","type":"post","link":"https:\/\/tvbrazilusa.com\/pt\/2024\/12\/06\/banco-central-da-argentina-reduz-taxa-de-juros-de-35-para-32\/","title":{"rendered":"Banco Central da Argentina reduz taxa de juros de 35% para 32%."},"content":{"rendered":"<p> <script async src=\"https:\/\/pagead2.googlesyndication.com\/pagead\/js\/adsbygoogle.js?client=ca-pub-8864793242727901\"\r\n     crossorigin=\"anonymous\"><\/script><br \/>\n<\/p>\n<div id=\"taboola-read-more\" style=\"display:block; width:100%\">\n<p>O Banco Central da Argentina anunciou redu\u00e7\u00e3o da taxa de juros de 35% para 32%. O an\u00fancio foi feito em comunicado publicado pela institui\u00e7\u00e3o na 5\u00aa feira (5.dez.2024). Esse \u00e9 o 8\u00ba ajuste promovido pelo governo de Javier Milei (La Libertad Avanza, direita) desde que ele assumiu o cargo, em dezembro de 2023.\n<\/p>\n<p>O comunicado afirma que a decis\u00e3o foi tomada na consolida\u00e7\u00e3o das expectativas de baixa da infla\u00e7\u00e3o. Atualmente, o governo de Milei luta para controlar uma infla\u00e7\u00e3o que j\u00e1 ultrapassou os 3 d\u00edgitos, enquanto os \u00edndices de pobreza tamb\u00e9m seguem aumentando.<\/p>\n<p>Como publicado pela institui\u00e7\u00e3o, a taxa de interesse em ativos tamb\u00e9m reduz de 40% para 36%. As medidas passam a valer a partir desta 6\u00aa feira (6.dez).\n<\/p>\n<p>O an\u00fancio foi feito logo depois de outro comunicado do Banco Central argentino, apontando que uma pesquisa com analistas previu uma redu\u00e7\u00e3o da infla\u00e7\u00e3o deste ano. A expectativa \u00e9 de uma taxa de 118,8%. Segundo a institui\u00e7\u00e3o, isso representaria uma diminui\u00e7\u00e3o de 1,2 ponto percentual em rela\u00e7\u00e3o \u00e0 pesquisa anterior, referente \u00e0 infla\u00e7\u00e3o anual.\n<\/p>\n<p>A pesquisa tamb\u00e9m indicou que as exporta\u00e7\u00f5es do pa\u00eds devem totalizar US$ 78,7 bilh\u00f5es, com super\u00e1vit de US$ 36 milh\u00f5es.\n<\/p>\n<p>O Banco Central ainda projetou que o PIB (Produto Interno Bruto) de 2024 dever\u00e1 apresentar um valor 3% menor que a m\u00e9dia de 2023, que foi de U$ 596 bilh\u00f5es.\u00a0\n<\/p>\n<p>\u201c<em>A queda se concentrou no 1\u00ba semestre, j\u00e1 que, de acordo com as estimativas, o n\u00edvel de atividade econ\u00f4mica come\u00e7ou a se recuperar no 3\u00ba trimestre do ano<\/em>\u00a0[de 2024]<em>, com um aumento de 3,4% em rela\u00e7\u00e3o ao trimestre anterior. Para 2025, os participantes da pesquisa estimam um crescimento m\u00e9dio de 4,2%<\/em>\u201d, disse o Banco Central.<\/p>\n<p>Fonte: Poder360              <\/p>\n<\/div>\n<p><br \/>\n<br \/><a href=\"https:\/\/diariodobrasilnoticias.com.br\/noticia\/banco-central-da-argentina-reduz-taxa-de-juros-de-35-para-32-6752fb6d793a6\">Source link <\/a><\/p>","protected":false},"excerpt":{"rendered":"<p>O Banco Central da Argentina anunciou redu\u00e7\u00e3o da taxa de juros de 35% para 32%. O an\u00fancio foi feito em comunicado publicado pela institui\u00e7\u00e3o na 5\u00aa feira (5.dez.2024). Esse \u00e9&hellip;<\/p>","protected":false},"author":1,"featured_media":71874,"comment_status":"closed","ping_status":"open","sticky":false,"template":"","format":"standard","meta":{"content-type":"","footnotes":""},"categories":[16],"tags":[123,2448,5313,1267],"class_list":["post-71873","post","type-post","status-publish","format-standard","has-post-thumbnail","hentry","category-noticias","tag-brasil","tag-diario","tag-noticia","tag-noticias"],"_links":{"self":[{"href":"https:\/\/tvbrazilusa.com\/pt\/wp-json\/wp\/v2\/posts\/71873","targetHints":{"allow":["GET"]}}],"collection":[{"href":"https:\/\/tvbrazilusa.com\/pt\/wp-json\/wp\/v2\/posts"}],"about":[{"href":"https:\/\/tvbrazilusa.com\/pt\/wp-json\/wp\/v2\/types\/post"}],"author":[{"embeddable":true,"href":"https:\/\/tvbrazilusa.com\/pt\/wp-json\/wp\/v2\/users\/1"}],"replies":[{"embeddable":true,"href":"https:\/\/tvbrazilusa.com\/pt\/wp-json\/wp\/v2\/comments?post=71873"}],"version-history":[{"count":1,"href":"https:\/\/tvbrazilusa.com\/pt\/wp-json\/wp\/v2\/posts\/71873\/revisions"}],"predecessor-version":[{"id":71875,"href":"https:\/\/tvbrazilusa.com\/pt\/wp-json\/wp\/v2\/posts\/71873\/revisions\/71875"}],"wp:featuredmedia":[{"embeddable":true,"href":"https:\/\/tvbrazilusa.com\/pt\/wp-json\/wp\/v2\/media\/71874"}],"wp:attachment":[{"href":"https:\/\/tvbrazilusa.com\/pt\/wp-json\/wp\/v2\/media?parent=71873"}],"wp:term":[{"taxonomy":"category","embeddable":true,"href":"https:\/\/tvbrazilusa.com\/pt\/wp-json\/wp\/v2\/categories?post=71873"},{"taxonomy":"post_tag","embeddable":true,"href":"https:\/\/tvbrazilusa.com\/pt\/wp-json\/wp\/v2\/tags?post=71873"}],"curies":[{"name":"wp","href":"https:\/\/api.w.org\/{rel}","templated":true}]}}