{"id":71894,"date":"2024-12-06T15:30:36","date_gmt":"2024-12-06T15:30:36","guid":{"rendered":"https:\/\/tvbrazilusa.com\/2024\/12\/06\/alto-comando-do-exercito-perde-kids-pretos-apos-protagonismo-no-governo-bolsonaro\/"},"modified":"2024-12-06T15:30:37","modified_gmt":"2024-12-06T15:30:37","slug":"alto-comando-do-exercito-perde-kids-pretos-apos-protagonismo-no-governo-bolsonaro","status":"publish","type":"post","link":"https:\/\/tvbrazilusa.com\/pt\/2024\/12\/06\/alto-comando-do-exercito-perde-kids-pretos-apos-protagonismo-no-governo-bolsonaro\/","title":{"rendered":"Alto Comando do Ex\u00e9rcito perde &#8216;kids pretos&#8217; ap\u00f3s protagonismo no governo Bolsonaro"},"content":{"rendered":"<p> <script async src=\"https:\/\/pagead2.googlesyndication.com\/pagead\/js\/adsbygoogle.js?client=ca-pub-8864793242727901\"\r\n     crossorigin=\"anonymous\"><\/script><br \/>\n<\/p>\n<div id=\"taboola-read-more\" style=\"display:block; width:100%\">\n<p>O Alto Comando do Ex\u00e9rcito, grupo composto pelos 16 generais quatro estrelas da For\u00e7a, n\u00e3o tem nenhum &#8220;kid preto&#8221; pela primeira vez ap\u00f3s o grupo de elite assumir protagonismo durante o governo Jair Bolsonaro (PL).\n<\/p>\n<p>A aus\u00eancia de militares com forma\u00e7\u00e3o nas For\u00e7as Especiais \u00e9 resultado de um conjunto de fatores dos \u00faltimos anos, como o desgaste causado por oficiais dessa \u00e1rea no Executivo e o baixo n\u00famero de &#8220;kids pretos&#8221; para promo\u00e7\u00e3o ao \u00faltimo posto da carreira.<\/p>\n<p>A nova configura\u00e7\u00e3o do Alto Comando da For\u00e7a mostra um cen\u00e1rio diferente do final de 2022, quando quatro generais das For\u00e7as Especiais estavam em fun\u00e7\u00f5es estrat\u00e9gicas do Ex\u00e9rcito.\n<\/p>\n<p>Eram eles os generais Marco Ant\u00f4nio Freire Gomes, J\u00falio C\u00e9sar de Arruda, Jos\u00e9 Eduardo Pereira e Estevam Theophilo.\n<\/p>\n<p>Cinco generais ouvidos pela Folha afirmaram, sob reserva, que os fatores internos foram mais relevantes que os externos para que os &#8220;kids pretos&#8221; ficassem de fora da c\u00fapula do Ex\u00e9rcito ap\u00f3s dez anos de protagonismo.\n<\/p>\n<p>Eles destacam, por\u00e9m, que a ida massiva desses militares para o governo Bolsonaro \u2014como os generais Luiz Eduardo Ramos e Mario Fernandes\u2014 desgastou a imagem interna dos For\u00e7as Especiais. Ao menos 28 deles assumiram cargos no Executivo de 2019 a 2022.\n<\/p>\n<p>&#8220;Kids pretos&#8221; s\u00e3o os militares formados nos cursos de opera\u00e7\u00f5es especiais do Ex\u00e9rcito. Eles comp\u00f5em a tropa de elite da For\u00e7a, treinada para a\u00e7\u00f5es de sabotagem e guerra irregular. O apelido foi dado porque os oficiais dessa \u00e1rea usam uma boina preta como s\u00edmbolo.\n<\/p>\n<p>Eles passam pelos treinamentos mais exigentes do Ex\u00e9rcito, com testes f\u00edsicos extenuantes enquanto sofrem com falta de alimento. Os treinos envolvem ainda saltos de paraquedas em situa\u00e7\u00f5es adversas.\n<\/p>\n<p>O 1\u00ba Batalh\u00e3o de A\u00e7\u00f5es de Comandos, o principal dos &#8220;kids pretos&#8221;, tem como lema &#8220;m\u00e1ximo de confus\u00e3o, morte e destrui\u00e7\u00e3o na retaguarda profunda do inimigo&#8221;. O Ex\u00e9rcito possui cerca de 2.500 militares instru\u00eddos nas For\u00e7as Especiais, n\u00famero que representa pouco mais de 1% do efetivo do Ex\u00e9rcito. Suas bases ficam em Goi\u00e2nia, Rio de Janeiro e Manaus.\n<\/p>\n<p>Os &#8220;kids pretos&#8221; t\u00eam rivalidade hist\u00f3rica com os precursores paraquedistas do Ex\u00e9rcito, grupo do qual o comandante do Ex\u00e9rcito, general Tom\u00e1s Paiva, faz parte. Os s\u00edmbolos das duas especialidades s\u00e3o parecidos, mas os precursores usam a cor vermelha em vez da preta.\n<\/p>\n<p>A \u00e1rea de opera\u00e7\u00f5es especiais foi criada no Ex\u00e9rcito na d\u00e9cada de 1950, e at\u00e9 o in\u00edcio dos anos 2010 eram poucos os integrantes das For\u00e7as Especiais no Alto Comando. A chegada dos &#8220;kids pretos&#8221; \u00e0 c\u00fapula do Ex\u00e9rcito se intensificou na \u00faltima d\u00e9cada.\n<\/p>\n<p>A onda \u00e9 explicada por alguns motivos, segundo os generais ouvidos pela Folha. Um deles foi a relev\u00e2ncia da atua\u00e7\u00e3o de alguns deles em opera\u00e7\u00f5es militares internacionais, como no Haiti.\n<\/p>\n<p>Tamb\u00e9m ressaltam a coes\u00e3o do grupo e dizem que os &#8220;kids pretos&#8221; no Alto Comando geralmente escolhiam outros &#8220;kids pretos&#8221; para serem promovidos, pelo corporativismo e pela confian\u00e7a desenvolvida ao longo dos anos.\n<\/p>\n<p>Os militares formados nos cursos de For\u00e7as Especiais ficaram em evid\u00eancia ap\u00f3s a Pol\u00edcia Federal identificar a participa\u00e7\u00e3o deles em planos para realizar um golpe de Estado ap\u00f3s a vit\u00f3ria de Lula (PT) nas elei\u00e7\u00f5es presidenciais de 2022.\n<\/p>\n<p>Dos 37 indiciados pela Pol\u00edcia Federal sob suspeita de participa\u00e7\u00e3o nos planos golpistas, 12 s\u00e3o &#8220;kids pretos&#8221;. Outros militares de boinas pretas s\u00e3o investigados em inqu\u00e9ritos da PF relacionados aos ataques de 8 de janeiro de 2023, como o general da reserva Ridauto L\u00facio Fernandes e o coronel da reserva Jos\u00e9 Placidio dos Santos.\n<\/p>\n<p>O principal integrante da For\u00e7a Especial indiciado pela Pol\u00edcia Federal foi o general da reserva Mario Fernandes. Ele \u00e9 apontado como o autor de um plano operacional para matar o Lula, o vice-presidente Geraldo Alckmin (PSB) e o ministro Alexandre de Moraes, do STF (Supremo Tribunal Federal).\n<\/p>\n<p>Mario ocupou at\u00e9 2020 o cargo de chefe do Comando de Opera\u00e7\u00f5es Especiais do Ex\u00e9rcito. Segundo a investiga\u00e7\u00e3o da PF, o general teria arregimentado outros &#8220;kids pretos&#8221; para executar os planos golpistas.\n<\/p>\n<p>Um desses militares foi identificado pela Pol\u00edcia Federal como o tenente-coronel Rafael Martins de Oliveira, lotado no batalh\u00e3o em Goi\u00e2nia. Ele e Mario foram presos na \u00faltima ter\u00e7a-feira (19).\n<\/p>\n<p>A Folha apurou que Mario foi chefe de Oliveira e outros &#8220;kids pretos&#8221; investigados pelos planos golpistas. Os dois participaram de reuni\u00e3o no Pal\u00e1cio do Planalto em 6 de dezembro de 2022, quando o general apresentou ao tenente-coronel o planejamento de assassinato das autoridades, ainda segundo a investiga\u00e7\u00e3o.<\/p>\n<p>Fonte: Folha de S. Paulo              <\/p>\n<\/div>\n<p><br \/>\n<br \/><a href=\"https:\/\/diariodobrasilnoticias.com.br\/noticia\/alto-comando-do-exercito-perde-kids-pretos-apos-protagonismo-no-governo-bolsonaro-6752fd40df6b4\">Source link <\/a><\/p>","protected":false},"excerpt":{"rendered":"<p>O Alto Comando do Ex\u00e9rcito, grupo composto pelos 16 generais quatro estrelas da For\u00e7a, n\u00e3o tem nenhum &#8220;kid preto&#8221; pela primeira vez ap\u00f3s o grupo de elite assumir protagonismo durante&hellip;<\/p>","protected":false},"author":1,"featured_media":71895,"comment_status":"closed","ping_status":"open","sticky":false,"template":"","format":"standard","meta":{"content-type":"","footnotes":""},"categories":[16],"tags":[123,2448,5313,1267],"class_list":["post-71894","post","type-post","status-publish","format-standard","has-post-thumbnail","hentry","category-noticias","tag-brasil","tag-diario","tag-noticia","tag-noticias"],"_links":{"self":[{"href":"https:\/\/tvbrazilusa.com\/pt\/wp-json\/wp\/v2\/posts\/71894","targetHints":{"allow":["GET"]}}],"collection":[{"href":"https:\/\/tvbrazilusa.com\/pt\/wp-json\/wp\/v2\/posts"}],"about":[{"href":"https:\/\/tvbrazilusa.com\/pt\/wp-json\/wp\/v2\/types\/post"}],"author":[{"embeddable":true,"href":"https:\/\/tvbrazilusa.com\/pt\/wp-json\/wp\/v2\/users\/1"}],"replies":[{"embeddable":true,"href":"https:\/\/tvbrazilusa.com\/pt\/wp-json\/wp\/v2\/comments?post=71894"}],"version-history":[{"count":1,"href":"https:\/\/tvbrazilusa.com\/pt\/wp-json\/wp\/v2\/posts\/71894\/revisions"}],"predecessor-version":[{"id":71896,"href":"https:\/\/tvbrazilusa.com\/pt\/wp-json\/wp\/v2\/posts\/71894\/revisions\/71896"}],"wp:featuredmedia":[{"embeddable":true,"href":"https:\/\/tvbrazilusa.com\/pt\/wp-json\/wp\/v2\/media\/71895"}],"wp:attachment":[{"href":"https:\/\/tvbrazilusa.com\/pt\/wp-json\/wp\/v2\/media?parent=71894"}],"wp:term":[{"taxonomy":"category","embeddable":true,"href":"https:\/\/tvbrazilusa.com\/pt\/wp-json\/wp\/v2\/categories?post=71894"},{"taxonomy":"post_tag","embeddable":true,"href":"https:\/\/tvbrazilusa.com\/pt\/wp-json\/wp\/v2\/tags?post=71894"}],"curies":[{"name":"wp","href":"https:\/\/api.w.org\/{rel}","templated":true}]}}