{"id":71904,"date":"2024-12-06T15:43:00","date_gmt":"2024-12-06T15:43:00","guid":{"rendered":"https:\/\/tvbrazilusa.com\/2024\/12\/06\/stf-inicia-julgamento-do-pedido-de-bolsonaro-para-afastar-moraes-de-casos-sobre-o-suposto-golpe\/"},"modified":"2024-12-06T15:43:02","modified_gmt":"2024-12-06T15:43:02","slug":"stf-inicia-julgamento-do-pedido-de-bolsonaro-para-afastar-moraes-de-casos-sobre-o-suposto-golpe","status":"publish","type":"post","link":"https:\/\/tvbrazilusa.com\/pt\/2024\/12\/06\/stf-inicia-julgamento-do-pedido-de-bolsonaro-para-afastar-moraes-de-casos-sobre-o-suposto-golpe\/","title":{"rendered":"STF inicia julgamento do pedido de Bolsonaro para afastar Moraes de casos sobre o suposto golpe."},"content":{"rendered":"<p> <script async src=\"https:\/\/pagead2.googlesyndication.com\/pagead\/js\/adsbygoogle.js?client=ca-pub-8864793242727901\"\r\n     crossorigin=\"anonymous\"><\/script><br \/>\n<\/p>\n<div id=\"taboola-read-more\" style=\"display:block; width:100%\">\n<p>Nesta sexta-feira, 6, o Supremo Tribunal Federal (STF) come\u00e7a a julgar um pedido de Jair Bolsonaro contra o ministro Alexandre de Moraes.\n<\/p>\n<p>O objetivo do ex-presidente \u00e9 remover o juiz do STF da relatoria dos casos que tratam da suposta tentativa de golpe de Estado.<\/p>\n<p>Em fevereiro, o presidente do STF, Lu\u00eds Roberto Barroso, negou a solicita\u00e7\u00e3o, que, agora, vai ao plen\u00e1rio virtual: \u201cN\u00e3o s\u00e3o suficientes as alega\u00e7\u00f5es gen\u00e9ricas e subjetivas, destitu\u00eddas de embasamento jur\u00eddico\u201d.\n<\/p>\n<p>A sess\u00e3o ficar\u00e1 aberta at\u00e9 dia 13. Por isso, os ministros ter\u00e3o sete dias para depositar seus votos no sistema eletr\u00f4nico.\n<\/p>\n<p>STF deve imp\u00f4r derrota a Jair Bolsonaro\n<\/p>\n<p>Moraes tem o apoio da maioria do STF para continuar conduzindo inqu\u00e9ritos contra Bolsonaro e aliados do ex-presidente.\n<\/p>\n<p>Dessa forma, o tribunal deve rejeitar o recurso de Bolsonaro. A defesa do ex-presidente argumentou que Moraes, por ser supostamente v\u00edtima do plano, n\u00e3o poderia deliberar nesses casos.<\/p>\n<p>Fonte: Revista Oeste              <\/p>\n<\/div>\n<p><br \/>\n<br \/><a href=\"https:\/\/diariodobrasilnoticias.com.br\/noticia\/stf-inicia-julgamento-do-pedido-de-bolsonaro-para-afastar-moraes-de-casos-sobre-o-suposto-golpe-6753026a17b5f\">Source link <\/a><\/p>","protected":false},"excerpt":{"rendered":"<p>Nesta sexta-feira, 6, o Supremo Tribunal Federal (STF) come\u00e7a a julgar um pedido de Jair Bolsonaro contra o ministro Alexandre de Moraes. O objetivo do ex-presidente \u00e9 remover o juiz&hellip;<\/p>","protected":false},"author":1,"featured_media":71905,"comment_status":"closed","ping_status":"open","sticky":false,"template":"","format":"standard","meta":{"content-type":"","footnotes":""},"categories":[16],"tags":[123,2448,5313,1267],"class_list":["post-71904","post","type-post","status-publish","format-standard","has-post-thumbnail","hentry","category-noticias","tag-brasil","tag-diario","tag-noticia","tag-noticias"],"_links":{"self":[{"href":"https:\/\/tvbrazilusa.com\/pt\/wp-json\/wp\/v2\/posts\/71904","targetHints":{"allow":["GET"]}}],"collection":[{"href":"https:\/\/tvbrazilusa.com\/pt\/wp-json\/wp\/v2\/posts"}],"about":[{"href":"https:\/\/tvbrazilusa.com\/pt\/wp-json\/wp\/v2\/types\/post"}],"author":[{"embeddable":true,"href":"https:\/\/tvbrazilusa.com\/pt\/wp-json\/wp\/v2\/users\/1"}],"replies":[{"embeddable":true,"href":"https:\/\/tvbrazilusa.com\/pt\/wp-json\/wp\/v2\/comments?post=71904"}],"version-history":[{"count":1,"href":"https:\/\/tvbrazilusa.com\/pt\/wp-json\/wp\/v2\/posts\/71904\/revisions"}],"predecessor-version":[{"id":71906,"href":"https:\/\/tvbrazilusa.com\/pt\/wp-json\/wp\/v2\/posts\/71904\/revisions\/71906"}],"wp:featuredmedia":[{"embeddable":true,"href":"https:\/\/tvbrazilusa.com\/pt\/wp-json\/wp\/v2\/media\/71905"}],"wp:attachment":[{"href":"https:\/\/tvbrazilusa.com\/pt\/wp-json\/wp\/v2\/media?parent=71904"}],"wp:term":[{"taxonomy":"category","embeddable":true,"href":"https:\/\/tvbrazilusa.com\/pt\/wp-json\/wp\/v2\/categories?post=71904"},{"taxonomy":"post_tag","embeddable":true,"href":"https:\/\/tvbrazilusa.com\/pt\/wp-json\/wp\/v2\/tags?post=71904"}],"curies":[{"name":"wp","href":"https:\/\/api.w.org\/{rel}","templated":true}]}}