{"id":72125,"date":"2024-12-06T21:46:56","date_gmt":"2024-12-06T21:46:56","guid":{"rendered":"https:\/\/tvbrazilusa.com\/2024\/12\/06\/sob-o-comando-de-lula-cupula-do-exercito-muda-de-perfil-e-promove-generais-entenda\/"},"modified":"2024-12-06T21:46:56","modified_gmt":"2024-12-06T21:46:56","slug":"sob-o-comando-de-lula-cupula-do-exercito-muda-de-perfil-e-promove-generais-entenda","status":"publish","type":"post","link":"https:\/\/tvbrazilusa.com\/pt\/2024\/12\/06\/sob-o-comando-de-lula-cupula-do-exercito-muda-de-perfil-e-promove-generais-entenda\/","title":{"rendered":"Sob o comando de Lula, c\u00fapula do ex\u00e9rcito muda de perfil e promove generais; entenda"},"content":{"rendered":"<p> <script async src=\"https:\/\/pagead2.googlesyndication.com\/pagead\/js\/adsbygoogle.js?client=ca-pub-8864793242727901\"\r\n     crossorigin=\"anonymous\"><\/script><br \/>\n<\/p>\n<div id=\"taboola-read-more\" style=\"display:block; width:100%\">\n<p>O Alto Comando do Ex\u00e9rcito j\u00e1 renovou mais da metade dos seus membros desde o in\u00edcio da gest\u00e3o do general Tom\u00e1s Paiva, que assumiu a chefia da For\u00e7a em 21 de janeiro de 2023. Ele foi nomeado pelo presidente Lula ap\u00f3s os atos de 8 de janeiro, em meio a uma crise de confian\u00e7a entre militares e o governo.\n<\/p>\n<p>Dos 16 integrantes do colegiado, nove foram trocados no per\u00edodo. Como as promo\u00e7\u00f5es ocorrem em mar\u00e7o, julho e novembro, a cada ano h\u00e1 a mudan\u00e7a, em m\u00e9dia, de um quarto do Alto Comando. O grupo \u00e9 formado por 16 generais quatro estrelas que alcan\u00e7am o topo da carreira militar e permanecem quatro anos no posto. As reuni\u00f5es ocorrem seis vezes ao ano em uma sala cont\u00edgua ao gabinete do comandante, no Quartel General do Ex\u00e9rcito, em Bras\u00edlia.<\/p>\n<p>Internamente, h\u00e1 uma avalia\u00e7\u00e3o de que a c\u00fapula vai se formando aos moldes do perfil do comandante do momento, embora o representante do posto mais alto da For\u00e7a s\u00f3 tenha direito a um voto na reuni\u00e3o que delibera sobre as promo\u00e7\u00f5es. A interlocutores, Tom\u00e1s Paiva afirma que o atual Alto Comando \u00e9 homog\u00eaneo e de confian\u00e7a. Est\u00e3o inclu\u00eddos no grupo o chefe do Estado Maior; os comandantes militares do Sul, Sudeste, Leste e Oeste; os chefes de Opera\u00e7\u00f5es Terrestres, e do Departamento de Ensino e Cultura; o diretor de Engenharia e Constru\u00e7\u00e3o; e o secret\u00e1rio de Economia e Finan\u00e7as.\n<\/p>\n<p>Na atual forma\u00e7\u00e3o do Alto Comando, dois dos nomes mais ligados a Tom\u00e1s s\u00e3o o chefe do Estado-Maior, general Richard Fernandez Nunes, e o comandante Militar do Norte, general Jos\u00e9 Ricardo Vendramin Nunes.\n<\/p>\n<p>Richard Nunes j\u00e1 integrava a c\u00fapula, mas foi levado por Tom\u00e1s ao segundo cargo mais importante do Ex\u00e9rcito, enquanto Vendramin Nunes foi promovido em julho deste ano e hoje chefia tropas em uma \u00e1rea importante do pa\u00eds.\n<\/p>\n<p>Sem \u201cKids pretos\u201d<br \/>No final de 2022, quando foi chefe da comunica\u00e7\u00e3o do Ex\u00e9rcito, Vendramin Nunes divulgou nota repudiando postagens que acusavam generais de serem \u201cmelancias\u201d \u2014 verdes por fora, comunistas por dentro \u2014 por n\u00e3o apoiarem a trama golpista que, segundo a PF, buscava a manuten\u00e7\u00e3o do ex-presidente Jair Bolsonaro no poder.\n<\/p>\n<p>Sob Tom\u00e1s Paiva, o Alto Comando n\u00e3o tem nenhum \u201ckid preto\u201d \u2014 militares com forma\u00e7\u00e3o nas For\u00e7as Especiais que tiveram protagonismo no grupo na gest\u00e3o Bolsonaro. Integrantes da c\u00fapula da For\u00e7a relataram que em 2023 e 2024 n\u00e3o houve candidatos com essa especialidade que entraram em vota\u00e7\u00e3o durante as fases de promo\u00e7\u00f5es.\n<\/p>\n<p>Na gest\u00e3o passada, esses oficiais iam promovendo outros generais do mesmo grupo para integrarem o colegiado, o que deu certa hegemonia a essa ala. Na forma\u00e7\u00e3o do colegiado no final do governo Bolsonaro, em 2022, havia generais com origem no n\u00facleo dos \u201ckids pretos\u201d, como Marco Ant\u00f4nio Freire Gomes, J\u00falio C\u00e9sar de Arruda e Estevam Theophilo \u2014 este \u00faltimo, indiciado pela PF por participa\u00e7\u00e3o na trama golpista, o que a defesa dele nega. Os militares citados foram procurados, mas n\u00e3o se manifestaram.\n<\/p>\n<p>Nas \u00faltimas semanas, os \u201ckids pretos\u201d ficaram em evid\u00eancia depois que a investiga\u00e7\u00e3o da Pol\u00edcia Federal revelou a participa\u00e7\u00e3o deles no plano golpista para impedir a posse de Lula, o que inclui monitoramento, troca de mensagens por grupos \u201csecretos\u201d e uso de celulares descart\u00e1veis. Al\u00e9m de Bolsonaro, outros 24 militares foram indiciados pela PF, em um total de 37 alvos, por tentativa de golpe de Estado, aboli\u00e7\u00e3o violenta do estado democr\u00e1tico de direito e organiza\u00e7\u00e3o criminosa.\n<\/p>\n<p>As revela\u00e7\u00f5es vieram \u00e0 tona no momento em que o Planalto e as For\u00e7as Armadas vivem uma rela\u00e7\u00e3o mais amena ap\u00f3s um longo processo de pacifica\u00e7\u00e3o. Lula fez uma s\u00e9rie de acenos \u00e0 caserna, prestigiando eventos militares e oferecendo uma fatia expressiva do PAC aos projetos estrat\u00e9gicos da Defesa. Mesmo a negocia\u00e7\u00e3o para que os militares colaborem com o ajuste fiscal ocorre de forma cuidadosa, com participa\u00e7\u00e3o mais simb\u00f3lica, para evitar o recrudescimento das tens\u00f5es.\n<\/p>\n<p>Se Lula desejar, Tom\u00e1s Paiva poder\u00e1 permanecer no cargo at\u00e9 o final do mandato. Por essa hip\u00f3tese, ele ainda ter\u00e1 mais seis oportunidades de promo\u00e7\u00f5es para ampliar a trocas no colegiado. No entorno de Lula, o comandante \u00e9 bem avaliado e visto como pe\u00e7a importante no processo de pacifica\u00e7\u00e3o da caserna ap\u00f3s os ataques de 8 de janeiro e as suspeitas envolvendo a trama golpista.\n<\/p>\n<p>Para escalar todos os degraus que levem um capit\u00e3o a virar general, o oficial precisa obedecer a crit\u00e9rios de antiguidade e m\u00e9rito, em que contam desempenho na sua carreira militar, como posi\u00e7\u00e3o na turma, notas em cursos de forma\u00e7\u00e3o e avalia\u00e7\u00e3o anual de desempenho. J\u00e1 os crit\u00e9rios que levam um general de brigada \u2014 primeira gradua\u00e7\u00e3o de general na hierarquia militar do Ex\u00e9rcito \u2014 a ascender at\u00e9 a c\u00fapula dependem fundamentalmente da sua capacidade de relacionamento e lideran\u00e7a.<br \/>Grupo consultivo<br \/>A \u00faltima etapa antes do Alto Comando \u00e9 a de general de divis\u00e3o (tr\u00eas estrelas), quando pesa a an\u00e1lise sobre a capacidade de comandar outros generais, antes de avan\u00e7ar ao \u00faltimo degrau da carreira.\n<\/p>\n<p>\u00c9 levada ainda em considera\u00e7\u00e3o, por exemplo, como foi o desempenho desse oficial nas suas fun\u00e7\u00f5es e a avalia\u00e7\u00e3o de como ele pode continuar contribuindo para a For\u00e7a \u2014 uma an\u00e1lise que cabe a cada integrante do colegiado.\n<\/p>\n<p>A c\u00fapula do Ex\u00e9rcito tamb\u00e9m precisa identificar nele um oficial capaz de ser um chefe militar, comandar a tropa de uma \u00e1rea do pa\u00eds ou chefiar um departamento estrat\u00e9gico. \u00c9 tamb\u00e9m dentro desse seleto grupo que est\u00e1 o futuro comandante do Ex\u00e9rcito.\n<\/p>\n<p>Por meio de nota, o Ex\u00e9rcito afirmou que \u201cap\u00f3s a an\u00e1lise do desempenho profissional, baseada na meritocracia, o Alto Comando seleciona os militares que ser\u00e3o propostos para promo\u00e7\u00e3o ao Presidente da Rep\u00fablica.\u201d\n<\/p>\n<p>O Alto Comando \u00e9 um conselho consultivo e de assessoramento, mas quem tem a palavra final sobre as decis\u00f5es da For\u00e7a \u00e9 o comandante do Ex\u00e9rcito. O colegiado s\u00f3 atua de forma deliberativa no processo de escolha dos novos generais. O avan\u00e7o da carreira de general \u2014 brigada, divis\u00e3o e de Ex\u00e9rcito \u2014 depende exclusivamente do crit\u00e9rio de escolha dos integrantes do Alto Comando. A promo\u00e7\u00e3o \u00e9 feita por um processo de vota\u00e7\u00e3o simples, onde cada integrante tem direito a um voto, anotado em um papel e recolhido pelo general mais jovem do grupo. Se houver empate, os nomes voltam para aprecia\u00e7\u00e3o de todo grupo para o desempate.\n<\/p>\n<p>Todos os generais de brigada e de divis\u00e3o que miram as quatro estrelas t\u00eam a carreira acompanhada pela c\u00fapula do Ex\u00e9rcito por se tratar de um c\u00edrculo muito mais restrito de oficiais. O Ex\u00e9rcito tem 48 generais de divis\u00e3o e 92 de brigada. A maior parte deles encerra a carreira sem integrar o grupo de 16 oficiais que se tornam generais do Ex\u00e9rcito e formam o Alto Comando.\n<\/p>\n<p>Fonte: O Globo              <\/p>\n<\/div>\n<p><br \/>\n<br \/><a href=\"https:\/\/diariodobrasilnoticias.com.br\/noticia\/sob-o-comando-de-lula-cupula-do-exercito-muda-de-perfil-e-promove-generais-entenda-6753474f17f5d\">Source link <\/a><\/p>","protected":false},"excerpt":{"rendered":"<p>O Alto Comando do Ex\u00e9rcito j\u00e1 renovou mais da metade dos seus membros desde o in\u00edcio da gest\u00e3o do general Tom\u00e1s Paiva, que assumiu a chefia da For\u00e7a em 21&hellip;<\/p>","protected":false},"author":1,"featured_media":72126,"comment_status":"closed","ping_status":"open","sticky":false,"template":"","format":"standard","meta":{"content-type":"","footnotes":""},"categories":[16],"tags":[123,2448,5313,1267],"class_list":["post-72125","post","type-post","status-publish","format-standard","has-post-thumbnail","hentry","category-noticias","tag-brasil","tag-diario","tag-noticia","tag-noticias"],"_links":{"self":[{"href":"https:\/\/tvbrazilusa.com\/pt\/wp-json\/wp\/v2\/posts\/72125","targetHints":{"allow":["GET"]}}],"collection":[{"href":"https:\/\/tvbrazilusa.com\/pt\/wp-json\/wp\/v2\/posts"}],"about":[{"href":"https:\/\/tvbrazilusa.com\/pt\/wp-json\/wp\/v2\/types\/post"}],"author":[{"embeddable":true,"href":"https:\/\/tvbrazilusa.com\/pt\/wp-json\/wp\/v2\/users\/1"}],"replies":[{"embeddable":true,"href":"https:\/\/tvbrazilusa.com\/pt\/wp-json\/wp\/v2\/comments?post=72125"}],"version-history":[{"count":1,"href":"https:\/\/tvbrazilusa.com\/pt\/wp-json\/wp\/v2\/posts\/72125\/revisions"}],"predecessor-version":[{"id":72127,"href":"https:\/\/tvbrazilusa.com\/pt\/wp-json\/wp\/v2\/posts\/72125\/revisions\/72127"}],"wp:featuredmedia":[{"embeddable":true,"href":"https:\/\/tvbrazilusa.com\/pt\/wp-json\/wp\/v2\/media\/72126"}],"wp:attachment":[{"href":"https:\/\/tvbrazilusa.com\/pt\/wp-json\/wp\/v2\/media?parent=72125"}],"wp:term":[{"taxonomy":"category","embeddable":true,"href":"https:\/\/tvbrazilusa.com\/pt\/wp-json\/wp\/v2\/categories?post=72125"},{"taxonomy":"post_tag","embeddable":true,"href":"https:\/\/tvbrazilusa.com\/pt\/wp-json\/wp\/v2\/tags?post=72125"}],"curies":[{"name":"wp","href":"https:\/\/api.w.org\/{rel}","templated":true}]}}