{"id":72128,"date":"2024-12-06T21:37:31","date_gmt":"2024-12-06T21:37:31","guid":{"rendered":"https:\/\/tvbrazilusa.com\/2024\/12\/06\/homem-de-miami-ex-membro-do-proud-boy-condenado-por-papel-em-6-de-janeiro-insurreicao-no-capitolio-dos-eua-wsvn-7news-noticias-de-miami-clima-esportes-fort-lauderdale\/"},"modified":"2024-12-06T21:51:28","modified_gmt":"2024-12-06T21:51:28","slug":"homem-de-miami-ex-membro-do-proud-boy-condenado-por-papel-em-6-de-janeiro-insurreicao-no-capitolio-dos-eua-wsvn-7news-noticias-de-miami-clima-esportes-fort-lauderdale","status":"publish","type":"post","link":"https:\/\/tvbrazilusa.com\/pt\/2024\/12\/06\/homem-de-miami-ex-membro-do-proud-boy-condenado-por-papel-em-6-de-janeiro-insurreicao-no-capitolio-dos-eua-wsvn-7news-noticias-de-miami-clima-esportes-fort-lauderdale\/","title":{"rendered":"Homem de Miami, ex-membro do Proud Boy condenado por papel em 6 de janeiro. Insurrei\u00e7\u00e3o no Capit\u00f3lio dos EUA &#8211; WSVN 7News | Not\u00edcias de Miami, clima, esportes | Fort Lauderdale"},"content":{"rendered":"<p> <script async src=\"https:\/\/pagead2.googlesyndication.com\/pagead\/js\/adsbygoogle.js?client=ca-pub-8864793242727901\"\r\n     crossorigin=\"anonymous\"><\/script><br \/>\n<\/p>\n<div itemprop=\"articleBody\">\n<p>MIAMI (WSVN) &#8211; Um homem de Miami foi condenado a 12 meses de pris\u00e3o por sua <a href=\"https:\/\/wsvn.com\/news\/us-world\/miami-man-former-proud-boy-member-convicted-for-role-in-jan-6-insurrection-at-us-capitol\/\" data-type=\"link\" data-id=\"https:\/\/wsvn.com\/news\/us-world\/miami-man-former-proud-boy-member-convicted-for-role-in-jan-6-insurrection-at-us-capitol\/\">envolvimento em 6 de janeiro de 2021,<\/a> viola\u00e7\u00e3o do Capit\u00f3lio dos EUA, que interrompeu uma sess\u00e3o conjunta do Congresso que certificava os resultados das elei\u00e7\u00f5es presidenciais de 2020.<\/p>\n<p>Gabriel Augustin Garcia, 43 anos, foi condenado na sexta-feira por um juiz distrital dos EUA a 12 meses de pris\u00e3o, seguidos de 24 meses de liberdade supervisionada e a pagar 2.000 d\u00f3lares em restitui\u00e7\u00e3o. <\/p>\n<p>Garcia, membro do Vice City Chapter dos Proud Boys, foi anteriormente condenado por duas acusa\u00e7\u00f5es criminais, incluindo obstru\u00e7\u00e3o \u00e0 aplica\u00e7\u00e3o da lei durante uma desordem civil.<\/p>\n<p>Os promotores disseram que Garcia se juntou ao grupo nacional de planejamento de manifesta\u00e7\u00f5es dos Proud Boys, o \u201cMinist\u00e9rio da Autodefesa\u201d, e trocou mensagens com outros membros discutindo poss\u00edvel viol\u00eancia em 6 de janeiro. <\/p>\n<p>Naquele dia, Garcia seguiu as instru\u00e7\u00f5es compartilhadas nas mensagens do grupo dos Proud Boys, viajando para o Capit\u00f3lio, onde transmitiu ao vivo suas a\u00e7\u00f5es e fez coment\u00e1rios inflamados contra as autoridades, de acordo com o Departamento de Justi\u00e7a dos Estados Unidos. <\/p>\n<p>Garcia entrou no edif\u00edcio do Capit\u00f3lio logo ap\u00f3s a viola\u00e7\u00e3o inicial, juntando-se aos manifestantes para ultrapassar as linhas policiais e avan\u00e7ar para \u00e1reas restritas, incluindo a Rotunda. <\/p>\n<p>A certa altura, os investigadores disseram que ele provocou os policiais, gritando: \u201cVoc\u00ea n\u00e3o vai parar um milh\u00e3o\u201d e \u201cComo \u00e9 ser um traidor do pa\u00eds?\u201d<\/p>\n<p>Garcia teria passado aproximadamente uma hora dentro do Capit\u00f3lio antes de ser removido.<\/p>\n<p><em>Copyright 2024 Sunbeam Television Corp. Todos os direitos reservados. Este material n\u00e3o pode ser publicado, transmitido, reescrito ou redistribu\u00eddo.<\/em><\/p>\n<div class=\"wp-block-newsletter\">\n\t<strong class=\"wp-block-newsletter__title\">Cadastre-se em nosso boletim informativo para receber as \u00faltimas not\u00edcias diretamente em sua caixa de entrada<\/strong><\/p>\n<\/div><\/div>\n<p><br \/>\n<br \/><a href=\"https:\/\/wsvn.com\/news\/local\/miami-dade\/miami-man-former-proud-boy-member-sentenced-for-role-in-jan-6-insurrection-at-us-capitol\/\">Source link <\/a><\/p>","protected":false},"excerpt":{"rendered":"<p>MIAMI (WSVN) &#8211; Um homem de Miami foi condenado a 12 meses de pris\u00e3o por sua envolvimento em 6 de janeiro de 2021, viola\u00e7\u00e3o do Capit\u00f3lio dos EUA, que interrompeu&hellip;<\/p>","protected":false},"author":1,"featured_media":72129,"comment_status":"closed","ping_status":"open","sticky":false,"template":"","format":"standard","meta":{"content-type":"","footnotes":""},"categories":[1],"tags":[],"class_list":["post-72128","post","type-post","status-publish","format-standard","has-post-thumbnail","hentry","category-uncategorized"],"_links":{"self":[{"href":"https:\/\/tvbrazilusa.com\/pt\/wp-json\/wp\/v2\/posts\/72128","targetHints":{"allow":["GET"]}}],"collection":[{"href":"https:\/\/tvbrazilusa.com\/pt\/wp-json\/wp\/v2\/posts"}],"about":[{"href":"https:\/\/tvbrazilusa.com\/pt\/wp-json\/wp\/v2\/types\/post"}],"author":[{"embeddable":true,"href":"https:\/\/tvbrazilusa.com\/pt\/wp-json\/wp\/v2\/users\/1"}],"replies":[{"embeddable":true,"href":"https:\/\/tvbrazilusa.com\/pt\/wp-json\/wp\/v2\/comments?post=72128"}],"version-history":[{"count":1,"href":"https:\/\/tvbrazilusa.com\/pt\/wp-json\/wp\/v2\/posts\/72128\/revisions"}],"predecessor-version":[{"id":72130,"href":"https:\/\/tvbrazilusa.com\/pt\/wp-json\/wp\/v2\/posts\/72128\/revisions\/72130"}],"wp:featuredmedia":[{"embeddable":true,"href":"https:\/\/tvbrazilusa.com\/pt\/wp-json\/wp\/v2\/media\/72129"}],"wp:attachment":[{"href":"https:\/\/tvbrazilusa.com\/pt\/wp-json\/wp\/v2\/media?parent=72128"}],"wp:term":[{"taxonomy":"category","embeddable":true,"href":"https:\/\/tvbrazilusa.com\/pt\/wp-json\/wp\/v2\/categories?post=72128"},{"taxonomy":"post_tag","embeddable":true,"href":"https:\/\/tvbrazilusa.com\/pt\/wp-json\/wp\/v2\/tags?post=72128"}],"curies":[{"name":"wp","href":"https:\/\/api.w.org\/{rel}","templated":true}]}}