{"id":72131,"date":"2024-12-06T21:46:56","date_gmt":"2024-12-06T21:46:56","guid":{"rendered":"https:\/\/tvbrazilusa.com\/2024\/12\/06\/payton-pritchard-do-celtics-criticou-gilbert-arenas-por-comentarios-decepcionantes-sobre-ele-e-drew-peterson\/"},"modified":"2024-12-06T21:52:35","modified_gmt":"2024-12-06T21:52:35","slug":"payton-pritchard-do-celtics-criticou-gilbert-arenas-por-comentarios-decepcionantes-sobre-ele-e-drew-peterson","status":"publish","type":"post","link":"https:\/\/tvbrazilusa.com\/pt\/2024\/12\/06\/payton-pritchard-do-celtics-criticou-gilbert-arenas-por-comentarios-decepcionantes-sobre-ele-e-drew-peterson\/","title":{"rendered":"Payton Pritchard, do Celtics, criticou Gilbert Arenas por coment\u00e1rios &#8216;decepcionantes&#8217; sobre ele e Drew Peterson"},"content":{"rendered":"<p> <script async src=\"https:\/\/pagead2.googlesyndication.com\/pagead\/js\/adsbygoogle.js?client=ca-pub-8864793242727901\"\r\n     crossorigin=\"anonymous\"><\/script><br \/>\n<\/p>\n<div id=\"\">\n<header class=\"m-article-header m-article-header--standard\">\n\t\t\t\t\t\t\t\t\t\t\t\t<span id=\"article-header-primary-term\"><br \/>\n\t\t\t\t\t\t\t\t<a class=\"a-term a-term--primary\" href=\"https:\/\/www.boston.com\/tag\/boston-celtics\/\"><\/p>\n<p>\t\t\t\t\t\t\t\tCeltas\t\t\t\t\t\t\t\t<\/a><br \/>\n\t\t\t\t\t\t\t<\/span><\/p>\n<h2 class=\"m-article-header__sub-headline\">Arenas questionou por que o Celtics estava enfrentando Pritchard e Drew Peterson em um jogo no in\u00edcio da semana.<\/h2>\n<figure class=\"a-photo m-article-header__photo\"><figcaption class=\"a-photo__caption\">\n<p>\tPayton Pritchard<em> Danielle Parhizkaran\/Equipe da Globo<\/em>\t<\/figcaption><\/figure>\n<\/header>\n<div class=\"m-block t-amp__list-container m-article-list-container m-article-list-container--frame-border a-border-frame  a-list-header__headline--red m-article-list--alternative--default  m-article-list--floated\">\n<ul class=\"t-amp__list a-list--no-style m-article-list m-article-list--recirculation m-article-list--has-images\">\n<li class=\"m-article-list__item m-article-list__item--featured\">\n\t\t\t<a class=\"m-article-list__link-wrapper\" href=\"https:\/\/www.boston.com\/sports\/boston-celtics\/2024\/11\/30\/payton-pritchard-celtics-sixth-man-of-the-year-history-odds\/?p1=article_recirc_inline_feature\" data-p1=\"article_recirc_inline_feature\"><br \/>\n\t\t\t\t<img fetchpriority=\"high\" decoding=\"async\" width=\"768\" height=\"432\" src=\"https:\/\/bdc2020.o0bc.com\/wp-content\/uploads\/2024\/11\/Payton-Pritchard-674b2458402f6-768x432.jpg\" class=\"t-amp__list-image m-article-list__image m-article-list__image--full wp-post-image\" alt=\"\" aria-hidden=\"true\" srcset=\"https:\/\/bdc2020.o0bc.com\/wp-content\/uploads\/2024\/11\/Payton-Pritchard-674b2458402f6-768x432.jpg?width=200 200w, https:\/\/bdc2020.o0bc.com\/wp-content\/uploads\/2024\/11\/Payton-Pritchard-674b2458402f6-768x432.jpg?width=300 300w, https:\/\/bdc2020.o0bc.com\/wp-content\/uploads\/2024\/11\/Payton-Pritchard-674b2458402f6-768x432.jpg?width=400 400w, https:\/\/bdc2020.o0bc.com\/wp-content\/uploads\/2024\/11\/Payton-Pritchard-674b2458402f6-768x432.jpg?width=500 500w, https:\/\/bdc2020.o0bc.com\/wp-content\/uploads\/2024\/11\/Payton-Pritchard-674b2458402f6-768x432.jpg?width=600 600w, https:\/\/bdc2020.o0bc.com\/wp-content\/uploads\/2024\/11\/Payton-Pritchard-674b2458402f6-768x432.jpg?width=700 700w, https:\/\/bdc2020.o0bc.com\/wp-content\/uploads\/2024\/11\/Payton-Pritchard-674b2458402f6-768x432.jpg?width=800 800w, https:\/\/bdc2020.o0bc.com\/wp-content\/uploads\/2024\/11\/Payton-Pritchard-674b2458402f6-768x432.jpg?width=900 900w\" sizes=\"(max-width: 768px) 100vw, 768px\"\/>\t\t\t\t\t<\/p>\n<p><h4 class=\"m-article-list__headline t-amp__list-headline\">\n\t\t\t\t\t\t\t<span class=\"m-article-list__link a-link a-link--inline a-link--text-link a-link--text-link-dark\"><\/p>\n<p>\t\t\t\t\t\t\tO que a hist\u00f3ria diz sobre a chance de Payton Pritchard de ser o 6\u00ba Homem do Ano?\t\t\t\t\t\t\t<\/span><br \/>\n\t\t\t\t\t\t<\/h4>\n<\/p>\n<p>\t\t\t\t<\/a>\n\t\t\t<\/li>\n<li class=\"m-article-list__item\">\n\t\t\t\t\t<a class=\"m-article-list__link-wrapper\" href=\"https:\/\/www.boston.com\/sports\/boston-celtics\/2024\/12\/06\/celtics-jaylen-brown-throat-slashing-gesture-fined-isaiah-stewart-pistons\/?p1=article_recirc_inline_feed\" data-p1=\"article_recirc_inline_feed\"><\/p>\n<p><h4 class=\"m-article-list__headline\">\n\t\t\t\t\t\t\t\t\t<span class=\"m-article-list__link a-link a-link--inline a-link--text-link a-link--text-link-dark\"><\/p>\n<p>\t\t\t\t\t\t\t\t\tA estrela do Celtics Jaylen Brown multou US$ 25 mil por gesto feito na vit\u00f3ria contra o Pistons\t\t\t\t\t\t\t\t\t<\/span><br \/>\n\t\t\t\t\t\t\t\t<\/h4>\n<\/p>\n<p>\t\t\t\t\t\t<\/a>\n\t\t\t\t\t<\/li>\n<\/ul>\n<\/div>\n<p>Depois do <a href=\"https:\/\/celtics.com\/\">Celtas<\/a> Depois de vencer o Heat por 19 pontos no in\u00edcio desta semana, o ex-astro da NBA Gilbert Arenas fez alguns coment\u00e1rios cr\u00edticos sobre a escala\u00e7\u00e3o que Boston apresentou durante o jogo. <\/p>\n<p>Arenas questionou por que o Celtics jogaria os dois <a href=\"https:\/\/www.boston.com\/sports\/boston-celtics\/2024\/12\/03\/aylen-brown-payton-pritchard-signature-shoes\/\" target=\"_blank\" rel=\"noreferrer noopener\">Payton Pritchard <\/a>e Drew Peterson ao mesmo tempo.<\/p>\n<p>\u201c\u00c9 assim que sei que o jogo \u00e9 uma droga\u201d, disse Arenas. \u201cN\u00e3o h\u00e1 como [expletive] inferno, voc\u00ea pode ter 11 e 13 no mesmo jogo.<\/p>\n<p>\u201cN\u00e3o tem como voc\u00ea deixar esses dois caras jogarem. Veja 13. Veja como ele anda. Ele anda tipo &#8216;Marque, por favor, por minha conta&#8217; para que eu possa sentar &#8216;meu pai me deu ingressos&#8217;. Meu pai acabou de me dar ingressos e eles me deixaram entrar.<\/p>\n<p>No Instagram, Pritchard escreveu: \u201cPor que 11 e 13 n\u00e3o podem estar no jogo?? Apenas curioso. <\/p>\n<p><a href=\"https:\/\/twitter.com\/ByJayKing\/status\/1864795689059762433\" target=\"_blank\" rel=\"noreferrer noopener\">Mais tarde ele contou <em>O Atl\u00e9tico<\/em>Jay King<\/a> que ficou desapontado com os coment\u00e1rios de Arenas.<\/p>\n<p>\u201cBem, em primeiro lugar, gostei muito de Gilbert como jogador e respeitei seu jogo\u201d, disse Pritchard. \u201cEu era um f\u00e3 enquanto crescia. Ent\u00e3o, quando voc\u00ea v\u00ea algu\u00e9m de quem voc\u00ea \u00e9 f\u00e3 quando crian\u00e7a, ele faz coment\u00e1rios como esse. \u00c9 definitivamente decepcionante falar sobre algo que as pessoas n\u00e3o podem mudar, a cor da pele.\u201d<\/p>\n<p>Pritchard tem jogado o melhor basquete de sua carreira nesta temporada. Ele est\u00e1 entre os favoritos ao pr\u00eamio de Sexto Homem do Ano da NBA. Ele tem m\u00e9dia de 16,5 pontos por jogo e arremessos de 42,8% na faixa de 3 pontos. <\/p>\n<figure class=\"wp-block-embed is-type-rich is-provider-twitter wp-block-embed-twitter\">\n<div class=\"wp-block-embed__wrapper\">\n<blockquote class=\"twitter-tweet\" data-width=\"500\" data-dnt=\"true\">\n<p lang=\"en\" dir=\"ltr\">Perguntei ontem \u00e0 noite a Payton Pritchard sobre os coment\u00e1rios de Arenas: \u201cBem, em primeiro lugar, gostei muito do Gilbert como jogador e respeitei o jogo dele. Eu era um f\u00e3 enquanto crescia. Ent\u00e3o, quando voc\u00ea v\u00ea algu\u00e9m de quem voc\u00ea \u00e9 f\u00e3 quando crian\u00e7a, ele faz coment\u00e1rios como esse. \u00c9 definitivamente\u2026 <a href=\"https:\/\/t.co\/Q48OneEM4p\">https:\/\/t.co\/Q48OneEM4p<\/a><\/p>\n<p>-Jay King (@ByJayKing) <a href=\"https:\/\/twitter.com\/ByJayKing\/status\/1864795689059762433?ref_src=twsrc%5Etfw\">5 de dezembro de 2024<\/a><\/p><\/blockquote>\n<\/div>\n<\/figure>\n<p>A habilidade de Pritchard de acertar chutes de longa dist\u00e2ncia no final dos quartos fez com que os treinadores advers\u00e1rios circulassem seu nome nos relat\u00f3rios de olheiros. Seus colegas da liga tamb\u00e9m notaram seu jogo nesta temporada. <\/p>\n<p>\u201cSe eu pudesse levar um cara para fora do Celtics, como se voc\u00ea me contasse amanh\u00e3\u2026 um desses caras nunca mais jogar\u00e1 contra voc\u00ea, para o Celtics esse \u00e9 Payton Pritchard\u201d, disse o ex-atacante do Bucks Thanasis Antetokounmpo <a href=\"https:\/\/x.com\/taylorcsnow\/status\/1865091155269976158\" target=\"_blank\" rel=\"noreferrer noopener\">durante um epis\u00f3dio recente de seu podcast, o \u201cThan\u00e1lise Show\u201d.<\/a> \u201cEu n\u00e3o disse Jaylen Brown. Eu n\u00e3o disse Jayson Tatum. Eu n\u00e3o disse Kristaps Porzingis. Eu n\u00e3o disse Jrue Holiday. Eu n\u00e3o disse Al Horford. Eu disse Payton Pritchard. T\u00e3o subestimado.\u201d<\/p>\n<p>Peterson \u00e9 um jogador bidirecional com m\u00e9dia de 19,6 pontos por jogo com o Maine Celtics nesta temporada. Sua carga de trabalho aumentou esta semana porque o Celtics estava com falta de pessoal. <\/p>\n<p>O atacante reserva jogou 26 minutos, o melhor de sua carreira, contra o Heat na segunda-feira e 25 minutos contra o Cavaliers no domingo. Ele teve m\u00e9dia de 7,5 pontos e 5,5 rebotes nesses dois jogos antes de seus minutos (3) ca\u00edrem na quarta-feira. <\/p>\n<p>  \u201cEnt\u00e3o, o trabalho que Drew faz, que eu fa\u00e7o, eu n\u00e3o sei, voc\u00ea simplesmente n\u00e3o quer ver isso\u201d, disse Pritchard sobre os coment\u00e1rios de Arenas. \u201cQuando voc\u00ea \u00e9 f\u00e3 de algu\u00e9m que est\u00e1 crescendo e essa pessoa faz coment\u00e1rios como esse, pode ser decepcionante.\u201d<\/p>\n<div class=\"o-author-single has-avatar\">\n<header class=\"m-author-card\">\n<div class=\"a-image a-image--square m-author-card__image\">\n\t\t<img decoding=\"async\" class=\"\" src=\"https:\/\/www.boston.com\/wp-content\/uploads\/2024\/10\/cropped-Screen-Shot-2024-01-26-at-4.59.30-PM-6706db53ae1d7-6706dcbabfba0-242x242.png\" alt=\"Imagem do perfil de Khari A. Thompson\"\/>\t<\/div>\n<div class=\"m-author-card__text\">\n<h3 class=\"m-author-card__title\"><a href=\"https:\/\/www.boston.com\/author\/kharia-thompson\">Khari A. Thompson<\/a><\/h3>\n<p><span class=\"m-author-card__subtitle\">Rep\u00f3rter Esportivo<\/span>\t<\/div>\n<\/header>\n<section class=\"author-info\">\n<div class=\"m-author__section\">\n<p>Khari Thompson cobre esportes profissionais para Boston.com. Antes de ingressar no time em 2022, Khari cobriu futebol universit\u00e1rio para o The Clarion Ledger em Jackson, Mississipi.<\/p>\n<\/div>\n<\/section>\n<\/div>\n<div class=\"m-block m-generic-cta\t m-generic-cta--post-content\t m-generic-cta--dark\t m-generic-cta--homepage\t m-generic-cta--email-signup\t\t m-generic-cta-block-style--default \tt-amp__generic-cta\"><\/p>\n<div class=\"m-generic-cta__wrap\">\n<div class=\"m-generic-cta__content\">\n<h3 class=\"m-generic-cta__title\">Inscreva-se para receber atualiza\u00e7\u00f5es do Celtics\ud83c\udfc0<\/h3>\n<p class=\"m-generic-cta__subtitle\">Receba as \u00faltimas not\u00edcias e an\u00e1lises em sua caixa de entrada durante a temporada de basquete.<\/p>\n<\/p><\/div>\n<\/p><\/div>\n<\/div><\/div>\n<p><script async src=\"\/\/platform.twitter.com\/widgets.js\" charset=\"utf-8\"><\/script><script>\n\t\tvar consent=\"grant\";\n\t\t\/* The above code is parsing the JSON data from the local storage and storing it in a variable. *\/\n\t\t\t\t\tconst onetrustStorageConsent = JSON.parse(localStorage.getItem( 'consent_one_trust_bdc' ) );\n\t\t\tif ( ( onetrustStorageConsent !== null ) ) {\n\t\t\t\t\/* Checking to see if the user has consented to the use of cookies.\n\t\t\t\t* If they have not, it is deleting the cookie.\n\t\t\t\t* This will comment for now, until further notice.\n\t\t\t\t*\/\n\t\t\t\t\/\/if ( onetrustStorageConsent.C0002 === false ) {\n\t\t\t\t\/\/\tdocument.cookie=\"_fbp=;expires=Thu, 01 Jan 2010 00:00:00 UTC; path=\/; domain=.boston.com\";\n\t\t\t\t\/\/}\n\t\t\t\t\/* Checking if the user has given consent for the cookie C0002.\n\t\t\t\t* If the user has given consent, the variable consent will be set to 'grant'.\n\t\t\t\t* If the user has not given consent,the variable consent will be set to 'revoke'.\n\t\t\t\t* Documentation https:\/\/developers.facebook.com\/docs\/meta-pixel\/implementation\/gdpr\n\t\t\t\t*\/\n\t\t\t\tif ( onetrustStorageConsent.C0002 !== true ) {\n\t\t\t\t\tconsent=\"revoke\";\n\t\t\t\t}\n\t\t\t}\n\t\t\t\t!function(f,b,e,v,n,t,s)\n\t\t{if(f.fbq)return;n=f.fbq=function(){n.callMethod?\n\t\tn.callMethod.apply(n,arguments):n.queue.push(arguments)};\n\t\tif(!f._fbq)f._fbq=n;n.push=n;n.loaded=!0;n.version='2.0';\n\t\tn.queue=[];t=b.createElement(e);t.async=!0;\n\t\tt.src=v;s=b.getElementsByTagName(e)[0];\n\t\ts.parentNode.insertBefore(t,s)}(window, document,'script',\n\t\t'https:\/\/connect.facebook.net\/en_US\/fbevents.js');\n\t\tfbq('consent', consent);\n\t\tfbq('init', '989222871864976');\n\t\tfbq('track', 'PageView');\n\t<\/script><script type=\"module\">\n\t\tvar consent=\"grant\";\n\t\t\/* The above code is parsing the JSON data from the local storage and storing it in a variable. *\/\n\t\t\tconst onetrustStorageConsent = JSON.parse(localStorage.getItem( 'consent_one_trust_bdc' ) );\n\t\t\t\/* Checking to see if the user has consented to the use of cookies.\n\t\t\t* If they have not, it is deleting the cookie.\n\t\t\t* This will comment for now, until further notice.\n\t\t\t*\/\n\t\t\t\/\/if ( onetrustStorageConsent.C0002 === false ) {\n\t\t\t\/\/\tdocument.cookie=\"_fbp=;expires=Thu, 01 Jan 2010 00:00:00 UTC; path=\/; domain=.boston.com\";\n\t\t\t\/\/}\n\t\t\t\/* Checking if the user has given consent for the cookie C0002.\n\t\t\t* If the user has given consent, the variable consent will be set to 'grant'.\n\t\t\t* If the user has not given consent,the variable consent will be set to 'revoke'.\n\t\t\t* Documentation https:\/\/developers.facebook.com\/docs\/meta-pixel\/implementation\/gdpr\n\t\t\t*\/\n\t\t\tif ( ( onetrustStorageConsent !== null ) && (onetrustStorageConsent.C0002 !== true ) ) {\n\t\t\t\tconsent=\"revoke\";\n\t\t\t}\n\t\t\t\t!function(f,b,e,v,n,t,s){if(f.fbq)return;n=f.fbq=function()\n\t\t{n.callMethod? n.callMethod.apply(n,arguments):n.queue.push(arguments)}\n\t\t;if(!f._fbq)f._fbq=n;\n\t\tn.push=n;n.loaded=!0;n.version='2.0';n.queue=[];t=b.createElement(e);t.async=!0;\n\t\tt.src=v;s=b.getElementsByTagName(e)[0];s.parentNode.insertBefore(t,s)}(window,\n\t\tdocument,'script','https:\/\/connect.facebook.net\/en_US\/fbevents.js');\n\t\tfbq('consent', consent);\n\t\tfbq('init', '813236348753005');\n\t\tfbq('track', \"PageView\");\n\t<\/script><br \/>\n<br \/><br \/>\n<br \/><a href=\"https:\/\/www.boston.com\/sports\/boston-celtics\/2024\/12\/06\/payton-pritchard-gilbert-arenas-podcast-quotes-reaction\/\">Source link <\/a><\/p>","protected":false},"excerpt":{"rendered":"<p>Celtas Arenas questionou por que o Celtics estava enfrentando Pritchard e Drew Peterson em um jogo no in\u00edcio da semana. Payton Pritchard Danielle Parhizkaran\/Equipe da Globo O que a hist\u00f3ria&hellip;<\/p>","protected":false},"author":1,"featured_media":72132,"comment_status":"closed","ping_status":"open","sticky":false,"template":"","format":"standard","meta":{"content-type":"","footnotes":""},"categories":[1],"tags":[],"class_list":["post-72131","post","type-post","status-publish","format-standard","has-post-thumbnail","hentry","category-uncategorized"],"_links":{"self":[{"href":"https:\/\/tvbrazilusa.com\/pt\/wp-json\/wp\/v2\/posts\/72131","targetHints":{"allow":["GET"]}}],"collection":[{"href":"https:\/\/tvbrazilusa.com\/pt\/wp-json\/wp\/v2\/posts"}],"about":[{"href":"https:\/\/tvbrazilusa.com\/pt\/wp-json\/wp\/v2\/types\/post"}],"author":[{"embeddable":true,"href":"https:\/\/tvbrazilusa.com\/pt\/wp-json\/wp\/v2\/users\/1"}],"replies":[{"embeddable":true,"href":"https:\/\/tvbrazilusa.com\/pt\/wp-json\/wp\/v2\/comments?post=72131"}],"version-history":[{"count":1,"href":"https:\/\/tvbrazilusa.com\/pt\/wp-json\/wp\/v2\/posts\/72131\/revisions"}],"predecessor-version":[{"id":72133,"href":"https:\/\/tvbrazilusa.com\/pt\/wp-json\/wp\/v2\/posts\/72131\/revisions\/72133"}],"wp:featuredmedia":[{"embeddable":true,"href":"https:\/\/tvbrazilusa.com\/pt\/wp-json\/wp\/v2\/media\/72132"}],"wp:attachment":[{"href":"https:\/\/tvbrazilusa.com\/pt\/wp-json\/wp\/v2\/media?parent=72131"}],"wp:term":[{"taxonomy":"category","embeddable":true,"href":"https:\/\/tvbrazilusa.com\/pt\/wp-json\/wp\/v2\/categories?post=72131"},{"taxonomy":"post_tag","embeddable":true,"href":"https:\/\/tvbrazilusa.com\/pt\/wp-json\/wp\/v2\/tags?post=72131"}],"curies":[{"name":"wp","href":"https:\/\/api.w.org\/{rel}","templated":true}]}}