{"id":72151,"date":"2024-12-06T22:37:56","date_gmt":"2024-12-06T22:37:56","guid":{"rendered":"https:\/\/tvbrazilusa.com\/2024\/12\/06\/segundo-avaliacao-do-o-globo-ao-perdoar-filho-por-crimes-biden-agrava-crise-em-seu-partido\/"},"modified":"2024-12-06T22:37:57","modified_gmt":"2024-12-06T22:37:57","slug":"segundo-avaliacao-do-o-globo-ao-perdoar-filho-por-crimes-biden-agrava-crise-em-seu-partido","status":"publish","type":"post","link":"https:\/\/tvbrazilusa.com\/pt\/2024\/12\/06\/segundo-avaliacao-do-o-globo-ao-perdoar-filho-por-crimes-biden-agrava-crise-em-seu-partido\/","title":{"rendered":"Segundo avalia\u00e7\u00e3o do O Globo, ao perdoar filho por crimes, Biden agrava crise em seu partido"},"content":{"rendered":"<p> <script async src=\"https:\/\/pagead2.googlesyndication.com\/pagead\/js\/adsbygoogle.js?client=ca-pub-8864793242727901\"\r\n     crossorigin=\"anonymous\"><\/script><br \/>\n<\/p>\n<div id=\"taboola-read-more\" style=\"display:block; width:100%\">\n<p>O presidente dos Estados Unidos, Joe Biden, extrapolou ao conceder, de forma plena e abrangente, perd\u00e3o ao pr\u00f3prio filho, Hunter Biden, de 54 anos, pelos crimes que cometeu. A avalia\u00e7\u00e3o \u00e9 do jornal O Globo, que responsabilizou o chefe do Executivo norte-americano por \u201cdegradar ainda mais a democracia do pa\u00eds\u201d.\n<\/p>\n<p>De acordo com o editorial de opini\u00e3o do jornal publicado nesta sexta-feira, 6, Biden tamb\u00e9m contribui, por meio da anistia, para agravar a crise deflagrada em seu partido depois da derrota de Kamala Harris para Donald Trump nas elei\u00e7\u00f5es presidenciais.<\/p>\n<p><strong>As condena\u00e7\u00f5es do filho de Joe Biden na Justi\u00e7a norte-americana<\/strong><br \/>Por diversas vezes, Biden disse que jamais usaria o poder para perdoar o filho, condenado por sonega\u00e7\u00e3o de impostos e por mentir sobre sua sobriedade na compra de uma arma. Al\u00e9m disso, a press\u00e3o externa o impedia de agir em favor do herdeiro.\n<\/p>\n<p>No entanto, antes de anunciar sua decis\u00e3o, Biden vinha recebendo total apoio dentro da fam\u00edlia, conforme o New York Times. At\u00e9 que, no domingo 1\u00ba, o presidente concedeu ao filho um perd\u00e3o in\u00e9dito por todos os seus delitos praticados entre 1\u00ba de janeiro de 2014 e 31 de dezembro de 2024.\n<\/p>\n<p>Biden alega que Hunter \u00e9 perseguido pela Justi\u00e7a unicamente por ser o seu filho. \u201c\u00c9 verdade que n\u00e3o comete ilegalidade ao usar a caneta de presidente para livr\u00e1-lo dos tribunais\u201d, analisou O Globo. \u201cNo entanto, \u00e9 evidente que n\u00e3o deveria, no cargo, agir como pai.\u201d\n<\/p>\n<p>Fonte: Revista Oeste              <\/p>\n<\/div>\n<p><br \/>\n<br \/><a href=\"https:\/\/diariodobrasilnoticias.com.br\/noticia\/segundo-avaliacao-do-o-globo-ao-perdoar-filho-por-crimes-biden-agrava-crise-em-seu-partido-67535ef628884\">Source link <\/a><\/p>","protected":false},"excerpt":{"rendered":"<p>O presidente dos Estados Unidos, Joe Biden, extrapolou ao conceder, de forma plena e abrangente, perd\u00e3o ao pr\u00f3prio filho, Hunter Biden, de 54 anos, pelos crimes que cometeu. A avalia\u00e7\u00e3o&hellip;<\/p>","protected":false},"author":1,"featured_media":72152,"comment_status":"closed","ping_status":"open","sticky":false,"template":"","format":"standard","meta":{"content-type":"","footnotes":""},"categories":[16],"tags":[123,2448,5313,1267],"class_list":["post-72151","post","type-post","status-publish","format-standard","has-post-thumbnail","hentry","category-noticias","tag-brasil","tag-diario","tag-noticia","tag-noticias"],"_links":{"self":[{"href":"https:\/\/tvbrazilusa.com\/pt\/wp-json\/wp\/v2\/posts\/72151","targetHints":{"allow":["GET"]}}],"collection":[{"href":"https:\/\/tvbrazilusa.com\/pt\/wp-json\/wp\/v2\/posts"}],"about":[{"href":"https:\/\/tvbrazilusa.com\/pt\/wp-json\/wp\/v2\/types\/post"}],"author":[{"embeddable":true,"href":"https:\/\/tvbrazilusa.com\/pt\/wp-json\/wp\/v2\/users\/1"}],"replies":[{"embeddable":true,"href":"https:\/\/tvbrazilusa.com\/pt\/wp-json\/wp\/v2\/comments?post=72151"}],"version-history":[{"count":1,"href":"https:\/\/tvbrazilusa.com\/pt\/wp-json\/wp\/v2\/posts\/72151\/revisions"}],"predecessor-version":[{"id":72153,"href":"https:\/\/tvbrazilusa.com\/pt\/wp-json\/wp\/v2\/posts\/72151\/revisions\/72153"}],"wp:featuredmedia":[{"embeddable":true,"href":"https:\/\/tvbrazilusa.com\/pt\/wp-json\/wp\/v2\/media\/72152"}],"wp:attachment":[{"href":"https:\/\/tvbrazilusa.com\/pt\/wp-json\/wp\/v2\/media?parent=72151"}],"wp:term":[{"taxonomy":"category","embeddable":true,"href":"https:\/\/tvbrazilusa.com\/pt\/wp-json\/wp\/v2\/categories?post=72151"},{"taxonomy":"post_tag","embeddable":true,"href":"https:\/\/tvbrazilusa.com\/pt\/wp-json\/wp\/v2\/tags?post=72151"}],"curies":[{"name":"wp","href":"https:\/\/api.w.org\/{rel}","templated":true}]}}