{"id":72171,"date":"2024-12-06T23:07:58","date_gmt":"2024-12-06T23:07:58","guid":{"rendered":"https:\/\/tvbrazilusa.com\/2024\/12\/06\/apos-tumulto-no-aviao-mae-da-crianca-se-pronuncia-pela-primeira-vez\/"},"modified":"2024-12-06T23:08:00","modified_gmt":"2024-12-06T23:08:00","slug":"apos-tumulto-no-aviao-mae-da-crianca-se-pronuncia-pela-primeira-vez","status":"publish","type":"post","link":"https:\/\/tvbrazilusa.com\/pt\/2024\/12\/06\/apos-tumulto-no-aviao-mae-da-crianca-se-pronuncia-pela-primeira-vez\/","title":{"rendered":"Ap\u00f3s tumulto no avi\u00e3o, m\u00e3e da crian\u00e7a se pronuncia pela primeira vez"},"content":{"rendered":"<p> <script async src=\"https:\/\/pagead2.googlesyndication.com\/pagead\/js\/adsbygoogle.js?client=ca-pub-8864793242727901\"\r\n     crossorigin=\"anonymous\"><\/script><br \/>\n<\/p>\n<div id=\"taboola-read-more\" style=\"display:block; width:100%\">\n<p>A mulher, que brigou com uma passageira que se recusou a ceder o o assento perto da janela em um avi\u00e3o, se manifestou sobre o caso. Identificada como Aline, ela exp\u00f4s sua vers\u00e3o do ocorrido.\n<\/p>\n<p>A confus\u00e3o ocorreu, porque uma jovem chamada Jeniffer Castro n\u00e3o quis trocar de lugar para que o filho de Aline ficasse na poltrona da janela da aeronave.<\/p>\n<p>A m\u00e3e da crian\u00e7a destacou que n\u00e3o gravou o v\u00eddeo. As informa\u00e7\u00f5es s\u00e3o do portal Leo Dias, que falou com Aline.\n<\/p>\n<p>\u2013 Quero deixar claro que, em nenhum momento, eu pedi, nem me direcionei \u00e0 Jeniffer. Ela sabe disso, ela sabe que n\u00e3o fui eu que gravei o v\u00eddeo. Ningu\u00e9m da fam\u00edlia gravou v\u00eddeo, porque o que aconteceu foi o seguinte: Estava viajando eu, Arthur, que acabou de fazer 4 anos. O que n\u00e3o justifica ele fazer birra, mas \u00e9 uma crian\u00e7a como qualquer outra crian\u00e7a dessa idade, que em algumas situa\u00e7\u00f5es vai se comportar de maneira inadequada. A gente tem que corrigir, e foi o que qualquer pessoa no voo, passageiros e comiss\u00e1rios de bordo, presenciaram. Ela foi insultada, mas jamais por ningu\u00e9m da minha fam\u00edlia, e sim por uma senhora que estava vestindo uma camisa de uma ONG, que eu n\u00e3o vou divulgar, porque n\u00e3o achei que a atitude dela foi correta \u2013 contou.\n<\/p>\n<p>Ela explicou que a confus\u00e3o come\u00e7ou com seu filho mais velho, que \u00e9 cadeirante e teve um problema com o assento atribu\u00eddo pela companhia a\u00e9rea.\n<\/p>\n<p>\u2013 Eu sou m\u00e3e de tr\u00eas filhos. Meu filho mais velho, que \u00e9 cadeirante, teve uma troca de assento. Eu j\u00e1 estava nervosa porque ele foi constrangido pela Gol, que deu a ele o assento 21. O nosso assento era do 21B ao 21F, incluindo uma janela. Quando voltei, resolvi a situa\u00e7\u00e3o com a empresa e fui conferir os assentos. Falei para minha sogra que Arthur estava tirando foto na janela, achando que aquele era o assento dele. Quando conferi, falei: \u201cGente, essa janela \u00e9 de outro passageiro. Quando esse passageiro chegar, o Arthur tem que sentar na 21F\u201d, que era o assento onde minha outra filha, que est\u00e1 no v\u00eddeo ao lado da Jennifer, estava. J\u00e1 falaram que ela que filmou, mas n\u00e3o foi. Minha filha tem 11 anos, estava sentada ao lado da Jennifer, sem condi\u00e7\u00f5es de filmar nada.\n<\/p>\n<p>Aline disse ainda que n\u00e3o viu o momento em que outra passageira filmou e insultou Jeniffer, pois estava acalmando o filho.\n<\/p>\n<p>\u2013 Eu n\u00e3o vi grava\u00e7\u00e3o de v\u00eddeo nenhum. Eu estava tentando fazer com que Arthur colocasse o cinto e parasse de chorar, porque sei como \u00e9 irritante uma crian\u00e7a chorando. Quem ficou incomodado com a atitude da Jennifer n\u00e3o fui eu \u2013 relatou.\n<\/p>\n<p>A mulher disse que comprou assento para seu filho na janela, mas ele queria sentar ao lado da av\u00f3.\n<\/p>\n<p>\u2013 Quando a Jennifer chegou, um passageiro sugeriu que ela trocasse de lugar para que Arthur ficasse ao lado da av\u00f3. No direito dela, ela preferiu ficar no assento dela. Eu imediatamente retirei o Arthur e o coloquei ao meu lado na outra janela, porque, como est\u00e3o dizendo, \u201ca m\u00e3e deveria comprar um assento para a crian\u00e7a\u201d, mas ele tinha um assento na janela e n\u00e3o queria ficar na minha. Ele queria estar perto da av\u00f3.\n<\/p>\n<p>Segundo Aline, o filho acreditava que o lugar em que Jennifer estava, era o dele.\n<\/p>\n<p>\u2013 Na cabe\u00e7a dele, ele achou que o lugar era dele. E eu expliquei para ele o tempo todo, mas ele continua dizendo que \u201ca mo\u00e7a pegou o meu lugar\u201d, porque pensou que aquele assento era o dele. (\u2026) Os passageiros ofereceram outros lugares tanto para a Jennifer quanto para o Arthur, mas ele insistia em querer o assento dela, porque a av\u00f3 estava perto. Ao longo da situa\u00e7\u00e3o, expliquei v\u00e1rias vezes que aquele n\u00e3o era o assento dele, corrigi o comportamento dele. Ele, inclusive, se machucou um pouco ao tentar se debater para voltar ao lugar que achava ser dele. Eu estava sempre dizendo que o assento era da mo\u00e7a e que o assento dele estava em outro lugar \u2013 explicou.\n<\/p>\n<p>Por fim, ela apontou que o caso foi mal interpretado.\n<\/p>\n<p>Fonte: Pleno News              <\/p>\n<\/div>\n<p><br \/>\n<br \/><a href=\"https:\/\/diariodobrasilnoticias.com.br\/noticia\/apos-tumulto-no-aviao-mae-da-crianca-se-pronuncia-pela-primeira-vez-67535ff0cbac9\">Source link <\/a><\/p>","protected":false},"excerpt":{"rendered":"<p>A mulher, que brigou com uma passageira que se recusou a ceder o o assento perto da janela em um avi\u00e3o, se manifestou sobre o caso. Identificada como Aline, ela&hellip;<\/p>","protected":false},"author":1,"featured_media":72172,"comment_status":"closed","ping_status":"open","sticky":false,"template":"","format":"standard","meta":{"content-type":"","footnotes":""},"categories":[16],"tags":[123,2448,5313,1267],"class_list":["post-72171","post","type-post","status-publish","format-standard","has-post-thumbnail","hentry","category-noticias","tag-brasil","tag-diario","tag-noticia","tag-noticias"],"_links":{"self":[{"href":"https:\/\/tvbrazilusa.com\/pt\/wp-json\/wp\/v2\/posts\/72171","targetHints":{"allow":["GET"]}}],"collection":[{"href":"https:\/\/tvbrazilusa.com\/pt\/wp-json\/wp\/v2\/posts"}],"about":[{"href":"https:\/\/tvbrazilusa.com\/pt\/wp-json\/wp\/v2\/types\/post"}],"author":[{"embeddable":true,"href":"https:\/\/tvbrazilusa.com\/pt\/wp-json\/wp\/v2\/users\/1"}],"replies":[{"embeddable":true,"href":"https:\/\/tvbrazilusa.com\/pt\/wp-json\/wp\/v2\/comments?post=72171"}],"version-history":[{"count":1,"href":"https:\/\/tvbrazilusa.com\/pt\/wp-json\/wp\/v2\/posts\/72171\/revisions"}],"predecessor-version":[{"id":72173,"href":"https:\/\/tvbrazilusa.com\/pt\/wp-json\/wp\/v2\/posts\/72171\/revisions\/72173"}],"wp:featuredmedia":[{"embeddable":true,"href":"https:\/\/tvbrazilusa.com\/pt\/wp-json\/wp\/v2\/media\/72172"}],"wp:attachment":[{"href":"https:\/\/tvbrazilusa.com\/pt\/wp-json\/wp\/v2\/media?parent=72171"}],"wp:term":[{"taxonomy":"category","embeddable":true,"href":"https:\/\/tvbrazilusa.com\/pt\/wp-json\/wp\/v2\/categories?post=72171"},{"taxonomy":"post_tag","embeddable":true,"href":"https:\/\/tvbrazilusa.com\/pt\/wp-json\/wp\/v2\/tags?post=72171"}],"curies":[{"name":"wp","href":"https:\/\/api.w.org\/{rel}","templated":true}]}}