{"id":72177,"date":"2024-12-06T23:20:21","date_gmt":"2024-12-06T23:20:21","guid":{"rendered":"https:\/\/tvbrazilusa.com\/2024\/12\/06\/industriais-consideram-o-acordo-mercosul-ue-uma-oportunidade-historica\/"},"modified":"2024-12-06T23:20:22","modified_gmt":"2024-12-06T23:20:22","slug":"industriais-consideram-o-acordo-mercosul-ue-uma-oportunidade-historica","status":"publish","type":"post","link":"https:\/\/tvbrazilusa.com\/pt\/2024\/12\/06\/industriais-consideram-o-acordo-mercosul-ue-uma-oportunidade-historica\/","title":{"rendered":"Industriais consideram o acordo Mercosul-UE uma &#8216;oportunidade hist\u00f3rica&#8217;"},"content":{"rendered":"<p> <script async src=\"https:\/\/pagead2.googlesyndication.com\/pagead\/js\/adsbygoogle.js?client=ca-pub-8864793242727901\"\r\n     crossorigin=\"anonymous\"><\/script><br \/>\n<\/p>\n<div id=\"taboola-read-more\" style=\"display:block; width:100%\">\n<p>Oportunidade hist\u00f3rica. \u00c9 assim que os industriais avaliam o acordo de Associa\u00e7\u00e3o Mercosul-Uni\u00e3o Europeia, conclu\u00eddo nesta sexta-feira (6\/12). Para eles, \u00e9 uma resposta efetiva ao desafio de agregar mais valor \u00e0 pauta comercial brasileira em paralelo a uma pol\u00edtica de moderniza\u00e7\u00e3o e evolu\u00e7\u00e3o industrial do pa\u00eds.\n<\/p>\n<p>Em nota, a Confedera\u00e7\u00e3o Nacional da Ind\u00fastria (CNI) refor\u00e7a que ao estabelecer uma das maiores \u00e1reas de integra\u00e7\u00e3o econ\u00f4mica do mundo, abrangendo um mercado de mais de 750 milh\u00f5es de consumidores, com participa\u00e7\u00e3o de 17% da economia global e 30% das exporta\u00e7\u00f5es mundiais de bens, \u201co acordo criar\u00e1 bases para integrar a economia brasileira a cadeias de valor de forma mais robusta e competitiva\u201d.<\/p>\n<p>Para a entidade, o acordo traz como potenciais benef\u00edcios a diversifica\u00e7\u00e3o das exporta\u00e7\u00f5es, a amplia\u00e7\u00e3o da base de parceiros comerciais e o fortalecimento da competitividade do Brasil em n\u00edvel global. \u201cNegociado com foco em princ\u00edpios de equil\u00edbrio e sustentabilidade, o acordo tem potencial de impulsionar a produtividade e ampliar a integra\u00e7\u00e3o internacional da ind\u00fastria brasileira, promovendo ganhos econ\u00f4micos e sociais de longo prazo\u201d, diz a nota.\n<\/p>\n<p>O presidente da CNI, Ricardo Alban, destaca que o acordo \u00e9 um marco estrat\u00e9gico para o Brasil, por conectar a economia brasileira a um dos principais blocos econ\u00f4micos do mundo, criando oportunidades para agregar valor \u00e0 pauta exportadora e fortalecer a ind\u00fastria do pa\u00eds contribuindo para um crescimento econ\u00f4mico.\n<\/p>\n<p>\u201cAl\u00e9m de diversificar nossas exporta\u00e7\u00f5es e ampliar a base de parceiros comerciais, elevando o acesso preferencial brasileiro ao mercado mundial de 8% para 37%, o acordo trar\u00e1 uma inser\u00e7\u00e3o internacional alinhada com a agenda de crescimento inclusivo e sustent\u00e1vel, o que \u00e9 essencial para garantir ganhos econ\u00f4micos e sociais de longo prazo, e refor\u00e7ar a competitividade global do Brasil\u201d, afirma Alban.\n<\/p>\n<p>Segundo os industriais, o acordo representar\u00e1 um passo importante para reverter o processo de reprimariza\u00e7\u00e3o das exporta\u00e7\u00f5es nacionais. Com a abertura do mercado europeu, aproximadamente 97% das exporta\u00e7\u00f5es industriais brasileiras ao bloco ter\u00e3o tarifa zero assim que o acordo entrar em vigor.\n<\/p>\n<p>A medida deve incentivar a ind\u00fastria do Brasil a exportar bens de maior valor agregado para um mercado altamente competitivo, com um PIB per capita de US$ 40,8 mil, fortalecendo a presen\u00e7a do pa\u00eds em cadeias globais de valor e promovendo a diversifica\u00e7\u00e3o da pauta exportadora.\n<\/p>\n<p>Outro impacto relevante est\u00e1 na cria\u00e7\u00e3o de empregos. Em 2023, a cada 1 bilh\u00e3o de reais exportado para o bloco europeu, foram criados 21,7 mil empregos, superando mercados como o chin\u00eas, que abriu 14,4 mil empregos por bilh\u00e3o de reais exportado.\n<\/p>\n<p>Para a CNI, o acordo entre Mercosul e Uni\u00e3o Europeia representa uma oportunidade hist\u00f3rica para reposicionar o Brasil no com\u00e9rcio global, estimulando a produtividade e a competitividade da ind\u00fastria de maneira sustent\u00e1vel.\n<\/p>\n<p>A avalia\u00e7\u00e3o \u00e9 a mesma de Rafael Cervone, presidente do Centro das Ind\u00fastrias do Estado de S\u00e3o Paulo (Ciesp) e primeiro vice-presidente da Federa\u00e7\u00e3o das Ind\u00fastrias do Estado de S\u00e3o Paulo (Fiesp).\n<\/p>\n<p>\u201cO acordo entre o Mercosul e a Uni\u00e3o Europeia, cuja conclus\u00e3o foi anunciada nesta sexta-feira (6\/12), representa um marco significativo para a ind\u00fastria brasileira, oferecendo uma s\u00e9rie de oportunidades para fortalecer a presen\u00e7a de nosso pa\u00eds no com\u00e9rcio internacional e aumentar sua competitividade global\u201d, avalia\n<\/p>\n<p>Segundo ele, a abertura do mercado europeu, que representa uma das economias mais robustas do mundo, permitir\u00e1 ao Brasil fortalecer sua presen\u00e7a nas cadeias globais de valor.\n<\/p>\n<p>\u201cCom isso, nosso pa\u00eds reduz a depend\u00eancia de poucos mercados, aumentando sua resili\u00eancia econ\u00f4mica frente a crises e volatilidades globais. Isso \u00e9 crucial para garantir maior estabilidade e sustentabilidade no crescimento econ\u00f4mico do Brasil, ao mesmo tempo em que fortalece a competitividade de nossa ind\u00fastria\u201d, conclui.\n<\/p>\n<p>Para a Federa\u00e7\u00e3o das Ind\u00fastrias do Estado do Rio de Janeiro (Firjan), a conclus\u00e3o das negocia\u00e7\u00f5es \u00e9 um importante passo para garantir amplia\u00e7\u00e3o do papel estrat\u00e9gico brasileiro. Em nota, a entidade refor\u00e7a que estima-se que o Acordo aumentaria os investimentos estrangeiros no Brasil em 1,5%, segundo dados do IPEA.\n<\/p>\n<p>\u201cO IPEA tamb\u00e9m apresentou dados de que, at\u00e9 2040, o PIB do pa\u00eds poder\u00e1 crescer aproximadamente US$ 9,3 bilh\u00f5es, mais do que a previs\u00e3o de aumento nos pa\u00edses vizinhos. Por sua vez, os ganhos na balan\u00e7a comercial, consequ\u00eancia do livre com\u00e9rcio entre o Mercosul e a UE, seriam de cerca de US$ 300 milh\u00f5es\u201d, diz a nota.\n<\/p>\n<p>Fonte: Metr\u00f3poles              <\/p>\n<\/div>\n<p><br \/>\n<br \/><a href=\"https:\/\/diariodobrasilnoticias.com.br\/noticia\/industriais-consideram-o-acordo-mercosul-ue-uma-oportunidade-historica-675372b27a8af\">Source link <\/a><\/p>","protected":false},"excerpt":{"rendered":"<p>Oportunidade hist\u00f3rica. \u00c9 assim que os industriais avaliam o acordo de Associa\u00e7\u00e3o Mercosul-Uni\u00e3o Europeia, conclu\u00eddo nesta sexta-feira (6\/12). Para eles, \u00e9 uma resposta efetiva ao desafio de agregar mais valor&hellip;<\/p>","protected":false},"author":1,"featured_media":72178,"comment_status":"closed","ping_status":"open","sticky":false,"template":"","format":"standard","meta":{"content-type":"","footnotes":""},"categories":[16],"tags":[123,2448,5313,1267],"class_list":["post-72177","post","type-post","status-publish","format-standard","has-post-thumbnail","hentry","category-noticias","tag-brasil","tag-diario","tag-noticia","tag-noticias"],"_links":{"self":[{"href":"https:\/\/tvbrazilusa.com\/pt\/wp-json\/wp\/v2\/posts\/72177","targetHints":{"allow":["GET"]}}],"collection":[{"href":"https:\/\/tvbrazilusa.com\/pt\/wp-json\/wp\/v2\/posts"}],"about":[{"href":"https:\/\/tvbrazilusa.com\/pt\/wp-json\/wp\/v2\/types\/post"}],"author":[{"embeddable":true,"href":"https:\/\/tvbrazilusa.com\/pt\/wp-json\/wp\/v2\/users\/1"}],"replies":[{"embeddable":true,"href":"https:\/\/tvbrazilusa.com\/pt\/wp-json\/wp\/v2\/comments?post=72177"}],"version-history":[{"count":1,"href":"https:\/\/tvbrazilusa.com\/pt\/wp-json\/wp\/v2\/posts\/72177\/revisions"}],"predecessor-version":[{"id":72179,"href":"https:\/\/tvbrazilusa.com\/pt\/wp-json\/wp\/v2\/posts\/72177\/revisions\/72179"}],"wp:featuredmedia":[{"embeddable":true,"href":"https:\/\/tvbrazilusa.com\/pt\/wp-json\/wp\/v2\/media\/72178"}],"wp:attachment":[{"href":"https:\/\/tvbrazilusa.com\/pt\/wp-json\/wp\/v2\/media?parent=72177"}],"wp:term":[{"taxonomy":"category","embeddable":true,"href":"https:\/\/tvbrazilusa.com\/pt\/wp-json\/wp\/v2\/categories?post=72177"},{"taxonomy":"post_tag","embeddable":true,"href":"https:\/\/tvbrazilusa.com\/pt\/wp-json\/wp\/v2\/tags?post=72177"}],"curies":[{"name":"wp","href":"https:\/\/api.w.org\/{rel}","templated":true}]}}