{"id":72204,"date":"2024-12-07T00:38:45","date_gmt":"2024-12-07T00:38:45","guid":{"rendered":"https:\/\/tvbrazilusa.com\/2024\/12\/07\/supermercado-deixa-o-brasil-e-encerra-suas-atividades-apos-tres-anos\/"},"modified":"2024-12-07T00:38:46","modified_gmt":"2024-12-07T00:38:46","slug":"supermercado-deixa-o-brasil-e-encerra-suas-atividades-apos-tres-anos","status":"publish","type":"post","link":"https:\/\/tvbrazilusa.com\/pt\/2024\/12\/07\/supermercado-deixa-o-brasil-e-encerra-suas-atividades-apos-tres-anos\/","title":{"rendered":"Supermercado deixa o Brasil e encerra suas atividades ap\u00f3s tr\u00eas anos"},"content":{"rendered":"<p> <script async src=\"https:\/\/pagead2.googlesyndication.com\/pagead\/js\/adsbygoogle.js?client=ca-pub-8864793242727901\"\r\n     crossorigin=\"anonymous\"><\/script><br \/>\n<\/p>\n<div>\n<figure class=\"post-image\">\n<\/figure>\n<p>            <span style=\"font-size: 12px\">Foto: Canva Mockups<\/span><\/p>\n<p>            <!-- end metas --><br \/>\n            <!-- ADS --><\/p>\n<div id=\"taboola-read-more\" style=\"display:block; width:100%\">\n<p>Com apenas tr\u00eas anos de atua\u00e7\u00e3o no Brasil, o supermercado digital Justo, criado por uma startup mexicana, resolveu encerrar suas atividades no pa\u00eds. A partir deste s\u00e1bado (7), os clientes brasileiros n\u00e3o ter\u00e3o mais acesso ao aplicativo de compras.\n<\/p>\n<p>O an\u00fancio foi feito pelas redes sociais da marca, com um agradecimento aos clientes que apoiaram o Justo ao longo desses anos.<\/p>\n<p>Obrigado, Brasil! Ap\u00f3s uma jornada incr\u00edvel, anunciamos o encerramento das opera\u00e7\u00f5es do Supermercado Justo no Brasil a partir do dia 7\/12. Foi uma honra fazer parte do seu dia a dia, entregando praticidade e economia de tempo. Seguimos orgulhosos do impacto que criamos juntos \u2013 diz a publica\u00e7\u00e3o.\n<\/p>\n<p>A marca anunciou tamb\u00e9m que a data limite de compras \u00e9 esta sexta-feira (6), a partir deste dia n\u00e3o ser\u00e1 mais poss\u00edvel fazer compras no aplicativo.\n<\/p>\n<p>Fonte: Pleno News              <\/p>\n<\/div>\n<p>                        <!-- Scripts para conteudo --><\/p>\n<p>            <!-- .\/Scripts para conteudo --><br \/>\n            <!-- .\/Mat\u00e9ria --><\/p>\n<div class=\"row mt-3\">\n<div class=\"col-sm-6\">\n                <!-- Whatsapp channel 3--><br \/>\n                <a href=\"https:\/\/chat.whatsapp.com\/J6hwSKYns5B0XFowx2wZ0P\" target=\"_blank\"><br \/>\n                  <img decoding=\"async\" src=\"https:\/\/diariodobrasilnoticias.com.br\/assets-site\/images\/bot_whatsapp.png\"\/><\/a>\n              <\/div>\n<div class=\"col-sm-6\">\n                <a href=\"https:\/\/t.me\/+_4gTmi5LKo03OTM5\" target=\"_blank\"><br \/>\n                  <img decoding=\"async\" src=\"https:\/\/diariodobrasilnoticias.com.br\/assets-site\/images\/bot_telegram.png\"\/><\/a>\n              <\/div>\n<\/p><\/div>\n<p>            <!-- end post-navigation --><\/p>\n<p>              <!-- end row --><\/p>\n<p>              <!-- end col-12-->\n                      <\/div>\n<p><br \/>\n<br \/><a href=\"https:\/\/diariodobrasilnoticias.com.br\/noticia\/supermercado-deixa-o-brasil-e-encerra-suas-atividades-apos-tres-anos-675386032f7a2\">Source link <\/a><\/p>","protected":false},"excerpt":{"rendered":"<p>Foto: Canva Mockups Com apenas tr\u00eas anos de atua\u00e7\u00e3o no Brasil, o supermercado digital Justo, criado por uma startup mexicana, resolveu encerrar suas atividades no pa\u00eds. A partir deste s\u00e1bado&hellip;<\/p>","protected":false},"author":1,"featured_media":72205,"comment_status":"closed","ping_status":"open","sticky":false,"template":"","format":"standard","meta":{"content-type":"","footnotes":""},"categories":[16],"tags":[123,2448,5313,1267],"class_list":["post-72204","post","type-post","status-publish","format-standard","has-post-thumbnail","hentry","category-noticias","tag-brasil","tag-diario","tag-noticia","tag-noticias"],"_links":{"self":[{"href":"https:\/\/tvbrazilusa.com\/pt\/wp-json\/wp\/v2\/posts\/72204","targetHints":{"allow":["GET"]}}],"collection":[{"href":"https:\/\/tvbrazilusa.com\/pt\/wp-json\/wp\/v2\/posts"}],"about":[{"href":"https:\/\/tvbrazilusa.com\/pt\/wp-json\/wp\/v2\/types\/post"}],"author":[{"embeddable":true,"href":"https:\/\/tvbrazilusa.com\/pt\/wp-json\/wp\/v2\/users\/1"}],"replies":[{"embeddable":true,"href":"https:\/\/tvbrazilusa.com\/pt\/wp-json\/wp\/v2\/comments?post=72204"}],"version-history":[{"count":1,"href":"https:\/\/tvbrazilusa.com\/pt\/wp-json\/wp\/v2\/posts\/72204\/revisions"}],"predecessor-version":[{"id":72206,"href":"https:\/\/tvbrazilusa.com\/pt\/wp-json\/wp\/v2\/posts\/72204\/revisions\/72206"}],"wp:featuredmedia":[{"embeddable":true,"href":"https:\/\/tvbrazilusa.com\/pt\/wp-json\/wp\/v2\/media\/72205"}],"wp:attachment":[{"href":"https:\/\/tvbrazilusa.com\/pt\/wp-json\/wp\/v2\/media?parent=72204"}],"wp:term":[{"taxonomy":"category","embeddable":true,"href":"https:\/\/tvbrazilusa.com\/pt\/wp-json\/wp\/v2\/categories?post=72204"},{"taxonomy":"post_tag","embeddable":true,"href":"https:\/\/tvbrazilusa.com\/pt\/wp-json\/wp\/v2\/tags?post=72204"}],"curies":[{"name":"wp","href":"https:\/\/api.w.org\/{rel}","templated":true}]}}