{"id":72210,"date":"2024-12-07T00:36:48","date_gmt":"2024-12-07T00:36:48","guid":{"rendered":"https:\/\/tvbrazilusa.com\/2024\/12\/07\/bill-belichick-unc-supostamente-discutiu-o-plano-de-sucessao-de-hc-envolvendo-o-filho-steve-belichick\/"},"modified":"2024-12-07T00:44:00","modified_gmt":"2024-12-07T00:44:00","slug":"bill-belichick-unc-supostamente-discutiu-o-plano-de-sucessao-de-hc-envolvendo-o-filho-steve-belichick","status":"publish","type":"post","link":"https:\/\/tvbrazilusa.com\/pt\/2024\/12\/07\/bill-belichick-unc-supostamente-discutiu-o-plano-de-sucessao-de-hc-envolvendo-o-filho-steve-belichick\/","title":{"rendered":"Bill Belichick, UNC supostamente discutiu o plano de sucess\u00e3o de HC envolvendo o filho Steve Belichick"},"content":{"rendered":"<p> <script async src=\"https:\/\/pagead2.googlesyndication.com\/pagead\/js\/adsbygoogle.js?client=ca-pub-8864793242727901\"\r\n     crossorigin=\"anonymous\"><\/script><br \/>\n<\/p>\n<div id=\"\">\n<header class=\"m-article-header m-article-header--standard\">\n\t\t\t\t\t\t\t\t\t\t\t\t<span id=\"article-header-primary-term\"><br \/>\n\t\t\t\t\t\t\t\t<a class=\"a-term a-term--primary\" href=\"https:\/\/www.boston.com\/tag\/college-sports\/\"><\/p>\n<p>\t\t\t\t\t\t\t\tEsportes universit\u00e1rios\t\t\t\t\t\t\t\t<\/a><br \/>\n\t\t\t\t\t\t\t<\/span><\/p>\n<h2 class=\"m-article-header__sub-headline\">Se for contratado pela Universidade da Carolina do Norte, o Belichick mais velho supostamente quer uma \u201cgarantia\u201d de que seu filho ser\u00e1 seu herdeiro no programa.<\/h2>\n<figure class=\"a-photo m-article-header__photo\"><figcaption class=\"a-photo__caption\">\n<p>\tBill Belichick parece determinado a treinar futebol em 2025, independentemente do n\u00edvel.<em> Matthew J. Lee\/Equipe da Globo<\/em>\t<\/figcaption><\/figure>\n<\/header>\n<p>J\u00e1 foi <a href=\"https:\/\/www.boston.com\/sports\/new-england-patriots\/2024\/07\/17\/bill-belichick-nfl-head-coach-report-2025\/\" target=\"_blank\" rel=\"noreferrer noopener\">amplamente divulgado<\/a> que Bill Belichick quer voltar \u00e0 linha lateral com fones de ouvido na pr\u00f3xima temporada de futebol.<\/p>\n<p>O jogador de 72 anos est\u00e1 discutindo detalhes mais sutis com a Universidade da Carolina do Norte sobre o cargo vago de treinador principal do programa de futebol, de acordo com Ollie Connolly, do <em>O Guardi\u00e3o<\/em>. <\/p>\n<p>Saindo <a href=\"https:\/\/www.boston.com\/sports\/new-england-patriots\/2024\/12\/05\/bill-belichick-unc-north-carolina-college-football-coaching-vacancy\/\" target=\"_blank\" rel=\"noreferrer noopener\">relat\u00f3rios iniciais na quinta-feira<\/a> que os lados conduziram uma entrevista ap\u00f3s a demiss\u00e3o do ex-HC Mack Brown, Belichick teria negociado um plano de sucess\u00e3o caso fosse contratado pela UNC. <\/p>\n<p>De acordo com Connolly, o ex-t\u00e9cnico principal e gerente geral do Patriots quer \u201cuma garantia de que Stephen Belichick ser\u00e1 nomeado o treinador da escola em espera\u201d. A UNC aparentemente concordaria com o plano de tornar o filho de Belichick o herdeiro do treinador principal. <\/p>\n<p><a href=\"https:\/\/www.boston.com\/sports\/new-england-patriots\/2024\/08\/02\/steve-belichick-bill-belichick-patriots-washington-huskies-coaching\/\" target=\"_blank\" rel=\"noreferrer noopener\">Steve Belichick<\/a> terminou recentemente sua primeira temporada como coordenador defensivo da Universidade de Washington. O Belichick mais jovem treinou posi\u00e7\u00f5es defensivas sob o comando de seu pai na Nova Inglaterra, come\u00e7ando em 2012, at\u00e9 que os Patriots e o Belichick mais velho se separaram mutuamente no in\u00edcio deste ano. <\/p>\n<figure class=\"wp-block-embed is-type-rich is-provider-twitter wp-block-embed-twitter\">\n<div class=\"wp-block-embed__wrapper\">\n<blockquote class=\"twitter-tweet\" data-width=\"500\" data-dnt=\"true\">\n<p lang=\"en\" dir=\"ltr\">Segundo fontes, disseram-me que as negocia\u00e7\u00f5es de Bill Belichick com a Carolina do Norte incluem uma garantia de que Stephen Belichick ser\u00e1 nomeado treinador principal da escola na espera. A UNC est\u00e1 aberta a essa garantia. As discuss\u00f5es n\u00e3o s\u00e3o uma tentativa de obter vantagem nas ofertas da NFL e o BB est\u00e1 aberto a essa mudan\u00e7a<\/p>\n<p>-Ollie Connolly (@OllieConnolly) <a href=\"https:\/\/twitter.com\/OllieConnolly\/status\/1865122110189760587?ref_src=twsrc%5Etfw\">6 de dezembro de 2024<\/a><\/p><\/blockquote>\n<\/div>\n<\/figure>\n<p>Al\u00e9m disso, Belichick estaria inclinado a contratar o assistente t\u00e9cnico de longa data Matt Patricia, bem como o coordenador de passes do Houston Texans, Ben McDaniels, de acordo com Connolly. Patricia ocupou v\u00e1rios cargos secund\u00e1rios sob o comando de Belichick na Nova Inglaterra entre 2004-22. Mais recentemente, ele ocupou o cargo de assistente defensivo s\u00eanior do Philadelphia Eagles na temporada passada e atualmente \u00e9 co-apresentador do podcast de Belichick, <a href=\"https:\/\/www.youtube.com\/@TheCoachShow\" target=\"_blank\" rel=\"noreferrer noopener\">\u201cTreinador com Bill Belichick,\u201d<\/a> com Underdog Fantasy. <\/p>\n<p>McDaniels \u00e9 irm\u00e3o do ex-coordenador ofensivo do Patriots, Josh McDaniels, conforme observado por Connolly.<\/p>\n<p>Belichick tamb\u00e9m selecionaria um GM para cuidar do recrutamento do programa e dos neg\u00f3cios NIL, se contratado.<\/p>\n<figure class=\"wp-block-embed is-type-rich is-provider-twitter wp-block-embed-twitter\">\n<div class=\"wp-block-embed__wrapper\">\n<blockquote class=\"twitter-tweet\" data-width=\"500\" data-dnt=\"true\">\n<p lang=\"en\" dir=\"ltr\">Qualquer equipe em potencial incluiria Matt Patricia, Ben McDaniels (coordenador de jogos de passes texanos e irm\u00e3o de Josh McDaniels), bem como um GM universit\u00e1rio em exerc\u00edcio que cuidaria das opera\u00e7\u00f5es gerais &#8211; NIL, recrutamento, etc.<\/p>\n<p>-Ollie Connolly (@OllieConnolly) <a href=\"https:\/\/twitter.com\/OllieConnolly\/status\/1865123002544742836?ref_src=twsrc%5Etfw\">6 de dezembro de 2024<\/a><\/p><\/blockquote>\n<\/div>\n<\/figure>\n<p>Apesar do Monday Morning Quarterback <a href=\"https:\/\/www.boston.com\/sports\/morning-sports-update\/2024\/12\/06\/bill-belichick-unc-head-coach-interview\/\" target=\"_blank\" rel=\"noreferrer noopener\">Reportagem de Albert Breer<\/a> que \u201co cen\u00e1rio mais prov\u00e1vel\u201d para Belichick \u00e9 treinar na NFL em 2025, Connolly relatou que ele \u201cest\u00e1 aberto \u00e0 mudan\u00e7a\u201d e n\u00e3o est\u00e1 usando esta entrevista na faculdade para \u201cganhar vantagem\u201d para um show na NFL. <\/p>\n<p><a href=\"https:\/\/x.com\/OllieConnolly\/status\/1865124782942965800\" target=\"_blank\" rel=\"noreferrer noopener\">Connolly notou<\/a> que \u201ca prefer\u00eancia de Belichick\u2026 continua sendo um retorno \u00e0 NFL\u201d.<\/p>\n<p>V\u00e1rios times da NFL j\u00e1 demitiram seus treinadores nesta temporada, como Chicago Bears (Matt Eberflus), New Orleans Saints (Dennis Allen) e New York Jets (Robert Saleh). No entanto, a quest\u00e3o permanece: ser\u00e1 que Belichick vai querer ingressar em uma dessas franquias em dificuldades? E ser\u00e1 que essas franquias em dificuldades v\u00e3o querer contratar Belichick e suas demandas potenciais? <\/p>\n<p>Outras organiza\u00e7\u00f5es, como o Dallas Cowboys e o New York Giants, poderiam optar por abrir m\u00e3o de seus respectivos HCs, Mike McCarthy e Brian Daboll. Mas, se garantir a pr\u00f3xima posi\u00e7\u00e3o de treinador de seu filho for uma prioridade, Belichick poder\u00e1, em \u00faltima inst\u00e2ncia, mudar para a faculdade. <\/p>\n<div class=\"m-block m-generic-cta\t m-generic-cta--post-content\t m-generic-cta--dark\t m-generic-cta--homepage\t m-generic-cta--email-signup\t\t m-generic-cta-block-style--default \tt-amp__generic-cta\"><\/p>\n<div class=\"m-generic-cta__wrap\">\n<div class=\"m-generic-cta__content\">\n<h3 class=\"m-generic-cta__title\">Inscreva-se para receber atualiza\u00e7\u00f5es do Patriots\ud83c\udfc8<\/h3>\n<p class=\"m-generic-cta__subtitle\">Receba as \u00faltimas not\u00edcias e an\u00e1lises em sua caixa de entrada durante a temporada de futebol.<\/p>\n<\/p><\/div>\n<\/p><\/div>\n<\/div><\/div>\n<p><script async src=\"\/\/platform.twitter.com\/widgets.js\" charset=\"utf-8\"><\/script><script>\n\t\tvar consent=\"grant\";\n\t\t\/* The above code is parsing the JSON data from the local storage and storing it in a variable. *\/\n\t\t\t\t\tconst onetrustStorageConsent = JSON.parse(localStorage.getItem( 'consent_one_trust_bdc' ) );\n\t\t\tif ( ( onetrustStorageConsent !== null ) ) {\n\t\t\t\t\/* Checking to see if the user has consented to the use of cookies.\n\t\t\t\t* If they have not, it is deleting the cookie.\n\t\t\t\t* This will comment for now, until further notice.\n\t\t\t\t*\/\n\t\t\t\t\/\/if ( onetrustStorageConsent.C0002 === false ) {\n\t\t\t\t\/\/\tdocument.cookie=\"_fbp=;expires=Thu, 01 Jan 2010 00:00:00 UTC; path=\/; domain=.boston.com\";\n\t\t\t\t\/\/}\n\t\t\t\t\/* Checking if the user has given consent for the cookie C0002.\n\t\t\t\t* If the user has given consent, the variable consent will be set to 'grant'.\n\t\t\t\t* If the user has not given consent,the variable consent will be set to 'revoke'.\n\t\t\t\t* Documentation https:\/\/developers.facebook.com\/docs\/meta-pixel\/implementation\/gdpr\n\t\t\t\t*\/\n\t\t\t\tif ( onetrustStorageConsent.C0002 !== true ) {\n\t\t\t\t\tconsent=\"revoke\";\n\t\t\t\t}\n\t\t\t}\n\t\t\t\t!function(f,b,e,v,n,t,s)\n\t\t{if(f.fbq)return;n=f.fbq=function(){n.callMethod?\n\t\tn.callMethod.apply(n,arguments):n.queue.push(arguments)};\n\t\tif(!f._fbq)f._fbq=n;n.push=n;n.loaded=!0;n.version='2.0';\n\t\tn.queue=[];t=b.createElement(e);t.async=!0;\n\t\tt.src=v;s=b.getElementsByTagName(e)[0];\n\t\ts.parentNode.insertBefore(t,s)}(window, document,'script',\n\t\t'https:\/\/connect.facebook.net\/en_US\/fbevents.js');\n\t\tfbq('consent', consent);\n\t\tfbq('init', '989222871864976');\n\t\tfbq('track', 'PageView');\n\t<\/script><script type=\"module\">\n\t\tvar consent=\"grant\";\n\t\t\/* The above code is parsing the JSON data from the local storage and storing it in a variable. *\/\n\t\t\tconst onetrustStorageConsent = JSON.parse(localStorage.getItem( 'consent_one_trust_bdc' ) );\n\t\t\t\/* Checking to see if the user has consented to the use of cookies.\n\t\t\t* If they have not, it is deleting the cookie.\n\t\t\t* This will comment for now, until further notice.\n\t\t\t*\/\n\t\t\t\/\/if ( onetrustStorageConsent.C0002 === false ) {\n\t\t\t\/\/\tdocument.cookie=\"_fbp=;expires=Thu, 01 Jan 2010 00:00:00 UTC; path=\/; domain=.boston.com\";\n\t\t\t\/\/}\n\t\t\t\/* Checking if the user has given consent for the cookie C0002.\n\t\t\t* If the user has given consent, the variable consent will be set to 'grant'.\n\t\t\t* If the user has not given consent,the variable consent will be set to 'revoke'.\n\t\t\t* Documentation https:\/\/developers.facebook.com\/docs\/meta-pixel\/implementation\/gdpr\n\t\t\t*\/\n\t\t\tif ( ( onetrustStorageConsent !== null ) && (onetrustStorageConsent.C0002 !== true ) ) {\n\t\t\t\tconsent=\"revoke\";\n\t\t\t}\n\t\t\t\t!function(f,b,e,v,n,t,s){if(f.fbq)return;n=f.fbq=function()\n\t\t{n.callMethod? n.callMethod.apply(n,arguments):n.queue.push(arguments)}\n\t\t;if(!f._fbq)f._fbq=n;\n\t\tn.push=n;n.loaded=!0;n.version='2.0';n.queue=[];t=b.createElement(e);t.async=!0;\n\t\tt.src=v;s=b.getElementsByTagName(e)[0];s.parentNode.insertBefore(t,s)}(window,\n\t\tdocument,'script','https:\/\/connect.facebook.net\/en_US\/fbevents.js');\n\t\tfbq('consent', consent);\n\t\tfbq('init', '813236348753005');\n\t\tfbq('track', \"PageView\");\n\t<\/script><br \/>\n<br \/><br \/>\n<br \/><a href=\"https:\/\/www.boston.com\/sports\/college-sports\/2024\/12\/06\/bill-belichick-university-of-north-carolina-head-coach-interview-reports\/\">Source link <\/a><\/p>","protected":false},"excerpt":{"rendered":"<p>Esportes universit\u00e1rios Se for contratado pela Universidade da Carolina do Norte, o Belichick mais velho supostamente quer uma \u201cgarantia\u201d de que seu filho ser\u00e1 seu herdeiro no programa. Bill Belichick&hellip;<\/p>","protected":false},"author":1,"featured_media":72211,"comment_status":"closed","ping_status":"open","sticky":false,"template":"","format":"standard","meta":{"content-type":"","footnotes":""},"categories":[1],"tags":[],"class_list":["post-72210","post","type-post","status-publish","format-standard","has-post-thumbnail","hentry","category-uncategorized"],"_links":{"self":[{"href":"https:\/\/tvbrazilusa.com\/pt\/wp-json\/wp\/v2\/posts\/72210","targetHints":{"allow":["GET"]}}],"collection":[{"href":"https:\/\/tvbrazilusa.com\/pt\/wp-json\/wp\/v2\/posts"}],"about":[{"href":"https:\/\/tvbrazilusa.com\/pt\/wp-json\/wp\/v2\/types\/post"}],"author":[{"embeddable":true,"href":"https:\/\/tvbrazilusa.com\/pt\/wp-json\/wp\/v2\/users\/1"}],"replies":[{"embeddable":true,"href":"https:\/\/tvbrazilusa.com\/pt\/wp-json\/wp\/v2\/comments?post=72210"}],"version-history":[{"count":1,"href":"https:\/\/tvbrazilusa.com\/pt\/wp-json\/wp\/v2\/posts\/72210\/revisions"}],"predecessor-version":[{"id":72212,"href":"https:\/\/tvbrazilusa.com\/pt\/wp-json\/wp\/v2\/posts\/72210\/revisions\/72212"}],"wp:featuredmedia":[{"embeddable":true,"href":"https:\/\/tvbrazilusa.com\/pt\/wp-json\/wp\/v2\/media\/72211"}],"wp:attachment":[{"href":"https:\/\/tvbrazilusa.com\/pt\/wp-json\/wp\/v2\/media?parent=72210"}],"wp:term":[{"taxonomy":"category","embeddable":true,"href":"https:\/\/tvbrazilusa.com\/pt\/wp-json\/wp\/v2\/categories?post=72210"},{"taxonomy":"post_tag","embeddable":true,"href":"https:\/\/tvbrazilusa.com\/pt\/wp-json\/wp\/v2\/tags?post=72210"}],"curies":[{"name":"wp","href":"https:\/\/api.w.org\/{rel}","templated":true}]}}