{"id":72213,"date":"2024-12-07T00:50:33","date_gmt":"2024-12-07T00:50:33","guid":{"rendered":"https:\/\/tvbrazilusa.com\/2024\/12\/07\/pcc-movimenta-mais-de-bilhao-por-ano-afirma-promotor-veja-quanto\/"},"modified":"2024-12-07T00:50:35","modified_gmt":"2024-12-07T00:50:35","slug":"pcc-movimenta-mais-de-bilhao-por-ano-afirma-promotor-veja-quanto","status":"publish","type":"post","link":"https:\/\/tvbrazilusa.com\/pt\/2024\/12\/07\/pcc-movimenta-mais-de-bilhao-por-ano-afirma-promotor-veja-quanto\/","title":{"rendered":"PCC movimenta mais de bilh\u00e3o por ano, afirma promotor; VEJA QUANTO"},"content":{"rendered":"<p> <script async src=\"https:\/\/pagead2.googlesyndication.com\/pagead\/js\/adsbygoogle.js?client=ca-pub-8864793242727901\"\r\n     crossorigin=\"anonymous\"><\/script><br \/>\n<\/p>\n<div>\n<figure class=\"post-image\">\n<\/figure>\n<p>            <span style=\"font-size: 12px\">Reprodu\u00e7\u00e3o<\/span><\/p>\n<p>            <!-- end metas --><br \/>\n            <!-- ADS --><\/p>\n<div id=\"taboola-read-more\" style=\"display:block; width:100%\">\n<p>O PCC (Primeiro Comando da Capital) movimenta cerca de US$ 1 bilh\u00e3o (R$ 6 bilh\u00f5es na cota\u00e7\u00e3o atual) por ano com suas atividades criminosa. \u00c9 o que diz Lincoln Gakiya, promotor de Justi\u00e7a do Minist\u00e9rio P\u00fablico de S\u00e3o Paulo. Segundo ele, a fac\u00e7\u00e3o criminosa se baseia no tr\u00e1fico internacional e em atividades de lavagem de dinheiro para construir o montante.\n<\/p>\n<p>Em entrevista \u00e0 CNN Brasil, Gakiya tamb\u00e9m afirma que o PCC conta com at\u00e9 40.000 integrantes espalhados por todos os Estados brasileiros, al\u00e9m de estar presente em 26 pa\u00edses. \u201cIsso continua em fase de investiga\u00e7\u00e3o, mas a gente estima que um bilh\u00e3o de d\u00f3lares por ano seja movimentado. Isso n\u00e3o contabilizando o que as pessoas f\u00edsicas, os s\u00f3cios ou integrantes da c\u00fapula, que tamb\u00e9m fazem uma lavagem de dinheiro muito importante, est\u00e3o movimentando\u201d, afirmou.<\/p>\n<p>Ao somar os or\u00e7amentos previstos para seguran\u00e7a p\u00fablica das cidades de S\u00e3o Paulo e Rio de Janeiro, chega-se a R$ 2,2 bilh\u00f5es, valor inferior ao movimentado pelo crime organizado.\n<\/p>\n<p>Em rela\u00e7\u00e3o ao or\u00e7amento ministerial do governo para 2025, o n\u00famero anual apontado pelo promotor supera 31 \u00f3rg\u00e3os federais\n<\/p>\n<p>Fonte: Poder 360              <\/p>\n<\/div>\n<p>                        <!-- Scripts para conteudo --><\/p>\n<p>            <!-- .\/Scripts para conteudo --><br \/>\n            <!-- .\/Mat\u00e9ria --><\/p>\n<div class=\"row mt-3\">\n<div class=\"col-sm-6\">\n                <!-- Whatsapp channel 3--><br \/>\n                <a href=\"https:\/\/chat.whatsapp.com\/J6hwSKYns5B0XFowx2wZ0P\" target=\"_blank\"><br \/>\n                  <img decoding=\"async\" src=\"https:\/\/diariodobrasilnoticias.com.br\/assets-site\/images\/bot_whatsapp.png\"\/><\/a>\n              <\/div>\n<div class=\"col-sm-6\">\n                <a href=\"https:\/\/t.me\/+_4gTmi5LKo03OTM5\" target=\"_blank\"><br \/>\n                  <img decoding=\"async\" src=\"https:\/\/diariodobrasilnoticias.com.br\/assets-site\/images\/bot_telegram.png\"\/><\/a>\n              <\/div>\n<\/p><\/div>\n<p>            <!-- end post-navigation --><\/p>\n<p>              <!-- end row --><\/p>\n<p>              <!-- end col-12-->\n                      <\/div>\n<p><br \/>\n<br \/><a href=\"https:\/\/diariodobrasilnoticias.com.br\/noticia\/pcc-movimenta-mais-de-bilhao-por-ano-afirma-promotor-veja-quanto-67537d17b1071\">Source link <\/a><\/p>","protected":false},"excerpt":{"rendered":"<p>Reprodu\u00e7\u00e3o O PCC (Primeiro Comando da Capital) movimenta cerca de US$ 1 bilh\u00e3o (R$ 6 bilh\u00f5es na cota\u00e7\u00e3o atual) por ano com suas atividades criminosa. \u00c9 o que diz Lincoln&hellip;<\/p>","protected":false},"author":1,"featured_media":72214,"comment_status":"closed","ping_status":"open","sticky":false,"template":"","format":"standard","meta":{"content-type":"","footnotes":""},"categories":[16],"tags":[123,2448,5313,1267],"class_list":["post-72213","post","type-post","status-publish","format-standard","has-post-thumbnail","hentry","category-noticias","tag-brasil","tag-diario","tag-noticia","tag-noticias"],"_links":{"self":[{"href":"https:\/\/tvbrazilusa.com\/pt\/wp-json\/wp\/v2\/posts\/72213","targetHints":{"allow":["GET"]}}],"collection":[{"href":"https:\/\/tvbrazilusa.com\/pt\/wp-json\/wp\/v2\/posts"}],"about":[{"href":"https:\/\/tvbrazilusa.com\/pt\/wp-json\/wp\/v2\/types\/post"}],"author":[{"embeddable":true,"href":"https:\/\/tvbrazilusa.com\/pt\/wp-json\/wp\/v2\/users\/1"}],"replies":[{"embeddable":true,"href":"https:\/\/tvbrazilusa.com\/pt\/wp-json\/wp\/v2\/comments?post=72213"}],"version-history":[{"count":1,"href":"https:\/\/tvbrazilusa.com\/pt\/wp-json\/wp\/v2\/posts\/72213\/revisions"}],"predecessor-version":[{"id":72215,"href":"https:\/\/tvbrazilusa.com\/pt\/wp-json\/wp\/v2\/posts\/72213\/revisions\/72215"}],"wp:featuredmedia":[{"embeddable":true,"href":"https:\/\/tvbrazilusa.com\/pt\/wp-json\/wp\/v2\/media\/72214"}],"wp:attachment":[{"href":"https:\/\/tvbrazilusa.com\/pt\/wp-json\/wp\/v2\/media?parent=72213"}],"wp:term":[{"taxonomy":"category","embeddable":true,"href":"https:\/\/tvbrazilusa.com\/pt\/wp-json\/wp\/v2\/categories?post=72213"},{"taxonomy":"post_tag","embeddable":true,"href":"https:\/\/tvbrazilusa.com\/pt\/wp-json\/wp\/v2\/tags?post=72213"}],"curies":[{"name":"wp","href":"https:\/\/api.w.org\/{rel}","templated":true}]}}