{"id":72225,"date":"2024-12-07T01:20:51","date_gmt":"2024-12-07T01:20:51","guid":{"rendered":"https:\/\/tvbrazilusa.com\/2024\/12\/07\/deveria-estar-preso-afirma-deputado-sobre-prefeito-que-auxiliou-o-mst-na-invasao-de-terra-no-rs\/"},"modified":"2024-12-07T01:20:52","modified_gmt":"2024-12-07T01:20:52","slug":"deveria-estar-preso-afirma-deputado-sobre-prefeito-que-auxiliou-o-mst-na-invasao-de-terra-no-rs","status":"publish","type":"post","link":"https:\/\/tvbrazilusa.com\/pt\/2024\/12\/07\/deveria-estar-preso-afirma-deputado-sobre-prefeito-que-auxiliou-o-mst-na-invasao-de-terra-no-rs\/","title":{"rendered":"&#8216;Deveria estar preso&#8217;, afirma deputado sobre prefeito que auxiliou o MST na invas\u00e3o de terra no RS"},"content":{"rendered":"<p> <script async src=\"https:\/\/pagead2.googlesyndication.com\/pagead\/js\/adsbygoogle.js?client=ca-pub-8864793242727901\"\r\n     crossorigin=\"anonymous\"><\/script><br \/>\n<\/p>\n<div id=\"taboola-read-more\" style=\"display:block; width:100%\">\n<p>O deputado estadual Capit\u00e3o Martim (Republicanos\/RS) disse nesta sexta-feira, 6, que o prefeito de Pedras Altas, Jos\u00e9 Volnei (PT), deveria estar preso. Nas redes sociais, Volnei admite ter mobilizado maquin\u00e1rio p\u00fablico para apoiar uma invas\u00e3o do Movimento Sem Terra (MST) a propriedades no sul ga\u00facho.\n<\/p>\n<p>\u201cNa ter\u00e7a-feira, produtores rurais da regi\u00e3o me ligaram avisando que integrantes do MST invadiram duas fazendas por volta das 7h. Imediatamente comuniquei a Secretaria de Seguran\u00e7a P\u00fablica do Rio Grande do Sul e peguei a estrada rumo a Pedras Altas\u201d, conta o parlamentar.<\/p>\n<p>Tratores e caixas d\u2019\u00e1gua para o MST<br \/>Conforme descreve o deputado, havia mais de 350 invasores, distribu\u00eddos em duas propriedades. \u201cUma dessas fazendas, a Santa Ang\u00e9lica, al\u00e9m de hist\u00f3rica, \u00e9 constantemente premiada pela qualidade da sua produ\u00e7\u00e3o\u201d, explica o deputado.\n<\/p>\n<p>Imagens do local da invas\u00e3o mostram ve\u00edculos que seriam propriedade da Prefeitura, al\u00e9m de equipamentos e duas caixas d \u2018\u00e1gua para 10 mil litros cada. Depois da chegada da Pol\u00edcia Militar, os invasores deixaram as propriedades, mas permaneceram nas vias p\u00fablicas pr\u00f3ximas \u00e0s fazendas.\n<\/p>\n<p>O deputado conta que foi \u00e0 Prefeitura questionar o petista, de quem ouviu: \u201cFiz minha fun\u00e7\u00e3o como gestor\u201d. De acordo com o parlamentar, o prefeito cometeu crime de improbidade administrativa. \u201cJ\u00e1 encaminhei todo processo ao Minist\u00e9rio P\u00fablico e ao Tribunal de Contas. Afinal, est\u00e3o usando dinheiro do povo para financiar atitudes criminosas\u201d.\n<\/p>\n<p>Na quinta-feira 5, depois de uma assembleia com mais de 300 produtores rurais em Pedras Altas, acrescenta o deputado, os invasores se sentiram pressionados e desmontaram o acampamento. De acordo com Capit\u00e3o Martim, o atual prefeito \u00e9 um ex-membro do MST e, por essa raz\u00e3o, estaria apoiando as invas\u00f5es.\n<\/p>\n<p>\u201cInfelizmente, isso ainda \u00e9 um problema recorrente no Rio Grande do Sul. Esse tipo de pol\u00edtico se sente protegido pela nossa justi\u00e7a e age desta forma, sem qualquer respeito com o bem alheio\u201d, afirmou o deputado.\n<\/p>\n<p>Em seu perfil no Twitter\/X, ele denuncia nesta sexta-feira, por exemplo, um movimento na Assembleia Legislativa para homenagear o l\u00edder do MST, Jo\u00e3o Pedro St\u00e9dile, com uma das mais importantes honrarias ga\u00fachas. \u201cRepudiamos essa homenagem a uma pessoa conhecida por t\u00e1ticas criminosas. \u00c9 um desrespeito aos ga\u00fachos\u201d.\n<\/p>\n<p>Fonte: Revista Oeste              <\/p>\n<\/div>\n<p><br \/>\n<br \/><a href=\"https:\/\/diariodobrasilnoticias.com.br\/noticia\/-deveria-estar-preso-afirma-deputado-sobre-prefeito-que-auxiliou-o-mst-na-invasao-de-terra-no-rs-675383d6387b1\">Source link <\/a><\/p>","protected":false},"excerpt":{"rendered":"<p>O deputado estadual Capit\u00e3o Martim (Republicanos\/RS) disse nesta sexta-feira, 6, que o prefeito de Pedras Altas, Jos\u00e9 Volnei (PT), deveria estar preso. Nas redes sociais, Volnei admite ter mobilizado maquin\u00e1rio&hellip;<\/p>","protected":false},"author":1,"featured_media":72226,"comment_status":"closed","ping_status":"open","sticky":false,"template":"","format":"standard","meta":{"content-type":"","footnotes":""},"categories":[16],"tags":[123,2448,5313,1267],"class_list":["post-72225","post","type-post","status-publish","format-standard","has-post-thumbnail","hentry","category-noticias","tag-brasil","tag-diario","tag-noticia","tag-noticias"],"_links":{"self":[{"href":"https:\/\/tvbrazilusa.com\/pt\/wp-json\/wp\/v2\/posts\/72225","targetHints":{"allow":["GET"]}}],"collection":[{"href":"https:\/\/tvbrazilusa.com\/pt\/wp-json\/wp\/v2\/posts"}],"about":[{"href":"https:\/\/tvbrazilusa.com\/pt\/wp-json\/wp\/v2\/types\/post"}],"author":[{"embeddable":true,"href":"https:\/\/tvbrazilusa.com\/pt\/wp-json\/wp\/v2\/users\/1"}],"replies":[{"embeddable":true,"href":"https:\/\/tvbrazilusa.com\/pt\/wp-json\/wp\/v2\/comments?post=72225"}],"version-history":[{"count":1,"href":"https:\/\/tvbrazilusa.com\/pt\/wp-json\/wp\/v2\/posts\/72225\/revisions"}],"predecessor-version":[{"id":72227,"href":"https:\/\/tvbrazilusa.com\/pt\/wp-json\/wp\/v2\/posts\/72225\/revisions\/72227"}],"wp:featuredmedia":[{"embeddable":true,"href":"https:\/\/tvbrazilusa.com\/pt\/wp-json\/wp\/v2\/media\/72226"}],"wp:attachment":[{"href":"https:\/\/tvbrazilusa.com\/pt\/wp-json\/wp\/v2\/media?parent=72225"}],"wp:term":[{"taxonomy":"category","embeddable":true,"href":"https:\/\/tvbrazilusa.com\/pt\/wp-json\/wp\/v2\/categories?post=72225"},{"taxonomy":"post_tag","embeddable":true,"href":"https:\/\/tvbrazilusa.com\/pt\/wp-json\/wp\/v2\/tags?post=72225"}],"curies":[{"name":"wp","href":"https:\/\/api.w.org\/{rel}","templated":true}]}}